{"id":8133,"date":"2017-03-30T11:21:15","date_gmt":"2017-03-30T14:21:15","guid":{"rendered":"http:\/\/webvasco.com\/artigos\/?p=8133"},"modified":"2017-03-30T11:28:51","modified_gmt":"2017-03-30T14:28:51","slug":"vasco-o-autntico-time-do-povo-2","status":"publish","type":"post","link":"https:\/\/webvasco.com\/artigos\/colunistas\/marcus-simonini\/vasco-o-autntico-time-do-povo-2\/","title":{"rendered":"VASCO, O AUT&Ecirc;NTICO TIME DO POVO!"},"content":{"rendered":"<div>\n<div id=\"divtagdefaultwrapper\" style=\"font-size:12pt;color:#000000;font-family:Calibri,Arial,Helvetica,sans-serif;\" dir=\"ltr\">\n<p style=\"text-align: center; \">\n<div>  <\/div>\n<div>\n<p><img decoding=\"async\" style=\"user-select: none;\" src=\"http:\/\/incondicionalmentevasco.files.wordpress.com\/2012\/08\/vasco1923.jpg\"\/><\/p>\n<\/p><\/div>\n<div>  <\/div>\n<div>  <\/div>\n<div>  <\/div>\n<div style=\"text-align: left;\">\n<p style=\"margin-right: 0px; margin-bottom: 24px; margin-left: 0px; color: rgb(61, 89, 109); font-family: &quot;Noto Serif&quot;, Georgia, &quot;Times New Roman&quot;, Times, serif; font-size: 15px;\">  <strong>A VERDADE LIBERTA E DEVE SER DITA AT\u00c9 QUE SEJA COMPREENDIDA E ABRA\u00c7ADA.<\/strong><\/p>\n<p style=\"margin-right: 0px; margin-bottom: 24px; margin-left: 0px; color: rgb(61, 89, 109); font-family: &quot;Noto Serif&quot;, Georgia, &quot;Times New Roman&quot;, Times, serif; font-size: 15px;\">  <strong>COMPARTILHE NAS REDES SOCIAIS:<\/strong><\/p>\n<p style=\"margin-right: 0px; margin-bottom: 24px; margin-left: 0px; color: rgb(61, 89, 109); font-family: &quot;Noto Serif&quot;, Georgia, &quot;Times New Roman&quot;, Times, serif; font-size: 15px;\">  <em><strong>&quot;O Flamengo podia ter um preto no atletismo, no basquete, no&nbsp;<\/strong><\/em><strong>water-polo<em>, no remo. Assistia-se a uma regata de longe, do pavilh\u00e3o da praia de Botafogo, da amurada da Avenida Beira-Mar, de uma barca. N\u00e3o se via direito o   remador, via-se o barco, os remos. Os remadores, numa regata, viravam uns barcos, uns remos. Num&nbsp;<\/em>match<em>&nbsp;de futebol via-se o jogador em&nbsp;<\/em>close-up<em>. Batalha, Pena e H\u00e9lcio, Mamede, Seabra e Dino, Newton, Candiota, Non\u00f4, Vadinho e Moderato. O Flamengo   n\u00e3o podia ter nenhum preto em futebol. Em futebol precisava ser branco, t\u00e3o branco como o Fluminense. N\u00e3o era de admirar, portanto, que quando gente do Flamengo e do Fluminense se juntava para formar um escrete carioca, o escrete sa\u00edsse todo branco, do qu\u00edper   ao extrema-esquerda&quot;.&nbsp;<\/em><em>(trecho de &quot;O Negro no Futebol Brasileiro&quot;, de Mario Filho)<\/em><\/strong><\/p>\n<p style=\"margin-right: 0px; margin-bottom: 24px; margin-left: 0px; color: rgb(61, 89, 109); font-family: &quot;Noto Serif&quot;, Georgia, &quot;Times New Roman&quot;, Times, serif; font-size: 15px;\">  O primeiro clube brasileiro a aceitar um jogador negro foi o Bangu, no in\u00edcio do s\u00e9culo passado. Mas foi no&nbsp;<strong>VASCO DA GAMA<\/strong>&nbsp;<strong>que surgiu o primeiro time racialmente misto. E aonde surgiu a primeira rea\u00e7\u00e3o contra o racismo no futebol, a   \u201cResposta Hist\u00f3rica\u201d<\/strong>, que neste dia 7 de abril completa 90 anos. Em 1924, uma liga fundada pelos cinco times mais influentes da \u00e9poca \u2013&nbsp;<strong>Fluminense, Flamengo, Botafogo, Am\u00e9rica e Bangu<\/strong>&nbsp;\u2013 exigiu que o Vasco se desfizesse de 12 jogadores   negros, mulatos, nordestinos ou pobres. A tal liga, chamada de AMEA (Associa\u00e7\u00e3o Metropolitana de Esportes Atl\u00e9ticos) alegava que os atletas tinham \u201cprofiss\u00e3o duvidosa\u201d. A \u201cResposta Hist\u00f3rica\u201d foi enviada \u00e0 liga como forma de recusa \u00e0 exig\u00eancia da AMEA. O Vasco,   ent\u00e3o, se manteve na enfraquecida LMDT (Liga Metropolitana de Desportos Terrestres) e se sagrou campe\u00e3o com 16 vit\u00f3rias em 16 jogos. No ano seguinte, o clube da Colina foi admitido na AMEA com os jogadores cujo talento dentro de campo estava em primeiro lugar.   Uma reprodu\u00e7\u00e3o do documento est\u00e1 exposto na Sala de Trof\u00e9us de S\u00e3o Janu\u00e1rio. Acima, um lembrete: \u201cSem o Vasco, o futebol brasileiro n\u00e3o teria conhecido Pel\u00e9\u201d.<\/p>\n<p style=\"margin-right: 0px; margin-bottom: 24px; margin-left: 0px; color: rgb(61, 89, 109); font-family: &quot;Noto Serif&quot;, Georgia, &quot;Times New Roman&quot;, Times, serif; font-size: 15px;\">  <strong>&nbsp;<\/strong><\/p>\n<p data-mce-style=\"text-align: center;\" style=\"margin-right: 0px; margin-bottom: 24px; margin-left: 0px; color: rgb(61, 89, 109); font-family: &quot;Noto Serif&quot;, Georgia, &quot;Times New Roman&quot;, Times, serif; font-size: 15px; text-align: center;\">  <strong>RESPOSTA HIST\u00d3RICA<\/strong><\/p>\n<p style=\"margin-right: 0px; margin-bottom: 24px; margin-left: 0px; color: rgb(61, 89, 109); font-family: &quot;Noto Serif&quot;, Georgia, &quot;Times New Roman&quot;, Times, serif; font-size: 15px;\">  <em><strong>Rio de Janeiro, 7 de Abril de 1924.&nbsp;<\/strong><\/em><strong><em><\/em><em>Of\u00edcio nr. 261&nbsp;<\/em><em>Exmo. Sr. Dr. Arnaldo Guinle&nbsp;<\/em><em>M.D. Presidente da Associa\u00e7\u00e3o Metropolitana de Esportes Atl\u00e9ticos&nbsp;<\/em><em>As resolu\u00e7\u00f5es divulgadas hoje pela imprensa,   tomadas em reuni\u00e3o de ontem pelos altos poderes da Associa\u00e7\u00e3o a que V.Exa t\u00e3o dignamente preside, colocam o Club de Regatas Vasco da Gama numa tal situa\u00e7\u00e3o de inferioridade, que absolutamente n\u00e3o pode ser justificada nem pela defici\u00eancia do nosso campo, nem   pela simplicidade da nossa sede, nem pela condi\u00e7\u00e3o modesta de grande n\u00famero dos nossos associados.<\/em><\/strong><\/p>\n<p style=\"margin-right: 0px; margin-bottom: 24px; margin-left: 0px; color: rgb(61, 89, 109); font-family: &quot;Noto Serif&quot;, Georgia, &quot;Times New Roman&quot;, Times, serif; font-size: 15px;\">  <strong><em>Os privil\u00e9gios concedidos aos cinco clubes fundadores da AMEA e a forma por que ser\u00e1 exercido o direito de discuss\u00e3o e voto, e feitas as futuras classifica\u00e7\u00f5es, obrigam-nos a lavrar o nosso protesto contra as citadas resolu\u00e7\u00f5es.<\/em><\/strong><\/p>\n<p style=\"margin-right: 0px; margin-bottom: 24px; margin-left: 0px; color: rgb(61, 89, 109); font-family: &quot;Noto Serif&quot;, Georgia, &quot;Times New Roman&quot;, Times, serif; font-size: 15px;\">  <strong><em>Quanto \u00e0 condi\u00e7\u00e3o de eliminarmos doze (12) dos nossos jogadores das nossas equipes, resolve por unanimidade a diretoria do Club de Regatas Vasco da Gama n\u00e3o a dever aceitar, por n\u00e3o se conformar com o processo por que foi feita a investiga\u00e7\u00e3o das   posi\u00e7\u00f5es sociais desses nossos cons\u00f3cios, investiga\u00e7\u00f5es levadas a um tribunal onde n\u00e3o tiveram nem representa\u00e7\u00e3o nem defesa.<\/em><\/strong><\/p>\n<p style=\"margin-right: 0px; margin-bottom: 24px; margin-left: 0px; color: rgb(61, 89, 109); font-family: &quot;Noto Serif&quot;, Georgia, &quot;Times New Roman&quot;, Times, serif; font-size: 15px;\">  <strong><em>Estamos certos que V. Exa. ser\u00e1 o primeiro a reconhecer que seria um ato pouco digno da nossa parte sacrificar ao desejo de filiar-se \u00e0 AMEA alguns dos que lutaram para que tiv\u00e9ssemos entre outras vit\u00f3rias a do campeonato de futebol da cidade do   Rio de Janeiro de 1923.<\/em><\/strong><\/p>\n<p style=\"margin-right: 0px; margin-bottom: 24px; margin-left: 0px; color: rgb(61, 89, 109); font-family: &quot;Noto Serif&quot;, Georgia, &quot;Times New Roman&quot;, Times, serif; font-size: 15px;\">  <strong><em>S\u00e3o esses doze jogadores jovens, quase todos brasileiros, no come\u00e7o de sua carreira e o ato p\u00fablico que os pode macular nunca ser\u00e1 praticado com a solidariedade dos que dirigem a casa que os acolheu, nem sob o pavilh\u00e3o que eles, com tanta galhardia,   cobriram de gl\u00f3rias.<\/em><\/strong><\/p>\n<p style=\"margin-right: 0px; margin-bottom: 24px; margin-left: 0px; color: rgb(61, 89, 109); font-family: &quot;Noto Serif&quot;, Georgia, &quot;Times New Roman&quot;, Times, serif; font-size: 15px;\">  <strong><em>Nestes termos, sentimos ter que comunicar a V.Exa. que desistimos de fazer parte da AMEA.<\/em><\/strong><\/p>\n<p style=\"margin-right: 0px; margin-bottom: 24px; margin-left: 0px; color: rgb(61, 89, 109); font-family: &quot;Noto Serif&quot;, Georgia, &quot;Times New Roman&quot;, Times, serif; font-size: 15px;\">  <strong><em>Queira V.Exa. aceitar os protestos de considera\u00e7\u00e3o e estima de quem tem a honra de se subscrever, de V.Exa.<\/em><\/strong><\/p>\n<p style=\"margin-right: 0px; margin-bottom: 24px; margin-left: 0px; color: rgb(61, 89, 109); font-family: &quot;Noto Serif&quot;, Georgia, &quot;Times New Roman&quot;, Times, serif; font-size: 15px;\">  <strong><em><\/em><em>At. Vnr. Obrigado&nbsp;<\/em><em>(a)<\/em><\/strong><\/p>\n<p style=\"margin-right: 0px; margin-bottom: 24px; margin-left: 0px; color: rgb(61, 89, 109); font-family: &quot;Noto Serif&quot;, Georgia, &quot;Times New Roman&quot;, Times, serif; font-size: 15px;\">  <strong><em><\/em><em>Dr. Jos\u00e9 Augusto Prestes&nbsp;<\/em><em>Presidente<\/em><\/strong><\/p>\n<p style=\"margin-right: 0px; margin-bottom: 24px; margin-left: 0px; color: rgb(61, 89, 109); font-family: &quot;Noto Serif&quot;, Georgia, &quot;Times New Roman&quot;, Times, serif; font-size: 15px;\">\n<p><img decoding=\"async\" src=\"http:\/\/incondicionalmentevasco.files.wordpress.com\/2013\/12\/homenagem-do-club-de-regatas-vasco-da-gama-a-nelson-mandela-c3adcone-mundial-da-luta-contra-o-racismo.jpg\"\/><\/p>\n<\/p>\n<p style=\"margin-right: 0px; margin-bottom: 24px; margin-left: 0px; color: rgb(61, 89, 109); font-family: &quot;Noto Serif&quot;, Georgia, &quot;Times New Roman&quot;, Times, serif; font-size: 15px;\">  <strong><br \/>  <\/strong><\/p>\n<p style=\"margin-right: 0px; margin-bottom: 24px; margin-left: 0px; color: rgb(61, 89, 109); font-family: &quot;Noto Serif&quot;, Georgia, &quot;Times New Roman&quot;, Times, serif; font-size: 15px;\">  <strong>COMENT\u00c1RIO DO COLUNISTA WEBVASCO:<\/strong><\/p>\n<p style=\"margin-right: 0px; margin-bottom: 24px; margin-left: 0px; color: rgb(61, 89, 109); font-family: &quot;Noto Serif&quot;, Georgia, &quot;Times New Roman&quot;, Times, serif; font-size: 15px;\">  <strong>&quot;Dia 7 de abril de 1924, o dia em que o Vasco disse n\u00e3o ao \u201capartheid\u201d no Futebol Brasileiro! Racismo n\u00e3o faz parte da nossa hist\u00f3ria!&quot; &#8211; frase de autoria de Marcus Simonini Ferreira, S\u00f3cio Propriet\u00e1rio do CRVG<\/strong><\/p>\n<p style=\"margin-right: 0px; margin-bottom: 24px; margin-left: 0px; color: rgb(61, 89, 109); font-family: &quot;Noto Serif&quot;, Georgia, &quot;Times New Roman&quot;, Times, serif; font-size: 15px;\">  <strong>\u201cO Vasco \u00e9 negro, \u00e9 branco, \u00e9 rico, \u00e9 pobre, \u00e9 diverso e complexo. O Vasco n\u00e3o \u00e9 singular, \u00e9 plural. Viva o revolucion\u00e1rio Vasco!\u201d , por Eduardo Thomaz Vasconcelos, S\u00f3cio do CRVG<\/strong><\/p>\n<p style=\"margin-right: 0px; margin-bottom: 24px; margin-left: 0px; color: rgb(61, 89, 109); font-family: &quot;Noto Serif&quot;, Georgia, &quot;Times New Roman&quot;, Times, serif; font-size: 15px;\">  A&nbsp;Hist\u00f3ria do Vasco, e o fato de ser considerado um clube simp\u00e1tico pela sua luta contra o racismo, deve ser&nbsp;divulgada, de forma incans\u00e1vel por todos os Vasca\u00ednos.&nbsp;<\/p>\n<p style=\"margin-right: 0px; margin-bottom: 24px; margin-left: 0px; color: rgb(61, 89, 109); font-family: &quot;Noto Serif&quot;, Georgia, &quot;Times New Roman&quot;, Times, serif; font-size: 15px;\">  A nossa hist\u00f3ria de luta contra o racismo \u00e9&nbsp;t\u00e3o forte, mas t\u00e3o&nbsp;forte que faz os mais jovens, mesmo flamenguistas ou torcedores dos outros times, lerem,&nbsp;gostarem e verem o Vasco com outros olhos.<\/p>\n<p style=\"margin-right: 0px; margin-bottom: 24px; margin-left: 0px; color: rgb(61, 89, 109); font-family: &quot;Noto Serif&quot;, Georgia, &quot;Times New Roman&quot;, Times, serif; font-size: 15px;\">  Num breve relato, uma estagi\u00e1ria aqui do meu trabalho, que se dizia flamenguista, mas n\u00e3o frequentava est\u00e1dios, portanto&nbsp;n\u00e3o ia aos jogos, ap\u00f3s&nbsp;trabalhar&nbsp;comigo, ler sobre o Vasco e conhecer&nbsp;sua luta contra o racismo, passou a torcer pelo Gigante da Colina,   mas com a convic\u00e7\u00e3o que antes n\u00e3o tinha pelo flamengo. Disse que sua escolha pelo Vasco era uma quest\u00e3o de origem e ideologia, mais at\u00e9 do que&nbsp;por resultados. Ela viu o lado populista do flamengo, ligado \u00e0 Globo (transforma a conquista de um simples e falido   Carioca, da FFERJ,&nbsp;num Mundial de Clubes), ligado \u00e0 malandragem, \u00e0 esperteza, ao jeitinho brasileiro, e&nbsp;sem \u00e9tica (&quot;ganhar roubado \u00e9 mais gostoso&quot;)&nbsp;e&nbsp;caiu fora! No fim do est\u00e1gio, e como presente de despedida eu dei a ela uma camisa do Vasco, feminina, e ela   chorou de emo\u00e7\u00e3o e&nbsp;alegria, pois disse que queria ter uma, e logo a colocou e foi embora vestida com ela&nbsp;feliz da vida.<\/p>\n<p style=\"margin-right: 0px; margin-bottom: 24px; margin-left: 0px; color: rgb(61, 89, 109); font-family: &quot;Noto Serif&quot;, Georgia, &quot;Times New Roman&quot;, Times, serif; font-size: 15px;\">  Um trabalho&nbsp;forte de marketing&nbsp;renderia muitos torcedores ao&nbsp;Vasco,&nbsp;dentre aqueles nas pesquisas que dizem n\u00e3o ter prefer\u00eancia por algum time, ou torcem sem uma convic\u00e7\u00e3o, s\u00f3 porque os parentes torcem (talvez guiados pela m\u00eddia manipuladora da opini\u00e3o p\u00fablica).<\/p>\n<p style=\"margin-right: 0px; margin-bottom: 24px; margin-left: 0px; color: rgb(61, 89, 109); font-family: &quot;Noto Serif&quot;, Georgia, &quot;Times New Roman&quot;, Times, serif; font-size: 15px;\">  <\/p>\n<p style=\"margin-right: 0px; margin-left: 0px; color: rgb(61, 89, 109); font-family: &quot;Noto Serif&quot;, Georgia, &quot;Times New Roman&quot;, Times, serif; font-size: 15px;\">  <b>A MISS\u00c3O PARA O TORCEDOR VASCA\u00cdNO: COMPARTILHE ESSE POST, MUITAS E MUITAS VEZES, SEMPRE!&nbsp;<\/b><\/p>\n<p style=\"margin-right: 0px; margin-left: 0px; color: rgb(61, 89, 109); font-family: &quot;Noto Serif&quot;, Georgia, &quot;Times New Roman&quot;, Times, serif; font-size: 15px;\">  <\/p>\n<p style=\"margin-right: 0px; margin-left: 0px; color: rgb(61, 89, 109); font-family: &quot;Noto Serif&quot;, Georgia, &quot;Times New Roman&quot;, Times, serif; font-size: 15px;\">  O VASCO \u00c9 O LEG\u00cdTIMO TIME DO POVO! Essa \u00e9 uma verdade que a m\u00eddia flamenguista&nbsp;tenta abafar e deturpar, e que eu n\u00e3o vi at\u00e9 agora nenhuma diretoria do Vasco dar sequ\u00eancia efetiva&nbsp;ao que foi realizado no in\u00edcio do Vasco da Gama, l\u00e1 em 1924, com a Resposta Hist\u00f3rica.   Se for feito um trabalho de formiguinha s\u00e9rio e bem coordenado de informa\u00e7\u00e3o em todas as classes sociais, o Vasco ganhar\u00e1 muitos torcedores\/admiradores e vai diminuir&nbsp;muito a rejei\u00e7\u00e3o de torcedores de outros times. Por este argumento, n\u00e3o tem como n\u00e3o&nbsp;respeitar   o Vasco! Eu j\u00e1 vi isso na pr\u00e1tica. Asseguro que d\u00e1 certo. O Vasco \u00e9 o verdadeiro Time do Povo, porque oriundo de imigrantes&nbsp;portugueses pobres, negros e mulatos oper\u00e1rios brasileiros, do bairro de&nbsp;S\u00e3o Crist\u00f3v\u00e3o.<\/p>\n<p>  <\/div>\n<div style=\"text-align: left;\">  <\/div>\n<div style=\"text-align: left;\">Marcus Simonini Ferreira<\/div>\n<div style=\"text-align: left;\">S\u00f3cio Propriet\u00e1rio CRVG, e&nbsp;Colunista WebVasco<\/div>\n<\/p>\n<p style=\"text-align: center; \">  <\/p>\n<\/p><\/div>\n<\/p><\/div>\n<p><\/p>\n","protected":false},"excerpt":{"rendered":"<p>A VERDADE LIBERTA E DEVE SER DITA AT\u00c9 QUE SEJA COMPREENDIDA E ABRA\u00c7ADA. COMPARTILHE NAS&#8230;<\/p>\n","protected":false},"author":8,"featured_media":8134,"comment_status":"open","ping_status":"closed","sticky":false,"template":"","format":"standard","meta":{"footnotes":""},"categories":[6],"tags":[],"class_list":["post-8133","post","type-post","status-publish","format-standard","has-post-thumbnail","hentry","category-marcus-simonini"],"_links":{"self":[{"href":"https:\/\/webvasco.com\/artigos\/wp-json\/wp\/v2\/posts\/8133","targetHints":{"allow":["GET"]}}],"collection":[{"href":"https:\/\/webvasco.com\/artigos\/wp-json\/wp\/v2\/posts"}],"about":[{"href":"https:\/\/webvasco.com\/artigos\/wp-json\/wp\/v2\/types\/post"}],"author":[{"embeddable":true,"href":"https:\/\/webvasco.com\/artigos\/wp-json\/wp\/v2\/users\/8"}],"replies":[{"embeddable":true,"href":"https:\/\/webvasco.com\/artigos\/wp-json\/wp\/v2\/comments?post=8133"}],"version-history":[{"count":0,"href":"https:\/\/webvasco.com\/artigos\/wp-json\/wp\/v2\/posts\/8133\/revisions"}],"wp:featuredmedia":[{"embeddable":true,"href":"https:\/\/webvasco.com\/artigos\/wp-json\/wp\/v2\/media\/8134"}],"wp:attachment":[{"href":"https:\/\/webvasco.com\/artigos\/wp-json\/wp\/v2\/media?parent=8133"}],"wp:term":[{"taxonomy":"category","embeddable":true,"href":"https:\/\/webvasco.com\/artigos\/wp-json\/wp\/v2\/categories?post=8133"},{"taxonomy":"post_tag","embeddable":true,"href":"https:\/\/webvasco.com\/artigos\/wp-json\/wp\/v2\/tags?post=8133"}],"curies":[{"name":"wp","href":"https:\/\/api.w.org\/{rel}","templated":true}]}}