{"id":8137,"date":"2017-03-30T12:52:28","date_gmt":"2017-03-30T15:52:28","guid":{"rendered":"http:\/\/webvasco.com\/artigos\/?p=8137"},"modified":"2017-03-30T12:57:02","modified_gmt":"2017-03-30T15:57:02","slug":"vasco-da-gama-el-pionero-del-so-janurio","status":"publish","type":"post","link":"https:\/\/webvasco.com\/artigos\/colunistas\/marcus-simonini\/vasco-da-gama-el-pionero-del-so-janurio\/","title":{"rendered":"Vasco da Gama, el pionero del S&atilde;o Janu&aacute;rio!"},"content":{"rendered":"<div>\n<div id=\"divtagdefaultwrapper\" style=\"font-size:12pt;color:#000000;font-family:Calibri,Arial,Helvetica,sans-serif;\" dir=\"ltr\">\n<div class=\"mceTemp\" style=\"color: rgb(61, 89, 109); font-family: &quot;Noto Serif&quot;, Georgia, &quot;Times New Roman&quot;, Times, serif; font-size: 15px;\">\n<dl id=\"attachment_2475\" class=\"wp-caption aligncenter\" data-mce-style=\"width: 606px;\" style=\"margin: 0px auto 16px; border: none; text-align: center; background: none; padding: 0px; -webkit-user-drag: none; box-sizing: border-box; max-width: 100%; width: 606px;\">\n<dt class=\"wp-caption-dt\" style=\"overflow: hidden; -webkit-user-drag: none;\"><a href=\"http:\/\/incondicionalmentevasco.files.wordpress.com\/2013\/06\/vasco_libertadores_20110505082337.jpg\" data-mce-href=\"http:\/\/incondicionalmentevasco.files.wordpress.com\/2013\/06\/vasco_libertadores_20110505082337.jpg\" style=\"-webkit-user-drag: none; color: rgb(0, 170, 220);\" id=\"LPlnk91237\" previewremoved=\"true\"><img loading=\"lazy\" decoding=\"async\" data-wpmedia-src=\"http:\/\/incondicionalmentevasco.files.wordpress.com\/2013\/06\/vasco_libertadores_20110505082337.jpg\" alt=\"Vasco da Gama, el pionero del S\u00e3o Janu\u00e1rio Ciudad: Rio de Janeiro Fundaci\u00f3n: 21 de agosto de 1898 Sitio web oficial: www.crvascodagama.com \" width=\"606\" height=\"455\" class=\"size-full wp-image-2475\" data-mce-src=\"http:\/\/incondicionalmentevasco.files.wordpress.com\/2013\/06\/vasco_libertadores_20110505082337.jpg?w=606\" style=\"max-width: 100%; height: auto; border: 0px none; margin: 0px; padding: 0px; -webkit-user-drag: none; display: block; user-select: none;\" src=\"http:\/\/incondicionalmentevasco.files.wordpress.com\/2013\/06\/vasco_libertadores_20110505082337.jpg?w=606\"\/><\/a>  <\/p>\n<p><img decoding=\"async\" src=\"http:\/\/incondicionalmentevasco.files.wordpress.com\/2013\/06\/vasco_libertadores_20110505082337.jpg\"\/><\/p>\n<\/dt>\n<dd class=\"wp-caption-dd\" style=\"font-size: 14px; line-height: 1.7; padding: 16px; margin: 0px; background: rgb(243, 246, 248); color: rgb(79, 116, 142); -webkit-user-drag: none;\">  Vasco da Gama, el pionero del S\u00e3o Janu\u00e1rio<br style=\"-webkit-user-drag: none;\"\/>  Ciudad: Rio de Janeiro<br style=\"-webkit-user-drag: none;\"\/>  Fundaci\u00f3n: 21 de agosto de 1898<br style=\"-webkit-user-drag: none;\"\/>  Sitio web oficial: <a href=\"http:\/\/www.crvascodagama.com\">www.crvascodagama.com<\/a><\/dd>\n<\/dl><\/div>\n<p style=\"margin-right: 0px; margin-bottom: 24px; margin-left: 0px; color: rgb(61, 89, 109); font-family: &quot;Noto Serif&quot;, Georgia, &quot;Times New Roman&quot;, Times, serif; font-size: 15px;\">  Vasco da Gama fue un c\u00e9lebre navegante del siglo XV, un valiente portugu\u00e9s que descubri\u00f3 una ruta oce\u00e1nica desde Europa hasta la India, y allan\u00f3 el terreno para que su protegido, Pedro Cabral, encontrase Brasil. De forma muy apropiada, el club cuyo nombre inspir\u00f3   tambi\u00e9n fue pionero, al romper barreras raciales a principios del siglo XX y convertirse en el primer campe\u00f3n de Sudam\u00e9rica.<\/p>\n<p style=\"margin-right: 0px; margin-bottom: 24px; margin-left: 0px; color: rgb(61, 89, 109); font-family: &quot;Noto Serif&quot;, Georgia, &quot;Times New Roman&quot;, Times, serif; font-size: 15px;\">  El Vasco da Gama comenz\u00f3 su andadura futbol\u00edstica hace 92 a\u00f1os, tambi\u00e9n en el mes de mayo. FIFA.com cuenta una historia de logros tanto dentro como fuera del campo de uno de los clubes m\u00e1s famosos y populares de su pa\u00eds.<\/p>\n<p style=\"margin-right: 0px; margin-bottom: 24px; margin-left: 0px; color: rgb(61, 89, 109); font-family: &quot;Noto Serif&quot;, Georgia, &quot;Times New Roman&quot;, Times, serif; font-size: 15px;\">  Ra\u00edces portuguesas<br \/>  El remo era el deporte dominante en el R\u00edo de Janeiro de finales del siglo XIX. Sin embargo, Henrique Ferreira Monteiro, Lu\u00eds Ant\u00f4nio Rodrigues, Jos\u00e9 Alexandre de Avelar Rodrigues y Manuel Teixeira de Souza J\u00fanior, hartos de la molestia que supon\u00eda tener que   atravesar la bah\u00eda de Guanabara para llegar a Niter\u00f3i y poder disfrutar de su afici\u00f3n, decidieron formar su propio club. El 21 de agosto de 1898, en homenaje al cuarto centenario del viaje a la India del legendario explorador, los cuatro, junto con otros 58   compatriotas inmigrantes portugueses, fundaron el Club de Regatas Vasco da Gama.<\/p>\n<p style=\"margin-right: 0px; margin-bottom: 24px; margin-left: 0px; color: rgb(61, 89, 109); font-family: &quot;Noto Serif&quot;, Georgia, &quot;Times New Roman&quot;, Times, serif; font-size: 15px;\">  El f\u00fatbol experiment\u00f3 una explosi\u00f3n de popularidad en R\u00edo de Janeiro a principios del siglo XX, y el Vasco, inevitablemente, ard\u00eda en deseos de trasladar al c\u00e9sped sus \u00e9xitos en el agua. Una fusi\u00f3n con el Lusit\u00e2nia le dio esa oportunidad, y el 26 de noviembre   de 1915 naci\u00f3 la secci\u00f3n de f\u00fatbol del Vasco.<\/p>\n<p style=\"margin-right: 0px; margin-bottom: 24px; margin-left: 0px; color: rgb(61, 89, 109); font-family: &quot;Noto Serif&quot;, Georgia, &quot;Times New Roman&quot;, Times, serif; font-size: 15px;\">  El estreno del equipo se sald\u00f3 con una derrota por 10-1 a manos de un consolidado Botafogo en el mes de mayo siguiente. La camiseta de los debutantes estaba adornada con la cruz de la Orden de Cristo, que simboliza sus or\u00edgenes portugueses. El primer gol de   la historia del Vasco fue obra de Ad\u00e3o Ant\u00f4nio Brand\u00e3o, cuyo padre lo hab\u00eda expulsado de Portugal como castigo por no mostrar inter\u00e9s en su educaci\u00f3n. El delantero no ser\u00eda el \u00faltimo rebelde en adquirir notoriedad en el Vasco.<\/p>\n<p style=\"margin-right: 0px; margin-bottom: 24px; margin-left: 0px; color: rgb(61, 89, 109); font-family: &quot;Noto Serif&quot;, Georgia, &quot;Times New Roman&quot;, Times, serif; font-size: 15px;\">  Al principio el Vasco pas\u00f3 apuros en las ligas inferiores de R\u00edo de Janeiro, aunque acab\u00f3 accediendo a la elite en 1923, y se deleit\u00f3 con un bautismo heroico. El r\u00e9gimen de entrenamiento riguroso y sin precedentes del entrenador Ram\u00f3n Platero dio sus frutos,   y 11 de sus 12 triunfos cosechados en una triunfante campa\u00f1a se produjeron gracias a goles anotados en la segunda parte.<\/p>\n<p style=\"margin-right: 0px; margin-bottom: 24px; margin-left: 0px; color: rgb(61, 89, 109); font-family: &quot;Noto Serif&quot;, Georgia, &quot;Times New Roman&quot;, Times, serif; font-size: 15px;\">  Sin embargo, su alegr\u00eda no dur\u00f3. Los rivales del Vasco se opusieron al uso de jugadores negros y pobres, optando por formar su propia liga. Sin la competencia de pesos pesados regionales como Am\u00e9rica, Bangu, Botafogo, Flamengo y Fluminense, el Vasco se adjudic\u00f3   f\u00e1cilmente el Campeonato Carioca, logrando un pleno de puntos en 14 encuentros, un r\u00e9cord todav\u00eda hoy vigente.<\/p>\n<p style=\"margin-right: 0px; margin-bottom: 24px; margin-left: 0px; color: rgb(61, 89, 109); font-family: &quot;Noto Serif&quot;, Georgia, &quot;Times New Roman&quot;, Times, serif; font-size: 15px;\">  No obstante, la mayor batalla del club en 1924 fue la que gan\u00f3 fuera del campo, al vencer en su lucha contra el racismo. La elite de R\u00edo de Janeiro volvi\u00f3 a unirse con motivo de la temporada de 1925.<\/p>\n<p style=\"margin-right: 0px; margin-bottom: 24px; margin-left: 0px; color: rgb(61, 89, 109); font-family: &quot;Noto Serif&quot;, Georgia, &quot;Times New Roman&quot;, Times, serif; font-size: 15px;\">  El Expreso de la Victoria<br \/>  El Vasco volvi\u00f3 a llevarse el Campeonato Carioca en 1929, 1934 y 1936, antes de dar inicio al per\u00edodo de mayor dominio de su historia. Entre 1945 y 1952, a\u00f1adi\u00f3 a sus vitrinas cinco t\u00edtulos estatales y el Campeonato Sudamericano de Campeones, un torneo con   formato de liguilla del que s\u00f3lo se celebr\u00f3 una edici\u00f3n y que la CONMEBOL reconoce como precursor de la Copa Libertadores, en Santiago (Chile). All\u00ed, los pupilos de Fl\u00e1vio Costa alcanzaron la gloria invictos, algo que ni siquiera el River Plate de Alfredo   Di St\u00e9fano o el gran Nacional de Atilio Garc\u00eda pudieron impedir.<\/p>\n<p style=\"margin-right: 0px; margin-bottom: 24px; margin-left: 0px; color: rgb(61, 89, 109); font-family: &quot;Noto Serif&quot;, Georgia, &quot;Times New Roman&quot;, Times, serif; font-size: 15px;\">  O Expresso da Vit\u00f3ria (El Expreso de la Victoria), como se apodaba al equipo durante esta \u00e9poca, era una devastadora maquinaria ofensiva apoyada por la m\u00e1s f\u00e9rrea de las defensas. El guardameta Barbosa y el imponente zaguero Ely resultaban b\u00e1sicos en su resistencia;   Maneca y Danilo, cuya visi\u00f3n y ejecuci\u00f3n de pases extrasensoriales hac\u00edan de \u00e9l posiblemente el mejor creador de juego que haya vestido nunca la camiseta cruzmaltina, proporcionaban la munici\u00f3n de la que se serv\u00edan Ipojucan, Chico y el sensacional Ademir de   Menezes.<\/p>\n<p style=\"margin-right: 0px; margin-bottom: 24px; margin-left: 0px; color: rgb(61, 89, 109); font-family: &quot;Noto Serif&quot;, Georgia, &quot;Times New Roman&quot;, Times, serif; font-size: 15px;\">  La campa\u00f1a de 1952 pudo haber supuesto el fin de O Expresso da Vit\u00f3ria, pero el Vasco no tard\u00f3 en encontrar nuevos h\u00e9roes: los campeones de la Copa Mundial de la FIFA Suecia 1958 Bellini, Orlando y Vav\u00e1. Los tres contribuyeron a que el club se impusiese a escala   regional en 1956 y 1958.<\/p>\n<p style=\"margin-right: 0px; margin-bottom: 24px; margin-left: 0px; color: rgb(61, 89, 109); font-family: &quot;Noto Serif&quot;, Georgia, &quot;Times New Roman&quot;, Times, serif; font-size: 15px;\">  El Vasco no regres\u00f3 a lo m\u00e1s alto del podio del Carioca hasta 1970, pero un a\u00f1o m\u00e1s tarde la aparici\u00f3n de un jovenc\u00edsimo atacante encendi\u00f3 la esperanza entre los vasca\u00ednos. Roberto Dinamite catapultar\u00eda a los suyos a la conquista del t\u00edtulo nacional de 1974   y de otros cinco torneos estatales. Marc\u00f3 698 goles con el Vasco antes de retirarse en 1993, y contin\u00faa siendo el m\u00e1ximo realizador de los cert\u00e1menes Brasileiro (190) y Carioca (279).<\/p>\n<p style=\"margin-right: 0px; margin-bottom: 24px; margin-left: 0px; color: rgb(61, 89, 109); font-family: &quot;Noto Serif&quot;, Georgia, &quot;Times New Roman&quot;, Times, serif; font-size: 15px;\">  El Vasco se impondr\u00eda en el Brasileiro en 1989 y 1997, cuando Edmundo disfrut\u00f3 de su annus mirabilis, y el triunfo en la Copa Libertadores de 1998 le dio el derecho a participar en el Campeonato Mundial de Clubes de la FIFA, que Brasil organiz\u00f3 en 2000. Con   Edmundo y Rom\u00e1rio en un brillante estado de forma, accedi\u00f3 a la final tras eliminar al Manchester United (3-1), donde perdi\u00f3 en los penales ante sus compatriotas del Corinthians.<\/p>\n<p style=\"margin-right: 0px; margin-bottom: 24px; margin-left: 0px; color: rgb(61, 89, 109); font-family: &quot;Noto Serif&quot;, Georgia, &quot;Times New Roman&quot;, Times, serif; font-size: 15px;\">  El Vasco da Gama estuvo a un paso de convertirse en rey del mundo en el Maracan\u00e1, pero nadie puede negarle su lugar en la historia.<\/p>\n<p style=\"margin-right: 0px; margin-bottom: 24px; margin-left: 0px; color: rgb(61, 89, 109); font-family: &quot;Noto Serif&quot;, Georgia, &quot;Times New Roman&quot;, Times, serif; font-size: 15px;\">  La \u00e9poca contempor\u00e1nea<br \/>  Un formidable cuarteto atacante compuesto por Juninho Pernambucano, Juninho Paulista, Euller y Rom\u00e1rio condujo al Vasco da Gama a su cuarto trofeo del Brasileiro en 2000, aunque desde entonces ha experimentado una cierta sequ\u00eda, ganando \u00fanicamente el Campeonato   Carioca en 2003.<\/p>\n<p style=\"margin-right: 0px; margin-bottom: 24px; margin-left: 0px; color: rgb(61, 89, 109); font-family: &quot;Noto Serif&quot;, Georgia, &quot;Times New Roman&quot;, Times, serif; font-size: 15px;\">  El estadio<br \/>  El S\u00e3o Janu\u00e1rio se inaugur\u00f3 en 1927, siendo por aquel entonces el estadio m\u00e1s grande de Sudam\u00e9rica, distinci\u00f3n que perdi\u00f3 en 1940, cuando el Pacaembu abri\u00f3 sus puertas en S\u00e3o Paulo, y en sus primeros a\u00f1os alberg\u00f3 varios encuentros de la selecci\u00f3n brasile\u00f1a.   El recinto trae buenos recuerdos a los vasca\u00ednos, que presenciaron c\u00f3mo su equipo derrot\u00f3 al Barcelona ecuatoriano por 2-0, en una final de la Copa Libertadores 1998 a doble partido, que acabar\u00eda ganando 4-1. M\u00e1s recientemente, Rom\u00e1rio marc\u00f3 el gol n\u00famero   1.000 de su carrera, seg\u00fan sus c\u00e1lculos personales, en el S\u00e3o Janu\u00e1rio.<\/p>\n<p style=\"margin-right: 0px; margin-bottom: 24px; margin-left: 0px; color: rgb(61, 89, 109); font-family: &quot;Noto Serif&quot;, Georgia, &quot;Times New Roman&quot;, Times, serif; font-size: 15px;\">  El Vasco puede enorgullecerse de ser el \u00fanico de los &quot;cuatro grandes&quot; estatales propietario de las instalaciones en las que juega como local. En un estudio llevado a cabo en 2002, el Travel Channel cit\u00f3 al S\u00e3o Janu\u00e1rio como uno de los siete mejores estadios   del mundo para ver un partido, junto a campos de la talla del Camp Nou, del Barcelona, y San Siro, en Mil\u00e1n.<\/p>\n<p style=\"margin-right: 0px; margin-bottom: 24px; margin-left: 0px; color: rgb(61, 89, 109); font-family: &quot;Noto Serif&quot;, Georgia, &quot;Times New Roman&quot;, Times, serif; font-size: 15px;\">  <strong>Principales t\u00edtulos:<\/strong><\/p>\n<p style=\"margin-right: 0px; margin-bottom: 24px; margin-left: 0px; color: rgb(61, 89, 109); font-family: &quot;Noto Serif&quot;, Georgia, &quot;Times New Roman&quot;, Times, serif; font-size: 15px;\">  &#8211; Campeonato Sudamericano de Clubes: (1) 1948.<br \/>  &#8211; Copa Libertadores: (1) 1998.<br \/>  &#8211; Copa Mercosur: (1) 2000.<br \/>  &#8211; Campeonato Brasile\u00f1os: (4) 1974, 1989, 1997, 2000.<br \/>  &#8211; Torneo Rio-Sao Paulo: (3) 1958, 1966, 1999.<br \/>  &#8211; Campeonatos Cariocas: (22) 1923, 1924, 1929, 1934, 1936, 1945, 1947, 1949, 1950, 1952, 1956, 1958, 1970, 1977, 1982, 1987, 1988, 1992, 1993, 1994, 1998, 2003.<\/p>\n<p style=\"margin-right: 0px; margin-bottom: 24px; margin-left: 0px; color: rgb(61, 89, 109); font-family: &quot;Noto Serif&quot;, Georgia, &quot;Times New Roman&quot;, Times, serif; font-size: 15px;\">  *Los t\u00edtulos mencionados no pretenden ser una lista exhaustiva del palmar\u00e9s del club sino un resumen de sus principales conquistas.<\/p>\n<p style=\"margin-right: 0px; margin-bottom: 24px; margin-left: 0px; color: rgb(61, 89, 109); font-family: &quot;Noto Serif&quot;, Georgia, &quot;Times New Roman&quot;, Times, serif; font-size: 15px;\">  Jugadore legendarios:<br \/>  Pascoal, Fausto, Ademir de Menezes, Chico, Barbosa, Danilo, Vava Bellini, Roberto Dinamite, Romario, Edmundo, Juninho Pernambucano.<\/p>\n<p style=\"margin-right: 0px; margin-left: 0px; color: rgb(61, 89, 109); font-family: &quot;Noto Serif&quot;, Georgia, &quot;Times New Roman&quot;, Times, serif; font-size: 15px;\">  FONTE: <a href=\"http:\/\/es.fifa.com\/classicfootball\/clubs\/club=1882504\/index.html\">es.fifa.com\/classicfootball\/clubs\/club=1882504\/index.html<\/a><\/p>\n<p>  <\/p>\n<\/p><\/div>\n<\/p><\/div>\n<p><\/p>\n","protected":false},"excerpt":{"rendered":"<p>Vasco da Gama, el pionero del S\u00e3o Janu\u00e1rio Ciudad: Rio de Janeiro Fundaci\u00f3n: 21 de&#8230;<\/p>\n","protected":false},"author":8,"featured_media":2475,"comment_status":"open","ping_status":"closed","sticky":false,"template":"","format":"standard","meta":{"footnotes":""},"categories":[6],"tags":[],"class_list":["post-8137","post","type-post","status-publish","format-standard","has-post-thumbnail","hentry","category-marcus-simonini"],"_links":{"self":[{"href":"https:\/\/webvasco.com\/artigos\/wp-json\/wp\/v2\/posts\/8137","targetHints":{"allow":["GET"]}}],"collection":[{"href":"https:\/\/webvasco.com\/artigos\/wp-json\/wp\/v2\/posts"}],"about":[{"href":"https:\/\/webvasco.com\/artigos\/wp-json\/wp\/v2\/types\/post"}],"author":[{"embeddable":true,"href":"https:\/\/webvasco.com\/artigos\/wp-json\/wp\/v2\/users\/8"}],"replies":[{"embeddable":true,"href":"https:\/\/webvasco.com\/artigos\/wp-json\/wp\/v2\/comments?post=8137"}],"version-history":[{"count":0,"href":"https:\/\/webvasco.com\/artigos\/wp-json\/wp\/v2\/posts\/8137\/revisions"}],"wp:featuredmedia":[{"embeddable":true,"href":"https:\/\/webvasco.com\/artigos\/wp-json\/"}],"wp:attachment":[{"href":"https:\/\/webvasco.com\/artigos\/wp-json\/wp\/v2\/media?parent=8137"}],"wp:term":[{"taxonomy":"category","embeddable":true,"href":"https:\/\/webvasco.com\/artigos\/wp-json\/wp\/v2\/categories?post=8137"},{"taxonomy":"post_tag","embeddable":true,"href":"https:\/\/webvasco.com\/artigos\/wp-json\/wp\/v2\/tags?post=8137"}],"curies":[{"name":"wp","href":"https:\/\/api.w.org\/{rel}","templated":true}]}}