{"id":8138,"date":"2017-03-31T00:50:05","date_gmt":"2017-03-31T03:50:05","guid":{"rendered":"http:\/\/webvasco.com\/artigos\/?p=8138"},"modified":"2017-03-31T00:56:56","modified_gmt":"2017-03-31T03:56:56","slug":"em-dia-de-temporal-a-caravela-foi-bem","status":"publish","type":"post","link":"https:\/\/webvasco.com\/artigos\/colunistas\/luizcarlosrocha\/em-dia-de-temporal-a-caravela-foi-bem\/","title":{"rendered":"EM DIA DE TEMPORAL A CARAVELA FOI BEM!"},"content":{"rendered":"<div>\n<div style=\"color:#000; background-color:#fff; font-family:HelveticaNeue-Light, Helvetica Neue Light, Helvetica Neue, Helvetica, Arial, Lucida Grande, sans-serif;font-size:32px\">\n<div style=\"text-align:justify\" id=\"yui_3_16_0_1_1490566029562_444361\"><span style=\"font-size:14.0pt;line-height:107%;font-family:&quot;Arial&quot;,sans-serif\" id=\"yui_3_16_0_1_1490566029562_444362\">A chuva marcou presen\u00e7a hoje,  em S\u00e3o Janu\u00e1rio, antes da partida entra Vasco da Gama e Boavista, em jogo  v\u00e1lido pela 5\u00aa Rodada, da Ta\u00e7a Rio, Segundo Turno do Campeonato Carioca. O  temporal foi t\u00e3o forte que alagou o gramado (que \u00e9 o melhor do munic\u00edpio, com  sistema de drenagem de primeiro mundo), e atrasou o evento em 17 minutos. Mas a  Caravela \u00e9 um dos s\u00edmbolos vasca\u00edno. Logo, foi tranquilo triunfar sobre os  visitantes. Douglas marcou o \u00fanico gol da noite.<o:p id=\"yui_3_16_0_1_1490566029562_444363\"><\/o:p><\/span><\/div>\n<div style=\"text-align:justify\" id=\"yui_3_16_0_1_1490566029562_444364\"><span style=\"font-size:14.0pt;line-height:107%;font-family:&quot;Arial&quot;,sans-serif\" id=\"yui_3_16_0_1_1490566029562_444365\">&nbsp;&nbsp;&nbsp; Com o resultado o Gigante da Colina assumiu  a vice-lideran\u00e7a com 9 pontos (um a menos do que o FlormimenC), e a quarta  coloca\u00e7\u00e3o geral na competi\u00e7\u00e3o. Basta uma vit\u00f3ria sobre o Nova Igua\u00e7u, domingo,  dia 02 de abril, \u00e0s 16h, no Est\u00e1dio de Mo\u00e7a Bonita, em Bangu para garantir a  classifica\u00e7\u00e3o nas Semifinais do Carioc\u00e3o 2017. <o:p id=\"yui_3_16_0_1_1490566029562_444366\"><\/o:p><\/span><\/div>\n<div style=\"text-align:justify\" id=\"yui_3_16_0_1_1490566029562_444367\"><span style=\"font-size:14.0pt;line-height:107%;font-family:&quot;Arial&quot;,sans-serif\" id=\"yui_3_16_0_1_1490566029562_444368\">&nbsp;&nbsp;&nbsp; Ainda \u00e9 cedo para avaliar o trabalho do  treinador Milton Mendes, mas \u00e9 fato que o posicionamento da equipe mudou. H\u00e1  pelo menos mais vontade. Claro que ainda h\u00e1 erros para consertar, e  principalmente colocar cada atleta em seu devido lugar. Se nenhum jogador fizer  corpo mole para tombar o t\u00e9cnico, a exemplo como fizeram com Jorginho, e Milton  n\u00e3o ser um pau mandado como era o Estagi\u00e1rio, pode ser que o Vasco d\u00ea trabalho  na reta final da competi\u00e7\u00e3o. Mas \u00e9 preciso saber que o Campeonato Brasileiro \u00e9  bem diferente.<o:p id=\"yui_3_16_0_1_1490566029562_444369\"><\/o:p><\/span><\/div>\n<div style=\"text-align:justify\" id=\"yui_3_16_0_1_1490566029562_444370\"><b id=\"yui_3_16_0_1_1490566029562_444371\"><u id=\"yui_3_16_0_1_1490566029562_444372\"><span style=\"font-size:14.0pt;line-height:107%;font-family:&quot;Arial&quot;,sans-serif\" id=\"yui_3_16_0_1_1490566029562_444373\">REIZINHO<\/span><\/u><\/b><span style=\"font-size:14.0pt;line-height:107%;font-family:&quot;Arial&quot;,sans-serif\" id=\"yui_3_16_0_1_1490566029562_444374\">: N\u00e3o  resta nenhuma d\u00favida que o atleta Juninho Pernambucano foi um craque. Batia  falta como poucos. Neste feito, atuando com o manto sagrado do Vasc\u00e3o s\u00f3  Roberto Dinamite. Por\u00e9m, a exemplo do Bob, Juninho foi bom como jogador, mais  nada! Roberto Dinamite foi o cara. Carlos Roberto de Oliveira foi um dos piores  presidentes do clube. Juninho foi mito, Ant\u00f4nio Augusto Ribeiro Reis J\u00fanior  como comentarista \u00e9 p\u00e9ssimo. Ele aprendeu a palavra: Agressivo, e repete em  v\u00e1rias situa\u00e7\u00f5es durante a narra\u00e7\u00e3o de uma partida. Nota-se que \u00e9 um  comentarista esportivo sem qualquer preparo. Agressividade mesmo \u00e9 ter de ouvir  aquelas palavras mal pronunciadas ferindo os ouvidos da Imensa Torcida Bem  Feliz, que optaram em prestigiar a R\u00e1dio Globo\/RJ. Vai estudar, porque como  profissional da imprensa voc\u00ea n\u00e3o passa de um plebeu!<o:p id=\"yui_3_16_0_1_1490566029562_444375\"><\/o:p><\/span><\/div>\n<div style=\"text-align:justify\" id=\"yui_3_16_0_1_1490566029562_444376\"><span style=\"font-size:14.0pt;line-height:107%;font-family:&quot;Arial&quot;,sans-serif\" id=\"yui_3_16_0_1_1490566029562_444377\"><o:p id=\"yui_3_16_0_1_1490566029562_444378\">&nbsp;<\/o:p><\/span><\/div>\n<div style=\"text-align:justify;tab-stops:35.4pt 66.75pt\" id=\"yui_3_16_0_1_1490566029562_444379\"><span style=\"font-size:14.0pt;line-height:107%;font-family:&quot;Arial&quot;,sans-serif\" id=\"yui_3_16_0_1_1490566029562_444380\"><o:p id=\"yui_3_16_0_1_1490566029562_444381\">&nbsp;<\/o:p><\/span><\/div>\n<div style=\"text-align:justify\" id=\"yui_3_16_0_1_1490566029562_444382\"><b id=\"yui_3_16_0_1_1490566029562_444383\"><u id=\"yui_3_16_0_1_1490566029562_444384\"><span style=\"font-size:14.0pt;line-height:107%;font-family:&quot;Arial&quot;,sans-serif\" id=\"yui_3_16_0_1_1490566029562_444385\">PERPLEXO  COM O PODER JUDICI\u00c1RIO:<o:p id=\"yui_3_16_0_1_1490566029562_444386\"><\/o:p><\/span><\/u><\/b><\/div>\n<div style=\"text-align:justify\" id=\"yui_3_16_0_1_1490566029562_444387\"><span style=\"font-size:14.0pt;line-height:107%;font-family:&quot;Arial&quot;,sans-serif\" id=\"yui_3_16_0_1_1490566029562_444388\">DEPOIS DE AGUARDAR <b id=\"yui_3_16_0_1_1490566029562_444389\">45 MESES, OU SEJA, 3 ANOS E NOVE MESES  (CARRO DESDE 10 DE JUNHO DE 2013)<\/b> COM O CARRO PRESO NA OFICINA DA ABOLI\u00c7\u00c3O  VE\u00cdCULOS COM APENAS 729 KM RODADOS, EM UM PROCESSO COM 6 VOLUMES, NA 1\u00aa VARA  CIVEL, DA COMARCA DE NITER\u00d3I\/RJ, REGIONAL OCE\u00c2NICA, A SENTEN\u00c7A FOI INDEFERIR  TODOS OS MEUS PEDIDOS E AINDA CONDENAR EM 10% DE CUSTAS JUDICIAIS. OU SEJA,  FIQUEI SEM CARRO ESSE TEMPO TODO (MESMO PAGANDO \u00c0 VISTA POR ELE), JUNTEI PROVAS  COMO REGISTRO DE OCORR\u00caNCIA DA POL\u00cdCIA CIVIL\/RJ, BOLETIM DE OCORR\u00caNCIA DA  POLICIA MILITAR\/RJ, ORDENS DE SERVI\u00c7O, MAIS DE 600 FOTOGRAFIAS, MAIS DE 40  \u00c1UDIOS, NOTAS FISCAIS, NOTAS DE T\u00c1XI, PRONTU\u00c1RIOS M\u00c9DICOS, POIS NESTE PER\u00cdODO  TIVE PROBLEMAS DE SA\u00daDE, BEM COMO MEUS FAMILIARES, TENDO UMA FILHA QUE HOJE TEM  APENAS 5 ANOS, NA \u00c9POCA POUCO MAIS DE 1 ANINHO. VALE LEMBRAR, QUE OS PRIMEIROS  DEFEITOS SE DERAM QUANDO O CARRO TINHA MENOS DE 30 KM RODADOS. TUDO ISSO PARA  NADA. QUEM GOSTOU DO RESULTADO DA DOUTA MAGRISTRADA FORAM AS EMPRESAS R\u00c9S \u2013 QUE  ME LESARAM \u2013 ABOLI\u00c7\u00c3O VE\u00cdCULOS E VW DO BRASIL (PROCESSO: No  0016370-44.2013.8.19.0212).<o:p id=\"yui_3_16_0_1_1490566029562_444390\"><\/o:p><\/span><\/div>\n<div style=\"text-align:justify\" id=\"yui_3_16_0_1_1490566029562_444391\"><b id=\"yui_3_16_0_1_1490566029562_444392\"><span style=\"font-size:14.0pt;line-height:107%;font-family:&quot;Arial&quot;,sans-serif\" id=\"yui_3_16_0_1_1490566029562_444393\">&nbsp;<o:p id=\"yui_3_16_0_1_1490566029562_444394\"><\/o:p><\/span><\/b><\/div>\n<div style=\"text-align:justify\" id=\"yui_3_16_0_1_1490566029562_444395\"><b id=\"yui_3_16_0_1_1490566029562_444396\"><span style=\"font-size:14.0pt;line-height:107%;font-family:&quot;Arial&quot;,sans-serif\" id=\"yui_3_16_0_1_1490566029562_444397\">&nbsp;&nbsp;&nbsp;&nbsp;&nbsp;&nbsp;&nbsp;&nbsp;&nbsp;&nbsp;&nbsp;&nbsp;&nbsp;&nbsp; <o:p id=\"yui_3_16_0_1_1490566029562_444398\"><\/o:p><\/span><\/b><\/div>\n<div style=\"text-align:justify\" id=\"yui_3_16_0_1_1490566029562_444399\"><b id=\"yui_3_16_0_1_1490566029562_444400\"><span style=\"font-size:14.0pt;line-height:107%;font-family:&quot;Arial&quot;,sans-serif\" id=\"yui_3_16_0_1_1490566029562_444401\">&nbsp;&nbsp;&nbsp;&nbsp;&nbsp;&nbsp;&nbsp;&nbsp;&nbsp;&nbsp;&nbsp;&nbsp;&nbsp;&nbsp;&nbsp;&nbsp;&nbsp;&nbsp;&nbsp;&nbsp;&nbsp; &nbsp;&nbsp;&nbsp;&nbsp;&nbsp;&nbsp;&nbsp;&nbsp;&nbsp;<o:p id=\"yui_3_16_0_1_1490566029562_444402\"><\/o:p><\/span><\/b><\/div>\n<div id=\"yui_3_16_0_1_1490566029562_444159\">                                            <\/div>\n<div style=\"text-align:justify\" dir=\"ltr\" id=\"yui_3_16_0_1_1490566029562_444403\"><b id=\"yui_3_16_0_1_1490566029562_444404\"><span style=\"font-size:14.0pt;line-height:107%;font-family:&quot;Arial&quot;,sans-serif\" id=\"yui_3_16_0_1_1490566029562_444405\">AP\u00d3S  AS TODAS AS PARTIDAS DO VASC\u00c3O EM MEU PERFIL DO FACEBOOK (QUEM QUISER RECEBER  AS CR\u00d4NICAS DE PRIMEIRA M\u00c3O \u00c9 S\u00d3 ME ADICIONAR), E NO SITE WEBVASCO  (<a href=\"http:\/\/www.webvasco.com\">www.webvasco.com<\/a>), TEM A OPINI\u00c3O DO JORNALISTA LUIZ CARLOS ROCHA. LEIAM!  COMPARTILHEM E CURTAM! VASCA\u00cdNOS UNIDOS JAMAIS SER\u00c3O VENCIDOS.<o:p id=\"yui_3_16_0_1_1490566029562_444406\"><\/o:p><\/span><\/b><\/div>\n<div id=\"yui_3_16_0_1_1490566029562_444159\"><span><br \/><\/span><\/div>\n<div id=\"yui_3_16_0_1_1490566029562_444159\"><span><br \/><\/span><\/div>\n<div id=\"yui_3_16_0_1_1490566029562_444159\"><span><br \/><\/span><\/div>\n<div><\/div>\n<div id=\"yui_3_16_0_1_1490566029562_444160\">&nbsp;<\/div>\n<div class=\"signature\" id=\"yui_3_16_0_1_1490566029562_444165\">\n<div id=\"RTEContent\">\n<div id=\"yui_3_16_0_1_1490566029562_444164\">\n<div id=\"yui_3_16_0_1_1490566029562_444163\">\n<div id=\"yui_3_16_0_1_1490566029562_444162\">\n<div align=\"center\" id=\"yui_3_16_0_1_1490566029562_444161\"><\/div>\n<\/div>\n<\/div>\n<\/div>\n<\/div>\n<\/div>\n<\/div>\n<\/div>\n<p><\/p>\n","protected":false},"excerpt":{"rendered":"<p>A chuva marcou presen\u00e7a hoje, em S\u00e3o Janu\u00e1rio, antes da partida entra Vasco da Gama&#8230;<\/p>\n","protected":false},"author":7,"featured_media":0,"comment_status":"open","ping_status":"closed","sticky":false,"template":"","format":"standard","meta":{"footnotes":""},"categories":[4],"tags":[],"class_list":["post-8138","post","type-post","status-publish","format-standard","hentry","category-luizcarlosrocha"],"_links":{"self":[{"href":"https:\/\/webvasco.com\/artigos\/wp-json\/wp\/v2\/posts\/8138","targetHints":{"allow":["GET"]}}],"collection":[{"href":"https:\/\/webvasco.com\/artigos\/wp-json\/wp\/v2\/posts"}],"about":[{"href":"https:\/\/webvasco.com\/artigos\/wp-json\/wp\/v2\/types\/post"}],"author":[{"embeddable":true,"href":"https:\/\/webvasco.com\/artigos\/wp-json\/wp\/v2\/users\/7"}],"replies":[{"embeddable":true,"href":"https:\/\/webvasco.com\/artigos\/wp-json\/wp\/v2\/comments?post=8138"}],"version-history":[{"count":0,"href":"https:\/\/webvasco.com\/artigos\/wp-json\/wp\/v2\/posts\/8138\/revisions"}],"wp:attachment":[{"href":"https:\/\/webvasco.com\/artigos\/wp-json\/wp\/v2\/media?parent=8138"}],"wp:term":[{"taxonomy":"category","embeddable":true,"href":"https:\/\/webvasco.com\/artigos\/wp-json\/wp\/v2\/categories?post=8138"},{"taxonomy":"post_tag","embeddable":true,"href":"https:\/\/webvasco.com\/artigos\/wp-json\/wp\/v2\/tags?post=8138"}],"curies":[{"name":"wp","href":"https:\/\/api.w.org\/{rel}","templated":true}]}}