{"id":8139,"date":"2017-04-03T13:26:57","date_gmt":"2017-04-03T16:26:57","guid":{"rendered":"http:\/\/webvasco.com\/artigos\/?p=8139"},"modified":"2017-04-03T13:27:30","modified_gmt":"2017-04-03T16:27:30","slug":"uhu-vasco-da-gama-2","status":"publish","type":"post","link":"https:\/\/webvasco.com\/artigos\/colunistas\/luizcarlosrocha\/uhu-vasco-da-gama-2\/","title":{"rendered":"UHU VASC&Atilde;O DA GAMA!"},"content":{"rendered":"<div>\n<div style=\"color:#000; background-color:#fff; font-family:HelveticaNeue-Light, Helvetica Neue Light, Helvetica Neue, Helvetica, Arial, Lucida Grande, sans-serif;font-size:32px\">\n<div style=\"text-align:justify\" id=\"yui_3_16_0_1_1490566029562_664096\"><span style=\"font-size:14.0pt;line-height:107%;font-family:&quot;Arial&quot;,sans-serif\" id=\"yui_3_16_0_1_1490566029562_664097\">&nbsp; &nbsp; Uhu Nova Igua\u00e7u! Que nada Fani Pacheco, Uhu  Vasc\u00e3o da Gama! A partida de ontem, no Est\u00e1dio de Mo\u00e7a Bonita, em Bangu, Zona  Oeste do Rio de Janeiro, carimbou o passaporte do Gigante da Colina para as  semifinais da Ta\u00e7a Rio e do Estadual 2017. As estrelas do triunfo (2 a 0) foram  Rafael Marques e Yago Pikachu, nesta 6\u00aa Rodada da competi\u00e7\u00e3o.<o:p id=\"yui_3_16_0_1_1490566029562_664098\"><\/o:p><\/span><\/div>\n<div style=\"text-align:justify\" id=\"yui_3_16_0_1_1490566029562_664099\"><span style=\"font-size:14.0pt;line-height:107%;font-family:&quot;Arial&quot;,sans-serif\" id=\"yui_3_16_0_1_1490566029562_664100\">&nbsp;&nbsp;&nbsp; O resultado garantiu o primeiro lugar, no  Grupo C, com 12 pontos ganhos, deixando as Tricoletes em segundo (vice) lugar  no grupo. Agora os pr\u00f3ximos jogos ficar\u00e3o assim: dia 09 de abril o Vasco  enfrentar\u00e1 o Povo do Gueto e atuar\u00e1 pelo empate, em partida v\u00e1lida pela  semifinal da Ta\u00e7a Rio, com certeza dia 16 de abril far\u00e1 a final, com o vencedor  de Botafogo e Fluminense.<o:p id=\"yui_3_16_0_1_1490566029562_664101\"><\/o:p><\/span><\/div>\n<div style=\"text-align:justify\" id=\"yui_3_16_0_1_1490566029562_664102\"><span style=\"font-size:14.0pt;line-height:107%;font-family:&quot;Arial&quot;,sans-serif\" id=\"yui_3_16_0_1_1490566029562_664103\">&nbsp;&nbsp;&nbsp; J\u00e1 pelas semifinais do Estadual, o Mach\u00e3o  da Gama pegar\u00e1 o FlorminenC, dia 23 de abril (ufa, ainda bem, se fosse um dia  depois os astros dariam o favoritismo para as meninas das Laranjocas).  Certamente bateremos elas (sem provoca\u00e7\u00e3o \u00e0 Lei Maria da Penha), e nos dias 30  de abril e 07 de maio faremos a final\u00edssima do Carioc\u00e3o 2017 contra Molambos ou  Chor\u00f5es.<o:p id=\"yui_3_16_0_1_1490566029562_664104\"><\/o:p><\/span><\/div>\n<div style=\"text-align:justify\" id=\"yui_3_16_0_1_1490566029562_664105\"><b id=\"yui_3_16_0_1_1490566029562_664106\"><u id=\"yui_3_16_0_1_1490566029562_664107\"><span style=\"font-size:14.0pt;line-height:107%;font-family:&quot;Arial&quot;,sans-serif\" id=\"yui_3_16_0_1_1490566029562_664108\">LU\u00cdS  FABIANO:<\/span><\/u><\/b><span style=\"font-size:14.0pt;line-height:107%;font-family:&quot;Arial&quot;,sans-serif\" id=\"yui_3_16_0_1_1490566029562_664109\"> J\u00e1 s\u00e3o seis partidas atuando com o manto  sagrado cruzmaltino e at\u00e9 agora nada de gol! Cad\u00ea o Fabuloso de outrora? Ser\u00e1  que o alto investimento valeu a pena? N\u00e3o seria melhor ter apostado em um  atleta menos badalado? Enquanto isso, mais \u201cbaratinho\u201d, Yago Pikachu marcou 3  gols em 4 partidas! Vale lembrar, que o Fabuloso \u00e9 atacante e Pikachu \u00e9 meia.<o:p id=\"yui_3_16_0_1_1490566029562_664110\"><\/o:p><\/span><\/div>\n<div style=\"text-align:justify\" id=\"yui_3_16_0_1_1490566029562_664111\"><span style=\"font-size:14.0pt;line-height:107%;font-family:&quot;Arial&quot;,sans-serif\" id=\"yui_3_16_0_1_1490566029562_664112\"><o:p id=\"yui_3_16_0_1_1490566029562_664113\">&nbsp;<\/o:p><\/span><\/div>\n<div style=\"text-align:justify;tab-stops:35.4pt 66.75pt\" id=\"yui_3_16_0_1_1490566029562_664114\"><span style=\"font-size:14.0pt;line-height:107%;font-family:&quot;Arial&quot;,sans-serif\" id=\"yui_3_16_0_1_1490566029562_664115\"><o:p id=\"yui_3_16_0_1_1490566029562_664116\">&nbsp;<\/o:p><\/span><\/div>\n<div style=\"text-align:justify\" id=\"yui_3_16_0_1_1490566029562_664117\"><b id=\"yui_3_16_0_1_1490566029562_664118\"><u id=\"yui_3_16_0_1_1490566029562_664119\"><span style=\"font-size:14.0pt;line-height:107%;font-family:&quot;Arial&quot;,sans-serif\" id=\"yui_3_16_0_1_1490566029562_664120\">PERPLEXO  COM O PODER JUDICI\u00c1RIO:<o:p id=\"yui_3_16_0_1_1490566029562_664121\"><\/o:p><\/span><\/u><\/b><\/div>\n<div style=\"text-align:justify\" id=\"yui_3_16_0_1_1490566029562_664122\"><span style=\"font-size:14.0pt;line-height:107%;font-family:&quot;Arial&quot;,sans-serif\" id=\"yui_3_16_0_1_1490566029562_664123\">DEPOIS DE AGUARDAR <b id=\"yui_3_16_0_1_1490566029562_664124\">45 MESES, OU SEJA, 3 ANOS E NOVE MESES  (CARRO DESDE 10 DE JUNHO DE 2013)<\/b> COM O CARRO PRESO NA OFICINA DA ABOLI\u00c7\u00c3O  VE\u00cdCULOS COM APENAS 729 KM RODADOS, EM UM PROCESSO COM 6 VOLUMES, NA 1\u00aa VARA  CIVEL, DA COMARCA DE NITER\u00d3I\/RJ, REGIONAL OCE\u00c2NICA, A SENTEN\u00c7A FOI INDEFERIR  TODOS OS MEUS PEDIDOS E AINDA CONDENAR EM 10% DE CUSTAS JUDICIAIS. OU SEJA,  FIQUEI SEM CARRO ESSE TEMPO TODO (MESMO PAGANDO \u00c0 VISTA POR ELE), JUNTEI PROVAS  COMO REGISTRO DE OCORR\u00caNCIA DA POL\u00cdCIA CIVIL\/RJ, BOLETIM DE OCORR\u00caNCIA DA  POLICIA MILITAR\/RJ, ORDENS DE SERVI\u00c7O, MAIS DE 600 FOTOGRAFIAS, MAIS DE 40  \u00c1UDIOS, NOTAS FISCAIS, NOTAS DE T\u00c1XI, PRONTU\u00c1RIOS M\u00c9DICOS, POIS NESTE PER\u00cdODO  TIVE PROBLEMAS DE SA\u00daDE, BEM COMO MEUS FAMILIARES, TENDO UMA FILHA QUE HOJE TEM  APENAS 5 ANOS, NA \u00c9POCA POUCO MAIS DE 1 ANINHO. VALE LEMBRAR, QUE OS PRIMEIROS  DEFEITOS SE DERAM QUANDO O CARRO TINHA MENOS DE 30 KM RODADOS. TUDO ISSO PARA  NADA. QUEM GOSTOU DO RESULTADO DA DOUTA MAGRISTRADA FORAM AS EMPRESAS R\u00c9S \u2013 QUE  ME LESARAM \u2013 ABOLI\u00c7\u00c3O VE\u00cdCULOS E VW DO BRASIL (PROCESSO: No  0016370-44.2013.8.19.0212).<o:p id=\"yui_3_16_0_1_1490566029562_664125\"><\/o:p><\/span><\/div>\n<div style=\"text-align:justify\" id=\"yui_3_16_0_1_1490566029562_664126\"><b id=\"yui_3_16_0_1_1490566029562_664127\"><span style=\"font-size:14.0pt;line-height:107%;font-family:&quot;Arial&quot;,sans-serif\" id=\"yui_3_16_0_1_1490566029562_664128\">&nbsp;<o:p id=\"yui_3_16_0_1_1490566029562_664129\"><\/o:p><\/span><\/b><\/div>\n<div style=\"text-align:justify\" id=\"yui_3_16_0_1_1490566029562_664130\"><b id=\"yui_3_16_0_1_1490566029562_664131\"><span style=\"font-size:14.0pt;line-height:107%;font-family:&quot;Arial&quot;,sans-serif\" id=\"yui_3_16_0_1_1490566029562_664132\">&nbsp;&nbsp;&nbsp;&nbsp;&nbsp;&nbsp;&nbsp;&nbsp;&nbsp;&nbsp;&nbsp;&nbsp;&nbsp;&nbsp; <o:p id=\"yui_3_16_0_1_1490566029562_664133\"><\/o:p><\/span><\/b><\/div>\n<div style=\"text-align:justify\" id=\"yui_3_16_0_1_1490566029562_664134\"><b id=\"yui_3_16_0_1_1490566029562_664135\"><span style=\"font-size:14.0pt;line-height:107%;font-family:&quot;Arial&quot;,sans-serif\" id=\"yui_3_16_0_1_1490566029562_664136\">&nbsp;&nbsp;&nbsp;&nbsp;&nbsp;&nbsp;&nbsp;&nbsp;&nbsp;&nbsp;&nbsp;&nbsp;&nbsp;&nbsp;&nbsp;&nbsp;&nbsp;&nbsp;&nbsp;&nbsp;&nbsp;&nbsp;&nbsp;&nbsp;&nbsp;&nbsp;&nbsp;&nbsp;&nbsp;&nbsp; <o:p id=\"yui_3_16_0_1_1490566029562_664137\"><\/o:p><\/span><\/b><\/div>\n<div id=\"yui_3_16_0_1_1490566029562_663905\">                                            <\/div>\n<div style=\"text-align:justify\" dir=\"ltr\" id=\"yui_3_16_0_1_1490566029562_664138\"><b id=\"yui_3_16_0_1_1490566029562_664139\"><span style=\"font-size:14.0pt;line-height:107%;font-family:&quot;Arial&quot;,sans-serif\" id=\"yui_3_16_0_1_1490566029562_664140\">AP\u00d3S  AS TODAS AS PARTIDAS DO VASC\u00c3O EM MEU PERFIL DO FACEBOOK (QUEM QUISER RECEBER  AS CR\u00d4NICAS DE PRIMEIRA M\u00c3O \u00c9 S\u00d3 ME ADICIONAR), E NO SITE WEBVASCO  (<a href=\"http:\/\/www.webvasco.com\">www.webvasco.com<\/a>), TEM A OPINI\u00c3O DO JORNALISTA LUIZ CARLOS ROCHA. LEIAM!  COMPARTILHEM E CURTAM! VASCA\u00cdNOS UNIDOS JAMAIS SER\u00c3O VENCIDOS.<o:p id=\"yui_3_16_0_1_1490566029562_664141\"><\/o:p><\/span><\/b><\/div>\n<div id=\"yui_3_16_0_1_1490566029562_663905\"><span><br \/><\/span><\/div>\n<div id=\"yui_3_16_0_1_1490566029562_663905\"><span><br \/><\/span><\/div>\n<div id=\"yui_3_16_0_1_1490566029562_663905\"><span><br \/><\/span><\/div>\n<div><\/div>\n<div id=\"yui_3_16_0_1_1490566029562_663906\">&nbsp;<\/div>\n<div class=\"signature\" id=\"yui_3_16_0_1_1490566029562_663911\">\n<div id=\"RTEContent\">\n<div id=\"yui_3_16_0_1_1490566029562_663910\">\n<div id=\"yui_3_16_0_1_1490566029562_663909\">\n<div id=\"yui_3_16_0_1_1490566029562_663908\">\n<div align=\"center\" id=\"yui_3_16_0_1_1490566029562_663907\"><\/div>\n<\/div>\n<\/div>\n<\/div>\n<\/div>\n<\/div>\n<\/div>\n<\/div>\n<p><\/p>\n","protected":false},"excerpt":{"rendered":"<p>&nbsp; &nbsp; Uhu Nova Igua\u00e7u! Que nada Fani Pacheco, Uhu Vasc\u00e3o da Gama! A partida&#8230;<\/p>\n","protected":false},"author":7,"featured_media":0,"comment_status":"open","ping_status":"closed","sticky":false,"template":"","format":"standard","meta":{"footnotes":""},"categories":[4],"tags":[],"class_list":["post-8139","post","type-post","status-publish","format-standard","hentry","category-luizcarlosrocha"],"_links":{"self":[{"href":"https:\/\/webvasco.com\/artigos\/wp-json\/wp\/v2\/posts\/8139","targetHints":{"allow":["GET"]}}],"collection":[{"href":"https:\/\/webvasco.com\/artigos\/wp-json\/wp\/v2\/posts"}],"about":[{"href":"https:\/\/webvasco.com\/artigos\/wp-json\/wp\/v2\/types\/post"}],"author":[{"embeddable":true,"href":"https:\/\/webvasco.com\/artigos\/wp-json\/wp\/v2\/users\/7"}],"replies":[{"embeddable":true,"href":"https:\/\/webvasco.com\/artigos\/wp-json\/wp\/v2\/comments?post=8139"}],"version-history":[{"count":0,"href":"https:\/\/webvasco.com\/artigos\/wp-json\/wp\/v2\/posts\/8139\/revisions"}],"wp:attachment":[{"href":"https:\/\/webvasco.com\/artigos\/wp-json\/wp\/v2\/media?parent=8139"}],"wp:term":[{"taxonomy":"category","embeddable":true,"href":"https:\/\/webvasco.com\/artigos\/wp-json\/wp\/v2\/categories?post=8139"},{"taxonomy":"post_tag","embeddable":true,"href":"https:\/\/webvasco.com\/artigos\/wp-json\/wp\/v2\/tags?post=8139"}],"curies":[{"name":"wp","href":"https:\/\/api.w.org\/{rel}","templated":true}]}}