{"id":8141,"date":"2017-04-07T14:04:30","date_gmt":"2017-04-07T17:04:30","guid":{"rendered":"http:\/\/webvasco.com\/artigos\/?p=8141"},"modified":"2017-04-07T16:48:24","modified_gmt":"2017-04-07T19:48:24","slug":"de-quem-e-a-culpa","status":"publish","type":"post","link":"https:\/\/webvasco.com\/artigos\/colunistas\/andrepedro\/de-quem-e-a-culpa\/","title":{"rendered":"DE QUEM \u00c9 A CULPA"},"content":{"rendered":"<p>Caros vasca\u00ednos,<\/p>\n<p>Em ano eleitoral, os \u00e2nimos se acirram e muitos come\u00e7am a comparar que Fulano foi &#8220;mais culpado&#8221; que Cicrano, ou que Beltrano fez isso ou aquilo que outros n\u00e3o fizeram. E as acusa\u00e7\u00f5es e trocas de farpas n\u00e3o terminam nunca.<\/p>\n<p>Particularmente, acho esse tipo de postura in\u00f3cua para o que mais interessa, que \u00e9 melhorar nosso clube para o futuro.<\/p>\n<p>Por isso mesmo, resolvi escrever este artigo para ver se colocamos um pouco de luz racional nesse assunto, tentando identificar <strong>de quem \u00e9 a culpa<\/strong>.<\/p>\n<p>Vamos voltar um pouco no tempo: na \u00faltima d\u00e9cada do s\u00e9culo passado, tivemos contabilizados:<\/p>\n<p><strong>2 t\u00edtulos continentais<\/strong>\u00a0(Libertadores 1998 e Mercosul 2000);<br \/>\n<strong>3 t\u00edtulos nacionais\/interestaduais<\/strong> (Brasileiro 1997 e 2000, Jo\u00e3o Havelange 1993);<br \/>\n4 t\u00edtulos estaduais (1992, 1993, 1994, 1998);<br \/>\n<strong>3 t\u00edtulos no estrangeiro<\/strong> (Trof\u00e9u Cidade de Barcelona 1993, Trof\u00e9u Cidade de Palma de Malorca 1995, Trof\u00e9u Bartolotti 1997);<\/p>\n<p>Isso sem contar as conquistas em outras modalidades, al\u00e9m do futebol.<\/p>\n<p>Bom, ent\u00e3o vamos adiantar um pouco mais, e, ao inv\u00e9s de uma \u00fanica d\u00e9cada, vamos pegar todo o transcurso de tempo deste novo mil\u00eanio (17 anos at\u00e9 a confec\u00e7\u00e3o deste artigo):<\/p>\n<p><strong>0 t\u00edtulos continentais<\/strong>;<br \/>\n<strong>1 t\u00edtulo nacional\/interestadual<\/strong> (Copa do Brasil 2011);<br \/>\n3 t\u00edtulos estaduais (2003, 2015 e 2016);<br \/>\n<strong>0 t\u00edtulos no estrangeiro<\/strong>;<br \/>\n<strong>3 rebaixamentos para a s\u00e9rie B nacional<\/strong> (2009, 2014 e 2016, sendo que, de forma vergonhosa, s\u00f3 conseguimos um t\u00edtulo l\u00e1, que foi em 2009 &#8211; nas demais edi\u00e7\u00f5es, subimos com muita dificuldade);<\/p>\n<p>Nos \u00faltimos 17 anos, tivemos dois presidentes no comando: Um deles foi Eurico Miranda, no per\u00edodo de 2001 a 2008 (quando perdeu o mandato\u00a0do Vasco por problemas na justi\u00e7a), reassumindo o clube em\u00a02014 e permanecendo at\u00e9 hoje. O outro foi Roberto Dinamite, que assumiu em 2008 e saiu em 2014.<\/p>\n<p>Eurico e Dinamite s\u00e3o co-autores do rebaixamento de 2008 (uma an\u00e1lise s\u00e9ria e apartid\u00e1ria n\u00e3o pode isolar a causa como sendo de apenas um deles). E ambos foram respons\u00e1veis exclusivos por um rebaixamento cada, sendo que Eurico colocou como promessa de campanha que nas m\u00e3os dele o Vasco jamais cairia.<\/p>\n<p>Vasco j\u00e1 foi o clube de maior torcida do pa\u00eds, com o crescimento vertiginoso que teve ap\u00f3s seu\u00a0surgimento bomb\u00e1stico na d\u00e9cada de 20, a resposta hist\u00f3rica e a constru\u00e7\u00e3o do maior est\u00e1dio da Am\u00e9rica do Sul (at\u00e9 o surgimento do Maracan\u00e3 em 1950), al\u00e9m, \u00e9 claro, do Expresso da Vit\u00f3ria e o fant\u00e1stico t\u00edtulo continental de 1948, hoje reconhecido pela CONMEBOL como o precursor da Libertadores, e tendo o Vasco como seu primeiro campe\u00e3o.<\/p>\n<p>Ap\u00f3s 1950 o Vasco passou por momentos dif\u00edceis, pois seu crescimento vertiginoso levou a disputas internas no clube. O Flamengo se aproveitou disso, j\u00e1 que era o clube\u00a0que rivalizava em torcida com o Vasco. Atrav\u00e9s de um torcedor fan\u00e1tico, dono do maior ve\u00edculo de comunica\u00e7\u00e3o brasileiro (Roberto Marinho), o Flamengo, que n\u00e3o possu\u00eda nenhum t\u00edtulo de express\u00e3o at\u00e9 1980, se tornou o clube de maior torcida, gra\u00e7as a um per\u00edodo de extrema \u00eanfase da m\u00eddia cultuando uma suposta &#8220;m\u00edstica&#8221; do clube, e colocando o Vasco em segundo plano.<\/p>\n<p>Os anos se passaram. S\u00e3o Paulo cresceu de maneira assombrosa em termos de popula\u00e7\u00e3o, e, com isso, levantou rapidamente o n\u00famero de torcedores de seus principais clubes. O Vasco mergulha ent\u00e3o no s\u00e9culo XXI amargando administra\u00e7\u00f5es inaptas e permitindo que outros clubes conquistassem torcida at\u00e9 onde se seria inimagin\u00e1vel para eles. A falta de grandes conquistas, que formaram nossa torcida no s\u00e9culo XX, contribuiu decisivamente para o n\u00e3o crescimento de nossa torcida. Hoje temos ainda uma torcida gigante mas que n\u00e3o \u00e9 cativada pelas administra\u00e7\u00f5es do clube e que, por isso, est\u00e1 desmotivada. Vasco e Flamengo s\u00e3o hoje os \u00fanicos clubes onde h\u00e1 mais torcedores fora do que em seu pr\u00f3prio estado sede. Mas, mesmo sabendo disso, hoje temos um plano s\u00f3cio-torcedor que disputa fortemente para levar o t\u00edtulo de pior programa de s\u00f3cios do Brasil.<\/p>\n<p>Al\u00e9m disso, o clube parou no tempo. N\u00e3o modernizou seu est\u00e1dio, que ruma aos 100 anos e nos deixa preocupados. Suas sedes em locais caros, pela pouca utiliza\u00e7\u00e3o, despertam a cobi\u00e7a de governos locais e tamb\u00e9m de especula\u00e7\u00e3o imobili\u00e1ria. J\u00e1 perdemos um local privilegiado no passado, onde hoje est\u00e1 o camel\u00f3dromo do Rio. Vamos perder mais patrim\u00f4nio? E olha que sequer estou falando do imenso terreno localizado em Duque de Caxias, na rodovia Washington Luiz, que j\u00e1 teve grande parte de sua \u00e1rea dilapidada para um Hospital da prefeitura local.<\/p>\n<p>Portanto, amigo leitor, o Vasco hoje tem um grande problema de Gest\u00e3o? Obviamente sim! Balan\u00e7os duvidosos, den\u00fancias de fraudes eleitorais, e um clube que reluta em entrar no s\u00e9culo XXI s\u00e3o apenas o lado mais midi\u00e1tico de nossos problemas. H\u00e1 um sem n\u00famero de problemas, mais t\u00e9cnicos (e dif\u00edceis de se explicar em poucas palavras ao p\u00fablico em geral), mas n\u00e3o menos importantes para explicar nosso &#8220;apequenamento&#8221;.<\/p>\n<p>A tese que defendo \u00e9 que Eurico Miranda n\u00e3o \u00e9 a causa de nossos problemas! <strong>Ele \u00e9 a consequ\u00eancia cruel de uma maneira de pensar completamente errada que se instalou em nosso clube<\/strong>. Eurico, muito sagaz, percebeu isso e criou o mito do &#8220;Don Corleone&#8221; Vasca\u00edno, se tornando o &#8220;Salvador da P\u00e1tria&#8221; Vasca\u00edna. N\u00e3o sei do que ele est\u00e1 salvando o Vasco, mas seus defensores sempre acham argumentos para defend\u00ea-lo. E porque acham esses argumentos? Porque pensam da mesma forma! Eurico \u00e9 apenas um l\u00edder, que assumiu seu papel perante essa forma de pensar, e que est\u00e1 levando nosso clube a uma morte lenta e dolorosa. Eurico, e Dinamite (como gestor), n\u00e3o representam os ideais de nossos antepassados, fundadores do clube.<\/p>\n<p><strong>O Vasco tem uma alma<\/strong>! Sua alma \u00e9 formada de car\u00e1ter, retid\u00e3o, toler\u00e2ncia com quem n\u00e3o pensa igual a n\u00f3s, respeito \u00e0 todo tipo de diferen\u00e7a, seja ela de cor, de g\u00eanero, de classe social ou mesmo religiosa! A alma vasca\u00edna \u00e9 composta de uni\u00e3o e amor.\u00a0<strong>N\u00e3o somos formados de prepot\u00eancia, beliger\u00e2ncia, e vit\u00f3ria (no futebol e na pol\u00edtica) forjada a qualquer pre\u00e7o<\/strong>! Esse tipo de esp\u00edrito n\u00e3o condiz com a nossa ess\u00eancia! \u00c9 por isso que a torcida vasca\u00edna est\u00e1 sem rumo&#8230; sem um norte! Perdemos nossas refer\u00eancias para uma forma de pensar muito mais prop\u00edcia ao Flamengo e Fluminense, do que ao Vasco. <strong>E, como perdemos identidade, estamos cometendo uma autofagia, nos destruindo lentamente<\/strong>. \u00c9 um c\u00e2ncer que tomou nosso corpo e que nos levar\u00e1 a morte!<\/p>\n<p>Portanto, amigo vasca\u00edno, temos que refletir e entender o que est\u00e1 acontecendo no clube! N\u00e3o percamos tempo discutindo quem foi melhor ou pior, quem fez ou quem n\u00e3o fez. Essa discuss\u00e3o \u00e9 in\u00f3cua se mantivermos a mesma forma de pensar suicida que adotamos anos atr\u00e1s e que est\u00e3o nos levando a ru\u00edna! Precisamos parar de discutir o que n\u00e3o nos trar\u00e1 resultados e come\u00e7ar a discutir o que \u00e9 importante para o clube, como institui\u00e7\u00e3o, e n\u00e3o para &#8220;pessoas&#8221;! Entende agora <strong>de quem \u00e9 a culpa<\/strong>? A culpa \u00e9 de todo o vasca\u00edno, de uma forma geral, que permitiu que cheg\u00e1ssemos a esse ponto. <strong>E a responsabilidade de sairmos do buraco tamb\u00e9m \u00e9 nossa<\/strong>!<\/p>\n<p>Estamos em um ano eleitoral! Independente de paix\u00f5es, e independente de nomes e poss\u00edveis candidatos, sejam eles empres\u00e1rios, pol\u00edticos, gestores, ou quem mais se colocar como a &#8220;salva\u00e7\u00e3o do Vasco&#8221;, deixemos as discuss\u00f5es f\u00fateis de lado e \u00a0<strong>sejamos s\u00e9rios e pragm\u00e1ticos<\/strong>! Pensem: <strong>qual \u00e9 o verdadeiro Vasco e qual Vasco queremos para o s\u00e9culo XXI<\/strong>? Vamos discutir isso em nossos grupos de redes sociais, sem paix\u00f5es, e sem se preocupar com nomes agora. <strong>Precisamos agora \u00e9 discutir Vasco, e n\u00e3o os nomes para o Vasco<\/strong>. Os nomes surgir\u00e3o at\u00e9 a elei\u00e7\u00e3o.<\/p>\n<p>S\u00f3 assim poderemos salvar nosso clube de sua extin\u00e7\u00e3o. Propague essa ideia! Discuta! Reflita! <strong>Vamos resgatar o Vasco de nossos antepassados de volta as suas ra\u00edzes!<\/strong><\/p>\n<p>Finalizando, n\u00e3o poderia deixar de lembrar o grande dia que \u00e9 hoje! H\u00e1 exatos 93 anos, nosso clube tomou uma decis\u00e3o que mudou os rumos do futebol deste pa\u00eds! A <strong>Resposta Hist\u00f3rica<\/strong>, como \u00e9 conhecida atualmente, foi um dos maiores marcos hist\u00f3ricos de nosso clube. Reproduzo abaixo seu texto e o documento exposto em nossa Sala de Trof\u00e9us. <strong>Nossas rever\u00eancias\u00a0a todos aqueles que participaram desse momento grandioso de nosso clube<\/strong>!<\/p>\n<p>SV<\/p>\n<p>Andr\u00e9 Pedro<\/p>\n<p>&nbsp;<\/p>\n<p style=\"text-align: center;\"><strong>RESPOSTA HIST\u00d3RICA<\/strong><\/p>\n<p>&#8220;<em>Rio de Janeiro, 7 de Abril de 1924.<\/em><br \/>\n<em>Of\u00edcio nr. 261<\/em><br \/>\n<em>Exmo. Sr. Dr. Arnaldo Guinle<\/em><br \/>\n<em>M.D. Presidente da Associa\u00e7\u00e3o Metropolitana de Esportes Atl\u00e9ticos<\/em><\/p>\n<p><em>As resolu\u00e7\u00f5es divulgadas hoje pela imprensa, tomadas em reuni\u00e3o de ontem pelos altos poderes da Associa\u00e7\u00e3o a que V.Exa t\u00e3o dignamente preside, colocam o Club de Regatas Vasco da Gama numa tal situa\u00e7\u00e3o de inferioridade, que absolutamente n\u00e3o pode ser justificada nem pela defici\u00eancia do nosso campo, nem pela simplicidade da nossa sede, nem pela condi\u00e7\u00e3o modesta de grande n\u00famero dos nossos associados.<\/em><\/p>\n<p><em>Os privil\u00e9gios concedidos aos cinco clubes fundadores da AMEA e a forma por que ser\u00e1 exercido o direito de discuss\u00e3o e voto, e feitas as futuras classifica\u00e7\u00f5es, obrigam-nos a lavrar o nosso protesto contra as citadas resolu\u00e7\u00f5es.<\/em><\/p>\n<p><em>Quanto \u00e0 condi\u00e7\u00e3o de eliminarmos doze (12) dos nossos jogadores das nossas equipes, resolve por unanimidade a diretoria do Club de Regatas Vasco da Gama n\u00e3o a dever aceitar, por n\u00e3o se conformar com o processo por que foi feita a investiga\u00e7\u00e3o das posi\u00e7\u00f5es sociais desses nossos cons\u00f3cios, investiga\u00e7\u00f5es levadas a um tribunal onde n\u00e3o tiveram nem representa\u00e7\u00e3o nem defesa.<\/em><\/p>\n<p><em>Estamos certos que V.Exa. ser\u00e1 o primeiro a reconhecer que seria um ato pouco digno da nossa parte sacrificar ao desejo de filiar-se \u00e0 AMEA alguns dos que lutaram para que tiv\u00e9ssemos entre outras vit\u00f3rias a do campeonato de futebol da cidade do Rio de Janeiro de 1923.<\/em><\/p>\n<p><em>S\u00e3o esses doze jogadores jovens, quase todos brasileiros, no come\u00e7o de sua carreira e o ato p\u00fablico que os pode macular nunca ser\u00e1 praticado com a solidariedade dos que dirigem a casa que os acolheu, nem sob o pavilh\u00e3o que eles, com tanta galhardia, cobriram de gl\u00f3rias.<\/em><\/p>\n<p><em>Nestes termos, sentimos ter que comunicar a V.Exa. que desistimos de fazer parte da AMEA.<\/em><\/p>\n<p><em>Queira V.Exa. aceitar os protestos de considera\u00e7\u00e3o e estima de quem tem a honra de se subscrever, de V.Exa. At. Vnr. Obrigado<\/em><\/p>\n<p><em>(a) Dr. Jos\u00e9 Augusto Prestes<\/em><br \/>\n<em>Presidente<\/em>&#8221;<\/p>\n<p><a href=\"https:\/\/webvasco.com\/artigos\/wp-content\/uploads\/2017\/04\/RespostaHistorica.jpg\"><img loading=\"lazy\" decoding=\"async\" class=\"size-medium wp-image-8145 aligncenter\" src=\"https:\/\/webvasco.com\/artigos\/wp-content\/uploads\/2017\/04\/RespostaHistorica-291x300.jpg\" alt=\"\" width=\"291\" height=\"300\" srcset=\"https:\/\/webvasco.com\/artigos\/wp-content\/uploads\/2017\/04\/RespostaHistorica-291x300.jpg 291w, https:\/\/webvasco.com\/artigos\/wp-content\/uploads\/2017\/04\/RespostaHistorica-145x150.jpg 145w, https:\/\/webvasco.com\/artigos\/wp-content\/uploads\/2017\/04\/RespostaHistorica.jpg 600w\" sizes=\"auto, (max-width: 291px) 100vw, 291px\" \/><\/a><\/p>\n","protected":false},"excerpt":{"rendered":"<p>Caros vasca\u00ednos, Em ano eleitoral, os \u00e2nimos se acirram e muitos come\u00e7am a comparar que&#8230;<\/p>\n","protected":false},"author":5,"featured_media":8147,"comment_status":"open","ping_status":"closed","sticky":false,"template":"","format":"standard","meta":{"footnotes":""},"categories":[2,3],"tags":[],"class_list":["post-8141","post","type-post","status-publish","format-standard","has-post-thumbnail","hentry","category-andrepedro","category-colunistas"],"_links":{"self":[{"href":"https:\/\/webvasco.com\/artigos\/wp-json\/wp\/v2\/posts\/8141","targetHints":{"allow":["GET"]}}],"collection":[{"href":"https:\/\/webvasco.com\/artigos\/wp-json\/wp\/v2\/posts"}],"about":[{"href":"https:\/\/webvasco.com\/artigos\/wp-json\/wp\/v2\/types\/post"}],"author":[{"embeddable":true,"href":"https:\/\/webvasco.com\/artigos\/wp-json\/wp\/v2\/users\/5"}],"replies":[{"embeddable":true,"href":"https:\/\/webvasco.com\/artigos\/wp-json\/wp\/v2\/comments?post=8141"}],"version-history":[{"count":5,"href":"https:\/\/webvasco.com\/artigos\/wp-json\/wp\/v2\/posts\/8141\/revisions"}],"predecessor-version":[{"id":8148,"href":"https:\/\/webvasco.com\/artigos\/wp-json\/wp\/v2\/posts\/8141\/revisions\/8148"}],"wp:featuredmedia":[{"embeddable":true,"href":"https:\/\/webvasco.com\/artigos\/wp-json\/wp\/v2\/media\/8147"}],"wp:attachment":[{"href":"https:\/\/webvasco.com\/artigos\/wp-json\/wp\/v2\/media?parent=8141"}],"wp:term":[{"taxonomy":"category","embeddable":true,"href":"https:\/\/webvasco.com\/artigos\/wp-json\/wp\/v2\/categories?post=8141"},{"taxonomy":"post_tag","embeddable":true,"href":"https:\/\/webvasco.com\/artigos\/wp-json\/wp\/v2\/tags?post=8141"}],"curies":[{"name":"wp","href":"https:\/\/api.w.org\/{rel}","templated":true}]}}