{"id":8149,"date":"2017-04-09T10:58:20","date_gmt":"2017-04-09T13:58:20","guid":{"rendered":"http:\/\/webvasco.com\/artigos\/?p=8149"},"modified":"2017-04-09T10:58:35","modified_gmt":"2017-04-09T13:58:35","slug":"mrv","status":"publish","type":"post","link":"https:\/\/webvasco.com\/artigos\/colunistas\/luizcarlosrocha\/mrv\/","title":{"rendered":"MRV!"},"content":{"rendered":"<div>\n<div style=\"color:#000; background-color:#fff; font-family:HelveticaNeue-Light, Helvetica Neue Light, Helvetica Neue, Helvetica, Arial, Lucida Grande, sans-serif;font-size:32px\">\n<div style=\"text-align:justify\" id=\"yui_3_16_0_1_1490566029562_1249198\"><span style=\"font-size:14.0pt;line-height:107%;font-family:&quot;Arial&quot;,sans-serif\" id=\"yui_3_16_0_1_1490566029562_1249199\">A camisa Molamba profetizou o  feito. Nas costas o Patrocinador MRV era a sigla da freguesia. MRV: Minha  Rever\u00eancia ao Vasco! O empate sem gols, no Maracan\u00e3, em partida v\u00e1lida pela  Semifinal da Ta\u00e7a Rio, levou o Vasco da Gama a disputar a final, no fim de  semana que vem, no Est\u00e1dio Nilton Santos, popularmente conhecido como Engenh\u00e3o.<o:p id=\"yui_3_16_0_1_1490566029562_1249200\"><\/o:p><\/span><\/div>\n<div style=\"text-align:justify\" id=\"yui_3_16_0_1_1490566029562_1249201\"><span style=\"font-size:14.0pt;line-height:107%;font-family:&quot;Arial&quot;,sans-serif\" id=\"yui_3_16_0_1_1490566029562_1249202\">&nbsp;&nbsp;&nbsp; Mais uma vez Paolo Guerrero ficou no quase,  em confronto com o Cruzmaltino. \u00c9 a sina dele sofrer diante da Imensa Torcida  Bem Feliz. Quem tamb\u00e9m pagou um mico foi o meia Diego. Considerado o salvador  da G\u00e1vea levou um chap\u00e9u do menino Gilberto, mas grande parte desta m\u00eddia  vendida para o sistema FlaPress achou melhor esconder o sol com a peneira.<o:p id=\"yui_3_16_0_1_1490566029562_1249203\"><\/o:p><\/span><\/div>\n<div style=\"text-align:justify\" id=\"yui_3_16_0_1_1490566029562_1249204\"><span style=\"font-size:14.0pt;line-height:107%;font-family:&quot;Arial&quot;,sans-serif\" id=\"yui_3_16_0_1_1490566029562_1249205\">&nbsp;&nbsp;&nbsp; Hoje sair\u00e1 o finalista da Ta\u00e7a Rio, em  confronto da Cachorrada com as Meninas das Laranjocas. Qualquer que seja o  resultado o Mach\u00e3o da Gama ir\u00e1 atropelar! \u00c9 not\u00f3rio a evolu\u00e7\u00e3o do time com a  sa\u00edda do Estagi\u00e1rio, e a chegada de Milton Mendes. Mas \u00e9 preciso ressaltar, que  o Campeonato Brasileiro ter\u00e1 uma disputa muito mais \u00e1rdua. A f\u00f3rmula da  competi\u00e7\u00e3o \u00e9 outra.<o:p id=\"yui_3_16_0_1_1490566029562_1249206\"><\/o:p><\/span><\/div>\n<div style=\"text-align:justify\" id=\"yui_3_16_0_1_1490566029562_1249207\"><span style=\"font-size:14.0pt;line-height:107%;font-family:&quot;Arial&quot;,sans-serif\" id=\"yui_3_16_0_1_1490566029562_1249208\">&nbsp;&nbsp;&nbsp; De qualquer maneira \u00e9 um bom laborat\u00f3rio,  mas se faz necess\u00e1rio ter os p\u00e9s no ch\u00e3o (neste caso na bola). O time de S\u00e3o  Janu\u00e1rio tem tudo para sagra-se tricampe\u00e3o carioca, e mostrar porque \u00e9 chamado  de Gigante da Colina!<o:p id=\"yui_3_16_0_1_1490566029562_1249209\"><\/o:p><\/span><\/div>\n<div style=\"text-align:justify\" id=\"yui_3_16_0_1_1490566029562_1249210\"><b id=\"yui_3_16_0_1_1490566029562_1249211\"><u id=\"yui_3_16_0_1_1490566029562_1249212\"><span style=\"font-size:14.0pt;line-height:107%;font-family:&quot;Arial&quot;,sans-serif\" id=\"yui_3_16_0_1_1490566029562_1249213\">PETRICK  OLIVEIRA DA SILVA:<\/span><\/u><\/b><span style=\"font-size:14.0pt;line-height:107%;font-family:&quot;Arial&quot;,sans-serif\" id=\"yui_3_16_0_1_1490566029562_1249214\"> &nbsp;Aos  26 dias do m\u00eas de mar\u00e7o, do corrente ano, na Travessa Montenegro, no Bairro  Jorge Teixeira, Zona Leste de Manaus\/AM, Petrick, de 15 anos e Nilson Batista  da Concei\u00e7\u00e3o Mendes, de 21 se estranharam, sendo eles vizinhos. Relataram o  fato aos seus pais Mauro Cust\u00f3dio da Silva, de 36, e Jo\u00e3o Batista Mendes  Sobrinho, de 54, respectivamente. Mas n\u00e3o parou por a\u00ed. Mauro \u2013 que foi tomar  as dores do filho \u2013 deu um pis\u00e3o no peito de Nilson. Ao ver sua cria debaixo do  p\u00e9 do vizinho, Jo\u00e3o sacou um rev\u00f3lver e atirou em Mauro. No calor da emo\u00e7\u00e3o  Petrick tentou socorrer, bem como defender seu pai e foi baleado com um tiro na  cabe\u00e7a, vindo a \u00f3bito imediatamente, sem qualquer chance de defesa. Segundo a  Delegacia de Homic\u00eddios, no dia 25, os meninos j\u00e1 haviam brigado e s\u00f3 pararam  com a chegada da Pol\u00edcia Militar. Informou tamb\u00e9m a Homic\u00eddios que Jo\u00e3o ap\u00f3s  cometer os delitos de homic\u00eddio e tentativa de homic\u00eddio se evadiu do local em  uma Pick Up L200, de cor cinza e placas n\u00e3o anotadas. Moradores relataram que o  assassino j\u00e1 arrumou confus\u00e3o com outros moradores. A imprensa local (Em Tempo,  D24AM, A Cr\u00edtica, Amazonas Not\u00edcias e Di\u00e1rio Manauara) noticiou amplamente o  fato. Petrick era torcedor do Flamengo, por adorar esportes, especificamente o  futebol, tinha como objetivo tornar-se Professor de Educa\u00e7\u00e3o F\u00edsica. Seu \u00eddolo  era nada mais, nada menos do que Cristiano Ronaldo. Mas respeitava e admirava o  amor que a m\u00e3e dele Melissa Oliveira tem pelo Vasco da Gama, exercendo  brilhantemente a paz entre as torcidas! Petrick Descanse em Paz!<o:p id=\"yui_3_16_0_1_1490566029562_1249215\"><\/o:p><\/span><\/div>\n<div style=\"text-align:justify\" id=\"yui_3_16_0_1_1490566029562_1249216\"><span style=\"font-size:14.0pt;line-height:107%;font-family:&quot;Arial&quot;,sans-serif\" id=\"yui_3_16_0_1_1490566029562_1249217\"><o:p id=\"yui_3_16_0_1_1490566029562_1249218\">&nbsp;<\/o:p><\/span><\/div>\n<div style=\"text-align:justify\" id=\"yui_3_16_0_1_1490566029562_1249219\"><b id=\"yui_3_16_0_1_1490566029562_1249220\"><u id=\"yui_3_16_0_1_1490566029562_1249221\"><span style=\"font-size:14.0pt;line-height:107%;font-family:&quot;Arial&quot;,sans-serif\" id=\"yui_3_16_0_1_1490566029562_1249222\">PERPLEXO  COM O PODER JUDICI\u00c1RIO:<o:p id=\"yui_3_16_0_1_1490566029562_1249223\"><\/o:p><\/span><\/u><\/b><\/div>\n<div style=\"text-align:justify\" id=\"yui_3_16_0_1_1490566029562_1249224\"><span style=\"font-size:14.0pt;line-height:107%;font-family:&quot;Arial&quot;,sans-serif\" id=\"yui_3_16_0_1_1490566029562_1249225\">DEPOIS DE AGUARDAR <b id=\"yui_3_16_0_1_1490566029562_1249226\">45 MESES, OU SEJA, 3 ANOS E NOVE MESES  (CARRO DESDE 10 DE JUNHO DE 2013)<\/b> COM O CARRO PRESO NA OFICINA DA ABOLI\u00c7\u00c3O  VE\u00cdCULOS COM APENAS 729 KM RODADOS, EM UM PROCESSO COM 6 VOLUMES, NA 1\u00aa VARA  CIVEL, DA COMARCA DE NITER\u00d3I\/RJ, REGIONAL OCE\u00c2NICA, A SENTEN\u00c7A FOI INDEFERIR  TODOS OS MEUS PEDIDOS E AINDA CONDENAR EM 10% DE CUSTAS JUDICIAIS. OU SEJA,  FIQUEI SEM CARRO ESSE TEMPO TODO (MESMO PAGANDO \u00c0 VISTA POR ELE), JUNTEI PROVAS  COMO REGISTRO DE OCORR\u00caNCIA DA POL\u00cdCIA CIVIL\/RJ, BOLETIM DE OCORR\u00caNCIA DA  POLICIA MILITAR\/RJ, ORDENS DE SERVI\u00c7O, MAIS DE 600 FOTOGRAFIAS, MAIS DE 40  \u00c1UDIOS, NOTAS FISCAIS, NOTAS DE T\u00c1XI, PRONTU\u00c1RIOS M\u00c9DICOS, POIS NESTE PER\u00cdODO  TIVE PROBLEMAS DE SA\u00daDE, BEM COMO MEUS FAMILIARES, TENDO UMA FILHA QUE HOJE TEM  APENAS 5 ANOS, NA \u00c9POCA POUCO MAIS DE 1 ANINHO. VALE LEMBRAR, QUE OS PRIMEIROS  DEFEITOS SE DERAM QUANDO O CARRO TINHA MENOS DE 30 KM RODADOS. TUDO ISSO PARA  NADA. QUEM GOSTOU DO RESULTADO DA DOUTA MAGRISTRADA FORAM AS EMPRESAS R\u00c9S \u2013 QUE  ME LESARAM \u2013 ABOLI\u00c7\u00c3O VE\u00cdCULOS E VW DO BRASIL (PROCESSO: No  0016370-44.2013.8.19.0212).<o:p id=\"yui_3_16_0_1_1490566029562_1249227\"><\/o:p><\/span><\/div>\n<div style=\"text-align:justify\" id=\"yui_3_16_0_1_1490566029562_1249228\"><b id=\"yui_3_16_0_1_1490566029562_1249229\"><span style=\"font-size:14.0pt;line-height:107%;font-family:&quot;Arial&quot;,sans-serif\" id=\"yui_3_16_0_1_1490566029562_1249230\">&nbsp;<o:p id=\"yui_3_16_0_1_1490566029562_1249231\"><\/o:p><\/span><\/b><\/div>\n<div style=\"text-align:justify\" id=\"yui_3_16_0_1_1490566029562_1249232\"><b id=\"yui_3_16_0_1_1490566029562_1249233\"><span style=\"font-size:14.0pt;line-height:107%;font-family:&quot;Arial&quot;,sans-serif\" id=\"yui_3_16_0_1_1490566029562_1249234\">&nbsp;&nbsp;&nbsp;&nbsp;&nbsp;&nbsp;&nbsp;&nbsp;&nbsp;&nbsp;&nbsp;&nbsp;&nbsp;&nbsp; <o:p id=\"yui_3_16_0_1_1490566029562_1249235\"><\/o:p><\/span><\/b><\/div>\n<div style=\"text-align:justify\" id=\"yui_3_16_0_1_1490566029562_1249236\"><b id=\"yui_3_16_0_1_1490566029562_1249237\"><span style=\"font-size:14.0pt;line-height:107%;font-family:&quot;Arial&quot;,sans-serif\" id=\"yui_3_16_0_1_1490566029562_1249238\">&nbsp;&nbsp;&nbsp;&nbsp;&nbsp;&nbsp;&nbsp;&nbsp;&nbsp;&nbsp;&nbsp;&nbsp;&nbsp;&nbsp;&nbsp;&nbsp;&nbsp;&nbsp;&nbsp;&nbsp;&nbsp;&nbsp;&nbsp;&nbsp;&nbsp;&nbsp;&nbsp;&nbsp;&nbsp;&nbsp; <o:p id=\"yui_3_16_0_1_1490566029562_1249239\"><\/o:p><\/span><\/b><\/div>\n<div style=\"text-align:justify\" id=\"yui_3_16_0_1_1490566029562_1249240\"><b id=\"yui_3_16_0_1_1490566029562_1249241\"><span style=\"font-size:14.0pt;line-height:107%;font-family:&quot;Arial&quot;,sans-serif\" id=\"yui_3_16_0_1_1490566029562_1249242\">AP\u00d3S  AS TODAS AS PARTIDAS DO VASC\u00c3O EM MEU PERFIL DO FACEBOOK (QUEM QUISER RECEBER  AS CR\u00d4NICAS DE PRIMEIRA M\u00c3O \u00c9 S\u00d3 ME ADICIONAR), E NO SITE WEBVASCO  (<a href=\"http:\/\/www.webvasco.com\">www.webvasco.com<\/a>), TEM A OPINI\u00c3O DO JORNALISTA LUIZ CARLOS ROCHA. LEIAM!  COMPARTILHEM E CURTAM! VASCA\u00cdNOS UNIDOS JAMAIS SER\u00c3O VENCIDOS.<o:p id=\"yui_3_16_0_1_1490566029562_1249243\"><\/o:p><\/span><\/b><\/div>\n<div id=\"yui_3_16_0_1_1490566029562_1249003\">                                                <\/div>\n<div style=\"text-align:justify\" dir=\"ltr\" id=\"yui_3_16_0_1_1490566029562_1249244\"><span style=\"font-size:14.0pt;line-height:107%;font-family:&quot;Arial&quot;,sans-serif\" id=\"yui_3_16_0_1_1490566029562_1249245\"><o:p id=\"yui_3_16_0_1_1490566029562_1249246\">&nbsp;<\/o:p><\/span><\/div>\n<div id=\"yui_3_16_0_1_1490566029562_1249003\"><span><br \/><\/span><\/div>\n<div id=\"yui_3_16_0_1_1490566029562_1249003\"><span><br \/><\/span><\/div>\n<div id=\"yui_3_16_0_1_1490566029562_1249003\"><span><br \/><\/span><\/div>\n<div><\/div>\n<div id=\"yui_3_16_0_1_1490566029562_1249004\">&nbsp;<\/div>\n<div class=\"signature\" id=\"yui_3_16_0_1_1490566029562_1249012\">\n<div id=\"RTEContent\">\n<div id=\"yui_3_16_0_1_1490566029562_1249011\">\n<div id=\"yui_3_16_0_1_1490566029562_1249010\">\n<div id=\"yui_3_16_0_1_1490566029562_1249009\">\n<div align=\"center\" id=\"yui_3_16_0_1_1490566029562_1249008\"><\/div>\n<\/div>\n<\/div>\n<\/div>\n<\/div>\n<\/div>\n<\/div>\n<\/div>\n<p><\/p>\n","protected":false},"excerpt":{"rendered":"<p>A camisa Molamba profetizou o feito. Nas costas o Patrocinador MRV era a sigla da&#8230;<\/p>\n","protected":false},"author":7,"featured_media":8150,"comment_status":"open","ping_status":"closed","sticky":false,"template":"","format":"standard","meta":{"footnotes":""},"categories":[4],"tags":[],"class_list":["post-8149","post","type-post","status-publish","format-standard","has-post-thumbnail","hentry","category-luizcarlosrocha"],"_links":{"self":[{"href":"https:\/\/webvasco.com\/artigos\/wp-json\/wp\/v2\/posts\/8149","targetHints":{"allow":["GET"]}}],"collection":[{"href":"https:\/\/webvasco.com\/artigos\/wp-json\/wp\/v2\/posts"}],"about":[{"href":"https:\/\/webvasco.com\/artigos\/wp-json\/wp\/v2\/types\/post"}],"author":[{"embeddable":true,"href":"https:\/\/webvasco.com\/artigos\/wp-json\/wp\/v2\/users\/7"}],"replies":[{"embeddable":true,"href":"https:\/\/webvasco.com\/artigos\/wp-json\/wp\/v2\/comments?post=8149"}],"version-history":[{"count":0,"href":"https:\/\/webvasco.com\/artigos\/wp-json\/wp\/v2\/posts\/8149\/revisions"}],"wp:featuredmedia":[{"embeddable":true,"href":"https:\/\/webvasco.com\/artigos\/wp-json\/wp\/v2\/media\/8150"}],"wp:attachment":[{"href":"https:\/\/webvasco.com\/artigos\/wp-json\/wp\/v2\/media?parent=8149"}],"wp:term":[{"taxonomy":"category","embeddable":true,"href":"https:\/\/webvasco.com\/artigos\/wp-json\/wp\/v2\/categories?post=8149"},{"taxonomy":"post_tag","embeddable":true,"href":"https:\/\/webvasco.com\/artigos\/wp-json\/wp\/v2\/tags?post=8149"}],"curies":[{"name":"wp","href":"https:\/\/api.w.org\/{rel}","templated":true}]}}