{"id":8152,"date":"2017-04-16T22:08:32","date_gmt":"2017-04-17T01:08:32","guid":{"rendered":"http:\/\/webvasco.com\/artigos\/?p=8152"},"modified":"2017-04-16T23:29:36","modified_gmt":"2017-04-17T02:29:36","slug":"bacalhau-e-chocolate","status":"publish","type":"post","link":"https:\/\/webvasco.com\/artigos\/colunistas\/luizcarlosrocha\/bacalhau-e-chocolate\/","title":{"rendered":"BACALHAU E CHOCOLATE!"},"content":{"rendered":"<div>\n<div style=\"color: #000; background-color: #fff; font-family: Helvetica Neue, Helvetica, Arial, Lucida Grande, sans-serif; font-size: 32px;\">\n<div id=\"yui_3_16_0_ym19_1_1492050076650_351429\" style=\"text-align: justify;\"><span id=\"yui_3_16_0_ym19_1_1492050076650_351430\" style=\"font-size: 14.0pt; line-height: 107%; font-family: 'Arial',sans-serif;\">\u00a0 \u00a0Em plena Semana Santa, especificamente no Domingo de P\u00e1scoa, o Vasco da Gama venceu o Botafogo, por 2 a 0, com gols de Douglas e Lu\u00eds Fabiano, e sagrou-se Campe\u00e3o da Ta\u00e7a Rio, pela d\u00e9cima vez na hist\u00f3ria (sendo dos grandes clubes o maior detentor, seguido do Flamengo com 8). As 20.469 pessoas presentes no Est\u00e1dio Nilton Santos puderam ver a festa cruzmaltina. Nada mais justo do que comemorar com bacalhau e chocolate!<\/span><\/div>\n<div id=\"yui_3_16_0_ym19_1_1492050076650_351432\" style=\"text-align: justify;\"><span id=\"yui_3_16_0_ym19_1_1492050076650_351433\" style=\"font-size: 14.0pt; line-height: 107%; font-family: 'Arial',sans-serif;\">\u00a0\u00a0\u00a0 No s\u00e1bado, dia 22 de mar\u00e7o, \u00e0s 19h, em local a ser definido ao longo da semana pela FERJ, o Mach\u00e3o da Gama enfrentar\u00e1 as Tricoletes. Ser\u00e1 o confronto do campe\u00e3o do primeiro turno, contra o campe\u00e3o do segundo. Ou seja, na velha m\u00e1xima primeiro as damas, por isso ganhamos o returno. Por\u00e9m, na final do Carioca a filosofia ser\u00e1 outra: \u201cFarinha pouca? Meu pir\u00e3o primeiro!\u201d. Que venham as Flores!<\/span><\/div>\n<div id=\"yui_3_16_0_ym19_1_1492050076650_351435\" style=\"text-align: justify;\"><span id=\"yui_3_16_0_ym19_1_1492050076650_351436\" style=\"font-size: 14.0pt; line-height: 107%; font-family: 'Arial',sans-serif;\">\u00a0\u00a0\u00a0 Agora que o Fabuloso desencantou, certamente tamb\u00e9m marcar\u00e1 gols contra as Meninas das Laranjocas, e ajudar\u00e1 o Gigante da Colina na estrada em busca do tricampeonato carioca. O problema \u00e9 que o treinador Milton Mendes precisa puxas as orelhas \u2013 de burro \u2013 do Rodrigo, pois o zagueiro al\u00e9m de n\u00e3o atuar de forma plena no que tange ao desenvolvimento futebol\u00edstico, \u00e9 considerado problem\u00e1tico, o popular badboy. Com essa postura reprov\u00e1vel, acabar\u00e1 prejudicando o time.<\/span><\/div>\n<div id=\"yui_3_16_0_ym19_1_1492050076650_351438\" style=\"text-align: justify;\"><span id=\"yui_3_16_0_ym19_1_1492050076650_351439\" style=\"font-size: 14.0pt; line-height: 107%; font-family: 'Arial',sans-serif;\">\u00a0\u00a0\u00a0 Outro que n\u00e3o est\u00e1 merecendo ser titular \u00e9 Andrezinho. O meia-atacante perdeu todas hoje. Parecia estar cansado. O garoto Guilherme Costa, que entrou em seu lugar elevou o n\u00edvel da apresenta\u00e7\u00e3o vasca\u00edna e levou o time de S\u00e3o Janu\u00e1rio ao \u00e1pice do espet\u00e1culo. <\/span><\/div>\n<div id=\"yui_3_16_0_ym19_1_1492050076650_351441\" style=\"text-align: justify;\"><span id=\"yui_3_16_0_ym19_1_1492050076650_351442\" style=\"font-size: 14.0pt; line-height: 107%; font-family: 'Arial',sans-serif;\">\u00a0\u00a0\u00a0 Coletivamente n\u00e3o est\u00e1 ruim de tudo, embora tenham pontos que precisam melhorar. Mas \u00e9 ineg\u00e1vel que o novo comandante mudou a postura dos pupilos. Bem diferente do estagi\u00e1rio Crist\u00f3v\u00e3o Borges. Enquanto n\u00e3o chega s\u00e1bado, vamos de chocolate comemorando n\u00e3o s\u00f3 o final da P\u00e1scoa, mas tamb\u00e9m o baile que aconteceu hoje no Engenh\u00e3o. O fato foi que o bacalhau entalou na garganta do cachorro vira-lata acostumado a comer ra\u00e7\u00e3o de quinta categoria. <\/span><\/div>\n<div id=\"yui_3_16_0_ym19_1_1492050076650_351444\" style=\"text-align: justify; text-indent: 35.4pt;\"><span id=\"yui_3_16_0_ym19_1_1492050076650_351445\" style=\"font-size: 14.0pt; line-height: 107%; font-family: 'Arial',sans-serif;\">\u00a0<\/span><\/div>\n<div id=\"yui_3_16_0_ym19_1_1492050076650_351447\" style=\"text-align: justify;\"><b id=\"yui_3_16_0_ym19_1_1492050076650_351448\"><u id=\"yui_3_16_0_ym19_1_1492050076650_351449\"><span id=\"yui_3_16_0_ym19_1_1492050076650_351450\" style=\"font-size: 14.0pt; line-height: 107%; font-family: 'Arial',sans-serif;\">PERPLEXO COM O PODER JUDICI\u00c1RIO:<\/span><\/u><\/b><\/div>\n<div id=\"yui_3_16_0_ym19_1_1492050076650_351452\" style=\"text-align: justify;\"><span id=\"yui_3_16_0_ym19_1_1492050076650_351453\" style=\"font-size: 14.0pt; line-height: 107%; font-family: 'Arial',sans-serif;\">DEPOIS DE AGUARDAR <b id=\"yui_3_16_0_ym19_1_1492050076650_351454\">46 MESES, OU SEJA, 3 ANOS E DEZ MESES (CARRO DESDE 10 DE JUNHO DE 2013)<\/b> COM O CARRO PRESO NA OFICINA DA ABOLI\u00c7\u00c3O VE\u00cdCULOS COM APENAS 729 KM RODADOS, EM UM PROCESSO COM 6 VOLUMES, NA 1\u00aa VARA CIVEL, DA COMARCA DE NITER\u00d3I\/RJ, REGIONAL OCE\u00c2NICA, A SENTEN\u00c7A FOI INDEFERIR TODOS OS MEUS PEDIDOS E AINDA CONDENAR EM 10% DE CUSTAS JUDICIAIS. OU SEJA, FIQUEI SEM CARRO ESSE TEMPO TODO (MESMO PAGANDO \u00c0 VISTA POR ELE), JUNTEI PROVAS COMO REGISTRO DE OCORR\u00caNCIA DA POL\u00cdCIA CIVIL\/RJ, BOLETIM DE OCORR\u00caNCIA DA POLICIA MILITAR\/RJ, ORDENS DE SERVI\u00c7O, MAIS DE 600 FOTOGRAFIAS, MAIS DE 40 \u00c1UDIOS, NOTAS FISCAIS, NOTAS DE T\u00c1XI, PRONTU\u00c1RIOS M\u00c9DICOS, POIS NESTE PER\u00cdODO TIVE PROBLEMAS DE SA\u00daDE, BEM COMO MEUS FAMILIARES, TENDO UMA FILHA QUE HOJE TEM APENAS 5 ANOS, NA \u00c9POCA POUCO MAIS DE 1 ANINHO. VALE LEMBRAR, QUE OS PRIMEIROS DEFEITOS SE DERAM QUANDO O CARRO TINHA MENOS DE 30 KM RODADOS. TUDO ISSO PARA NADA. QUEM GOSTOU DO RESULTADO DA DOUTA MAGRISTRADA FORAM AS EMPRESAS R\u00c9S \u2013 QUE ME LESARAM \u2013 ABOLI\u00c7\u00c3O VE\u00cdCULOS E VW DO BRASIL (PROCESSO: No 0016370-44.2013.8.19.0212).<\/span><\/div>\n<div id=\"yui_3_16_0_ym19_1_1492050076650_351456\" style=\"text-align: justify;\"><b id=\"yui_3_16_0_ym19_1_1492050076650_351457\"><span id=\"yui_3_16_0_ym19_1_1492050076650_351458\" style=\"font-size: 14.0pt; line-height: 107%; font-family: 'Arial',sans-serif;\">\u00a0<\/span><\/b><\/div>\n<div id=\"yui_3_16_0_ym19_1_1492050076650_351460\" style=\"text-align: justify;\"><b id=\"yui_3_16_0_ym19_1_1492050076650_351461\"><span id=\"yui_3_16_0_ym19_1_1492050076650_351462\" style=\"font-size: 14.0pt; line-height: 107%; font-family: 'Arial',sans-serif;\">\u00a0\u00a0\u00a0\u00a0\u00a0\u00a0\u00a0\u00a0\u00a0\u00a0\u00a0\u00a0\u00a0\u00a0 <\/span><\/b><\/div>\n<div id=\"yui_3_16_0_ym19_1_1492050076650_351464\" style=\"text-align: justify;\"><b id=\"yui_3_16_0_ym19_1_1492050076650_351465\"><span id=\"yui_3_16_0_ym19_1_1492050076650_351466\" style=\"font-size: 14.0pt; line-height: 107%; font-family: 'Arial',sans-serif;\">\u00a0\u00a0\u00a0\u00a0\u00a0\u00a0\u00a0\u00a0\u00a0\u00a0\u00a0\u00a0\u00a0\u00a0\u00a0\u00a0\u00a0\u00a0\u00a0\u00a0\u00a0\u00a0\u00a0\u00a0\u00a0\u00a0\u00a0\u00a0\u00a0\u00a0 <\/span><\/b><\/div>\n<div id=\"yui_3_16_0_ym19_1_1492050076650_351468\" style=\"text-align: justify;\"><b id=\"yui_3_16_0_ym19_1_1492050076650_351469\"><span id=\"yui_3_16_0_ym19_1_1492050076650_351470\" style=\"font-size: 14.0pt; line-height: 107%; font-family: 'Arial',sans-serif;\">AP\u00d3S AS TODAS AS PARTIDAS DO VASC\u00c3O EM MEU PERFIL DO FACEBOOK (QUEM QUISER RECEBER AS CR\u00d4NICAS DE PRIMEIRA M\u00c3O \u00c9 S\u00d3 ME ADICIONAR), E NO SITE WEBVASCO (<a href=\"http:\/\/www.webvasco.com\">www.webvasco.com<\/a>), TEM A OPINI\u00c3O DO JORNALISTA LUIZ CARLOS ROCHA. LEIAM! COMPARTILHEM E CURTAM! VASCA\u00cdNOS UNIDOS JAMAIS SER\u00c3O VENCIDOS.<\/span><\/b><\/div>\n<div id=\"yui_3_16_0_ym19_1_1492050076650_351297\"><\/div>\n<div id=\"yui_3_16_0_ym19_1_1492050076650_351472\" dir=\"ltr\" style=\"text-align: justify;\"><span id=\"yui_3_16_0_ym19_1_1492050076650_351473\" style=\"font-size: 14.0pt; line-height: 107%; font-family: 'Arial',sans-serif;\">\u00a0<\/span><\/div>\n<div id=\"yui_3_16_0_ym19_1_1492050076650_351296\"><\/div>\n<div id=\"yui_3_16_0_ym19_1_1492050076650_351295\"><\/div>\n<div id=\"yui_3_16_0_ym19_1_1492050076650_351303\"><\/div>\n<div><\/div>\n<div id=\"yui_3_16_0_ym19_1_1492050076650_351222\"><\/div>\n<div id=\"yui_3_16_0_ym19_1_1492050076650_351229\" class=\"signature\"><\/div>\n<\/div>\n<\/div>\n<p>&nbsp;<\/p>\n","protected":false},"excerpt":{"rendered":"<p>\u00a0 \u00a0Em plena Semana Santa, especificamente no Domingo de P\u00e1scoa, o Vasco da Gama venceu&#8230;<\/p>\n","protected":false},"author":7,"featured_media":0,"comment_status":"open","ping_status":"closed","sticky":false,"template":"","format":"standard","meta":{"footnotes":""},"categories":[4],"tags":[],"class_list":["post-8152","post","type-post","status-publish","format-standard","hentry","category-luizcarlosrocha"],"_links":{"self":[{"href":"https:\/\/webvasco.com\/artigos\/wp-json\/wp\/v2\/posts\/8152","targetHints":{"allow":["GET"]}}],"collection":[{"href":"https:\/\/webvasco.com\/artigos\/wp-json\/wp\/v2\/posts"}],"about":[{"href":"https:\/\/webvasco.com\/artigos\/wp-json\/wp\/v2\/types\/post"}],"author":[{"embeddable":true,"href":"https:\/\/webvasco.com\/artigos\/wp-json\/wp\/v2\/users\/7"}],"replies":[{"embeddable":true,"href":"https:\/\/webvasco.com\/artigos\/wp-json\/wp\/v2\/comments?post=8152"}],"version-history":[{"count":0,"href":"https:\/\/webvasco.com\/artigos\/wp-json\/wp\/v2\/posts\/8152\/revisions"}],"wp:attachment":[{"href":"https:\/\/webvasco.com\/artigos\/wp-json\/wp\/v2\/media?parent=8152"}],"wp:term":[{"taxonomy":"category","embeddable":true,"href":"https:\/\/webvasco.com\/artigos\/wp-json\/wp\/v2\/categories?post=8152"},{"taxonomy":"post_tag","embeddable":true,"href":"https:\/\/webvasco.com\/artigos\/wp-json\/wp\/v2\/tags?post=8152"}],"curies":[{"name":"wp","href":"https:\/\/api.w.org\/{rel}","templated":true}]}}