{"id":816,"date":"2014-03-27T13:37:46","date_gmt":"2014-03-27T16:37:46","guid":{"rendered":"http:\/\/webvasco.com\/artigos\/?p=816"},"modified":"2014-03-27T13:41:45","modified_gmt":"2014-03-27T16:41:45","slug":"carbajal-goleiro-mexicano-recordista-de-presena-em-copas-do-mundo-defende-barbosa-barbosa-no-jogava-s","status":"publish","type":"post","link":"https:\/\/webvasco.com\/artigos\/colunistas\/marcus-simonini\/carbajal-goleiro-mexicano-recordista-de-presena-em-copas-do-mundo-defende-barbosa-barbosa-no-jogava-s\/","title":{"rendered":"Carbajal, goleiro mexicano recordista de presen&ccedil;a em Copas do Mundo, defende Barbosa: &lsquo;Barbosa n&atilde;o jogava s&oacute;&rsquo;"},"content":{"rendered":"<div>\n<div dir='ltr'>Carbajal, goleiro mexicano recordista de presen\u00e7a em Copas do Mundo, defende Barbosa: \u2018Barbosa n\u00e3o jogava&nbsp;s\u00f3\u2019\t\t\t\t\t\t<!-- .postitle -->\t\t\t\t\t\t <\/p>\n<div class=\"single-metainfo\">&nbsp;&nbsp;&nbsp;&nbsp;&nbsp;\t<\/div>\n<p><!-- .single-metainfo -->&nbsp;&nbsp;&nbsp;&nbsp;&nbsp;&nbsp; <\/p>\n<div class=\"wp-caption aligncenter\" id=\"attachment_2697\" style=\"width: 625px;\"><a href=\"http:\/\/incondicionalmentevasco.files.wordpress.com\/2014\/03\/barbosa-ex-goleiro-e-c3addolo-do-vasco.jpg\"><img decoding=\"async\" class=\"size-full wp-image-2697\" alt=\"Barbosa, ex-goleiro e \u00eddolo do Vasco, do Expresso da Vit\u00f3ria\" src=\"http:\/\/incondicionalmentevasco.files.wordpress.com\/2014\/03\/barbosa-ex-goleiro-e-c3addolo-do-vasco.jpg?w=620\"\/><\/a><\/p>\n<p class=\"wp-caption-text\">Barbosa, ex-goleiro e \u00eddolo do Vasco, do Expresso da Vit\u00f3ria<\/p>\n<p class=\"wp-caption-text\">&nbsp;<\/p>\n<p class=\"wp-caption-text\">&nbsp;<\/p>\n<\/div>\n<p><strong>Em  entrevista publicada no site Globoesporte.com, o ex-goleiro e \u00eddolo Mexicano, questiona a injusti\u00e7a da qual Barbosa, \u00eddolo Vasca\u00edno, do Expresso da Vit\u00f3ria, e ex-goleiro da Sele\u00e7\u00e3o Brasileira, na Copa de 50.<\/strong><br \/><strong><\/strong>&nbsp;<br \/><strong><\/strong><strong>O Blog Incondicionalmente Vasco responde \u00e0s perguntas do \u00eddolo e ex-goleiro mexicano Carbajal:<\/strong><br \/><strong><\/strong>&nbsp;<br \/>Carbajal, goleiro mexicano recordista de presen\u00e7a em Copas do Mundo, defende Barbosa: \u2018Barbosa n\u00e3o jogava s\u00f3\u2019<br \/>&nbsp;<br \/><a href=\"http:\/\/www.netvasco.com.br\/n\/144414\/carbajal-goleiro-mexicano-recordista-de-presenca-em-copas-do-mundo-defende-barbosa-barbosa-nao-jogava-so\" rel=\"nofollow\"><\/a><a href=\"http:\/\/www.netvasco.com.br\/n\/144414\/carbajal-goleiro-mexicano-recordista-de-presenca-em-copas-do-mundo-defende-barbosa-barbosa-nao-jogava-so\" >http:\/\/www.netvasco.com.br\/n\/144414\/carbajal-goleiro-mexicano-recordista-de-presenca-em-copas-do-mundo-defende-barbosa-barbosa-nao-jogava-so<\/a><br \/>&nbsp;<br \/>Injusti\u00e7a com Barbosa na Copa de 50 <br \/>&nbsp;<br \/>&#8211; Me incomodou muito, me incomodou muito. Lamento dizer, mas eu quero que me entenda. Que duros foram com Barbosa! Por que n\u00e3o foram com o resto da equipe? RESP: INTERESSAVA \u00c0 FLAPRESS P\u00d4R TODA A CULPA NUM \u00cdDOLO VASCA\u00cdNO, E PORQUE GOLEIROS SEMPRE S\u00c3O MAIS INJUSTI\u00c7ADOS MESMO. FAZ PARTE DA CULTURA BRASILEIRA.<br \/>&nbsp;<br \/>Barbosa n\u00e3o jogava s\u00f3. Insisto. Quem perdeu a bola? RESP: BIGODE, JOGADOR DO FLAMENGO.<br \/>&nbsp;<br \/>Por que n\u00e3o brigou por ela quando estava no meio, na defesa? RESP: FROUXOS! ERAM TECNICAMENTE SUPERIORES, MAS N\u00c3O SOUBERAM SE IMPOR EM CAMPO E AFINARAM PARA OS URUGUAIOS, QUE JOGARAM COM GARRA E ACREDITARAM NA VIRADA. ERA O COMPLEXO DE VIRA-LATAS T\u00c3O BEM DEFINIDO POR NELSON RODRIGUES.<br \/>&nbsp;<br \/>Ele cometeu um erro, somos seres humanos e cometemos erros, mas por que o julgaram tanto, t\u00e3o duro? Por que o atacaram tanto? Por que os companheiros n\u00e3o sa\u00edram em sua defesa? RESP: PORQUE FORAM COVARDES! QUANDO PERCEBERAM QUE A IMPRENSA COLOCARA TODA A CARGA EM BARBOSA O DEIXARAM APANHAR SOZINHO!<br \/>&nbsp;<br \/>Por que a imprensa n\u00e3o o defendeu? RESP: PORQUE A IMPRENSA LIDERADA POR ARY BARROSO (<a href=\"http:\/\/pt.wikipedia.org\/wiki\/Ary_Barroso\" rel=\"nofollow\"><\/a><a href=\"http:\/\/pt.wikipedia.org\/wiki\/Ary_Barroso\" >http:\/\/pt.wikipedia.org\/wiki\/Ary_Barroso<\/a>), UM JORNALISTA UFANISTA, TORCEDOR FAN\u00c1TICO DO FLAMENGO, TRATOU DE BLINDAR BIGODE, QUE FOI QUEM DEIXOU O GHIGGHIA  FICAR CARA A CARA COM BARBOSA.<br \/>&nbsp;<br \/>Por qu\u00ea, por qu\u00ea, por qu\u00ea? \u00c9 uma pergunta que sempre me fiz. RESP: BARBOSA ERA GOLEIRO, ERA \u00cdDOLO DO VASCO, TENDO SIDO PRATICAMENTE ABANDONADO PELOS SEUS COMPANHEIROS, N\u00c3O FOI POUPADO PELA FLAPRESS.<br \/>&nbsp;<br \/>&nbsp;<\/p>\n<div class=\"wp-caption aligncenter\" id=\"attachment_2698\" style=\"width: 304px;\"><a href=\"http:\/\/incondicionalmentevasco.files.wordpress.com\/2014\/03\/o-gol-de-ghiggia-em-1950.jpg\"><img decoding=\"async\" class=\"size-full wp-image-2698\" alt=\"o gol de Ghiggia, em 1950\" src=\"http:\/\/incondicionalmentevasco.files.wordpress.com\/2014\/03\/o-gol-de-ghiggia-em-1950.jpg?w=620\"\/><\/a><\/p>\n<p class=\"wp-caption-text\">o gol de Ghiggia, em 1950<\/p>\n<\/div>\n<p>&nbsp;<br \/>&nbsp;<br \/>SEGUNDOS DECISIVOS DE UM LANCE QUE MARCOU A VIDA, TROUXE ANG\u00daSTIA E TRISTEZA A UM \u00cdDOLO, O MELHOR DO SEU TEMPO, NARRADOS POR ELE MESMO:<br \/>&nbsp;<br \/>\u201cFico esperando Ghiggia centrar, dou um passo \u00e0 frente, porque ele com certeza vai fazer a mesma jogada do primeiro gol, ele sente que eu estou fora, embora viesse de cabe\u00e7a baixa como touro mi\u00fara, mete o peito do p\u00e9 na bola e eu ainda toco nela, crente de que ela foi para escanteio, afinal, foi um chute mascado, bateu no gramado, subiu e desceu, nesse \u00e1timo de segundo dou um passo lateral e salto para a esquerda com toda a impuls\u00e3o que os m\u00fasculos das minhas pernas permitem, com for\u00e7a total, pot\u00eancia m\u00e1xima, fazendo a ponte horizontal que tantas vezes havia funcionado comigo em tantas partidas que at\u00e9 j\u00e1 perdi a conta, mas quando senti o est\u00e1dio em sil\u00eancio total tomei coragem, olhei para tr\u00e1s e vi a bola de couro marrom l\u00e1 dentro\u2026\u201d, descreve Barbosa na entrevista ao jornalista Roberto Muylaert, autor do livro \u201cBarbosa \u2013 um gol silencia o Brasil\u201d<br \/>&nbsp;<br \/>&nbsp; \t\t \t   \t\t  <\/div>\n<\/div>\n<p><\/p>\n","protected":false},"excerpt":{"rendered":"<p>Carbajal, goleiro mexicano recordista de presen\u00e7a em Copas do Mundo, defende Barbosa: \u2018Barbosa n\u00e3o jogava&nbsp;s\u00f3\u2019&#8230;<\/p>\n","protected":false},"author":8,"featured_media":2697,"comment_status":"open","ping_status":"closed","sticky":false,"template":"","format":"standard","meta":{"footnotes":""},"categories":[6],"tags":[],"class_list":["post-816","post","type-post","status-publish","format-standard","has-post-thumbnail","hentry","category-marcus-simonini"],"_links":{"self":[{"href":"https:\/\/webvasco.com\/artigos\/wp-json\/wp\/v2\/posts\/816","targetHints":{"allow":["GET"]}}],"collection":[{"href":"https:\/\/webvasco.com\/artigos\/wp-json\/wp\/v2\/posts"}],"about":[{"href":"https:\/\/webvasco.com\/artigos\/wp-json\/wp\/v2\/types\/post"}],"author":[{"embeddable":true,"href":"https:\/\/webvasco.com\/artigos\/wp-json\/wp\/v2\/users\/8"}],"replies":[{"embeddable":true,"href":"https:\/\/webvasco.com\/artigos\/wp-json\/wp\/v2\/comments?post=816"}],"version-history":[{"count":0,"href":"https:\/\/webvasco.com\/artigos\/wp-json\/wp\/v2\/posts\/816\/revisions"}],"wp:featuredmedia":[{"embeddable":true,"href":"https:\/\/webvasco.com\/artigos\/wp-json\/wp\/v2\/media\/2697"}],"wp:attachment":[{"href":"https:\/\/webvasco.com\/artigos\/wp-json\/wp\/v2\/media?parent=816"}],"wp:term":[{"taxonomy":"category","embeddable":true,"href":"https:\/\/webvasco.com\/artigos\/wp-json\/wp\/v2\/categories?post=816"},{"taxonomy":"post_tag","embeddable":true,"href":"https:\/\/webvasco.com\/artigos\/wp-json\/wp\/v2\/tags?post=816"}],"curies":[{"name":"wp","href":"https:\/\/api.w.org\/{rel}","templated":true}]}}