{"id":8173,"date":"2017-04-23T23:37:26","date_gmt":"2017-04-24T02:37:26","guid":{"rendered":"http:\/\/webvasco.com\/artigos\/?p=8173"},"modified":"2017-04-23T23:38:28","modified_gmt":"2017-04-24T02:38:28","slug":"fiasco-da-gama","status":"publish","type":"post","link":"https:\/\/webvasco.com\/artigos\/colunistas\/luizcarlosrocha\/fiasco-da-gama\/","title":{"rendered":"FIASCO DA GAMA!"},"content":{"rendered":"<div>\n<div style=\"color:#000; background-color:#fff; font-family:Helvetica Neue, Helvetica, Arial, Lucida Grande, sans-serif;font-size:32px\">\n<div style=\"text-align:justify\" id=\"yui_3_16_0_ym19_1_1492050076650_1032437\"><span style=\"font-size:14.0pt;line-height:107%;font-family:&quot;Arial&quot;,sans-serif\" id=\"yui_3_16_0_ym19_1_1492050076650_1032438\">Que l\u00e1stima! Deprimente! Uma  verdadeira vergonha! Fundo do po\u00e7o! Acabou! O Vasco da Gama ao ser derrotado, em  partida v\u00e1lida pela semifinal, ontem, por 3 a 0, pelo Fluminense, n\u00e3o s\u00f3 deu  adeus ao Campeonato Carioca, mas tamb\u00e9m serviu de alerta para o Campeonato  Brasileiro, que come\u00e7ar\u00e1 no m\u00eas que vem, e o plantel est\u00e1 em desacordo com a  hist\u00f3ria vasca\u00edna de grandes gl\u00f3rias.<o:p id=\"yui_3_16_0_ym19_1_1492050076650_1032439\"><\/o:p><\/span><\/div>\n<div style=\"text-align:justify\" id=\"yui_3_16_0_ym19_1_1492050076650_1032440\"><span style=\"font-size:14.0pt;line-height:107%;font-family:&quot;Arial&quot;,sans-serif\" id=\"yui_3_16_0_ym19_1_1492050076650_1032441\">&nbsp;&nbsp;&nbsp; Desta vez a diretoria do Cruzmaltino se  superou no que tange a trapalhada, bem como as sinuosas condutas de gest\u00e3o. Nem  mesmo a cartolagem acreditava no time. Por\u00e9m, como \u00e9 ano de elei\u00e7\u00e3o no clube, o  Gigante da Colina (ultimamente An\u00e3o!) precisava conquistar um t\u00edtulo. Das competi\u00e7\u00f5es  disputadas: Carioca, Copa do Brasil, Brasileiro e Torneio da Fl\u00f3rida (USA), a  competi\u00e7\u00e3o regional seria a mais f\u00e1cil de conquistar, uma vez que o  relacionamento da FERJ \u00e9 bem estreito com a Fam\u00edlia Mimimi. <o:p id=\"yui_3_16_0_ym19_1_1492050076650_1032442\"><\/o:p><\/span><\/div>\n<div style=\"text-align:justify\" id=\"yui_3_16_0_ym19_1_1492050076650_1032443\"><span style=\"font-size:14.0pt;line-height:107%;font-family:&quot;Arial&quot;,sans-serif\" id=\"yui_3_16_0_ym19_1_1492050076650_1032444\">&nbsp;&nbsp;&nbsp; A partir daquele momento, elaboraram uma  f\u00f3rmula de disputa rid\u00edcula e in\u00e9dita para o Carioc\u00e3o, vers\u00e3o 2017. Sempre o  confronto final foi o campe\u00e3o da Ta\u00e7a Guanabara contra o campe\u00e3o da Ta\u00e7a Rio.  Se a modifica\u00e7\u00e3o fosse para pontos corridos tudo bem. Mas o modo de disputa  ficou p\u00edfio, uma vez, que de nada adiantaria sagrar-se vitorioso no primeiro e  segundo turno, se ainda haveria uma semifinal com os quatros primeiros times  colocados na soma de ambos os turnos. Ou seja, qualquer um podeRIA (\u00e9 para rir  mesmo) ser o primeiro colocado no Carioca, mesmo sem ganhar turno.<o:p id=\"yui_3_16_0_ym19_1_1492050076650_1032445\"><\/o:p><\/span><\/div>\n<div style=\"text-align:justify\" id=\"yui_3_16_0_ym19_1_1492050076650_1032446\"><span style=\"font-size:14.0pt;line-height:107%;font-family:&quot;Arial&quot;,sans-serif\" id=\"yui_3_16_0_ym19_1_1492050076650_1032447\">&nbsp;&nbsp;&nbsp; Tal f\u00f3rmula foi pensando na defici\u00eancia  futebol\u00edstica vasca\u00edna, com a necessidade da manuten\u00e7\u00e3o da atual diretoria \u2013  falida &#8211; no poder do clube. Tudo devidamente \u201ccalculado\u201d. Mesmo com um plantel  tecnicamente inferior aos advers\u00e1rios (Chor\u00f5es, Flores e Exclu\u00eddos), o time de  S\u00e3o Janu\u00e1rio tinha tudo para ser tricampe\u00e3o e maquiar o verdadeiro  funcionamento da m\u00e1quina administrativa.<o:p id=\"yui_3_16_0_ym19_1_1492050076650_1032448\"><\/o:p><\/span><\/div>\n<div style=\"text-align:justify\" id=\"yui_3_16_0_ym19_1_1492050076650_1032449\"><span style=\"font-size:14.0pt;line-height:107%;font-family:&quot;Arial&quot;,sans-serif\" id=\"yui_3_16_0_ym19_1_1492050076650_1032450\">&nbsp;&nbsp;&nbsp; Mas deu errado! Cansado de tanto ser  criticado por montar um elenco de mediano para ruim e repatriar o estagi\u00e1rio Crist\u00f3v\u00e3o  Borges, Dom Charuto contratou Milton Mendes para comandar a equipe com o  prop\u00f3sito de apagar a empolga\u00e7\u00e3o da Imensa Torcida Bem (In)Feliz, no que diz  respeito \u00e0s cr\u00edticas, e de modo modesto levar a equipe disputar a final com a  ajudinha administrativa da FERJ, para ent\u00e3o iludir o eleitor vasca\u00edno e ficar  mais tr\u00eas anos \u00e0 frente do Vasco. <o:p id=\"yui_3_16_0_ym19_1_1492050076650_1032451\"><\/o:p><\/span><\/div>\n<div style=\"text-align:justify\" id=\"yui_3_16_0_ym19_1_1492050076650_1032452\"><span style=\"font-size:14.0pt;line-height:107%;font-family:&quot;Arial&quot;,sans-serif\" id=\"yui_3_16_0_ym19_1_1492050076650_1032453\">&nbsp;&nbsp;&nbsp; Ou melhor, deu certo. O trabalho s\u00e9rio de  Milton Mendes foi consertar os erros, dar continuidade nos poucos acertos e,  sobretudo, adquirir maturidade e autoestima no time vasca\u00edno. Ganhou do  Botafogo e levou o caneco da Ta\u00e7a Rio. E na partida de ontem, que marcava a  semifinal do campeonato tinha a miss\u00e3o de derrotar o FlorminenC. N\u00e3o era t\u00e3o  \u00e1rdua assim. Afinal, a hist\u00f3ria do Vasco ao longo dos anos superava a mem\u00f3ria  das Tricoletes. Al\u00e9m da massa vasca\u00edna que poderia empurrar o time.<o:p id=\"yui_3_16_0_ym19_1_1492050076650_1032454\"><\/o:p><\/span><\/div>\n<div style=\"text-align:justify\" id=\"yui_3_16_0_ym19_1_1492050076650_1032455\"><span style=\"font-size:14.0pt;line-height:107%;font-family:&quot;Arial&quot;,sans-serif\" id=\"yui_3_16_0_ym19_1_1492050076650_1032456\">&nbsp;&nbsp; Tanto, que a etapa vestibular foi em p\u00e9 de igualdade.  Mas no tempo complementar, logo aos cinco minutos, ap\u00f3s cobran\u00e7a de falta de  Sornoza, Richarlison abriu o placar e acabou com a estabilidade emocional  vasca\u00edna. Logo depois, aos dez minutos, Lucas deu um chap\u00e9u em Rodrigo (que n\u00e3o  \u00e9 dif\u00edcil) na entrada da \u00e1rea e cruzou para Wellington Silva marcar o segundo.  A\u00ed o garoto Douglas que tem muito talento, mas ainda n\u00e3o disponibiliza de tanta  experi\u00eancia perdeu a cabe\u00e7a e foi expulso. Resultado? O lateral L\u00e9o, aos 26,  definiu o marcador.<o:p id=\"yui_3_16_0_ym19_1_1492050076650_1032457\"><\/o:p><\/span><\/div>\n<div style=\"text-align:justify\" id=\"yui_3_16_0_ym19_1_1492050076650_1032458\"><span style=\"font-size:14.0pt;line-height:107%;font-family:&quot;Arial&quot;,sans-serif\" id=\"yui_3_16_0_ym19_1_1492050076650_1032459\">&nbsp;&nbsp;&nbsp; A conclus\u00e3o \u00e9 que se n\u00e3o houvesse mexida na  regra para o favorecimento vasca\u00edno, a disputa seria entre Mach\u00e3o da Gama e  Flores, campe\u00f5es das Ta\u00e7as Rio e Guanabara, respectivamente, em dois jogos.  Certamente \u2013 pelo estudo sobre futebol em institui\u00e7\u00f5es consagradas \u2013 que tem  Milton Mendes, ao sofrer o primeiro gol dificilmente tomaria mais dois.  Primeiro, porque haveria uma outra partida (a final\u00edssima) na qual o panorama  poderia ser facilmente revertido. Depois, porque uma decis\u00e3o em 180 minutos h\u00e1  tempo suficiente para escolher as melhores op\u00e7\u00f5es t\u00e1ticas e t\u00e9cnicas. Diferente  de uma partida \u00fanica com a desvantagem de um homem a menos e sem serventia o  empate. A conduta do comandante seria outra.<o:p id=\"yui_3_16_0_ym19_1_1492050076650_1032460\"><\/o:p><\/span><\/div>\n<div style=\"text-align:justify\" id=\"yui_3_16_0_ym19_1_1492050076650_1032461\"><span style=\"font-size:14.0pt;line-height:107%;font-family:&quot;Arial&quot;,sans-serif\" id=\"yui_3_16_0_ym19_1_1492050076650_1032462\">&nbsp;&nbsp;&nbsp; Tamb\u00e9m n\u00e3o entendo como um atleta como Wagner  \u00e9 reserva e Lu\u00eds Aposentado Fabiano \u00e9 titular. At\u00e9 agora nada. Nem mesmo o gol  que fez no jogo passado serviu, porque de qualquer forma Douglas j\u00e1 tinha  garantido a supremacia. Ali\u00e1s, sei sim, porque muitos n\u00e3o poderiam ser nem  gandulas (com respeito a categoria) e mesmo assim s\u00e3o titulares na Colina. S\u00e3o  as fortes influ\u00eancias de empres\u00e1rios dando as cartas a todo momento. Al\u00e9m de um  bob\u00e3o metido a cartola (filhinho de papai) se metendo no trabalho dos  treinadores. Prova disso, \u00e9 que enquanto Jorginho e Zinho tinham autonomia a  coisa ia bem. Assim que o trainee de cartola come\u00e7ou a meter o bedelho o  trabalho da dupla despencou.<o:p id=\"yui_3_16_0_ym19_1_1492050076650_1032463\"><\/o:p><\/span><\/div>\n<div style=\"text-align:justify\" id=\"yui_3_16_0_ym19_1_1492050076650_1032464\"><span style=\"font-size:14.0pt;line-height:107%;font-family:&quot;Arial&quot;,sans-serif\" id=\"yui_3_16_0_ym19_1_1492050076650_1032465\">&nbsp;&nbsp;&nbsp; O fato \u00e9 que a estreia do Vasco da Gama no  Campeonato Brasileiro \u00e9 justamente contra o atual campe\u00e3o, o Palmeiras, dia 14  de maio. E n\u00e3o ter\u00e1 essa do Porco ser co-irm\u00e3o, v\u00e3o atuar para valer. Se  acontecer um quarto rebaixamento o Cruzmaltino poder\u00e1 fechar as portas! Acorda  Vasc\u00e3o! S\u00f3cio eleitores tenham consci\u00eancia de n\u00e3o reeleger Dom Charuto. Acabem  com a dinastia Miranda no clube. Permitam que o Vasco volte a ser Gigante!<o:p id=\"yui_3_16_0_ym19_1_1492050076650_1032466\"><\/o:p><\/span><\/div>\n<div style=\"text-align:justify\" id=\"yui_3_16_0_ym19_1_1492050076650_1032467\"><span style=\"font-size:14.0pt;line-height:107%;font-family:&quot;Arial&quot;,sans-serif\" id=\"yui_3_16_0_ym19_1_1492050076650_1032468\"><o:p id=\"yui_3_16_0_ym19_1_1492050076650_1032469\">&nbsp;<\/o:p><\/span><\/div>\n<div style=\"text-align:justify;text-indent:35.4pt\" id=\"yui_3_16_0_ym19_1_1492050076650_1032470\"><span style=\"font-size:14.0pt;line-height:107%;font-family:&quot;Arial&quot;,sans-serif\" id=\"yui_3_16_0_ym19_1_1492050076650_1032471\"><o:p id=\"yui_3_16_0_ym19_1_1492050076650_1032472\">&nbsp;<\/o:p><\/span><\/div>\n<div style=\"text-align:justify\" id=\"yui_3_16_0_ym19_1_1492050076650_1032473\"><b id=\"yui_3_16_0_ym19_1_1492050076650_1032474\"><u id=\"yui_3_16_0_ym19_1_1492050076650_1032475\"><span style=\"font-size:14.0pt;line-height:107%;font-family:&quot;Arial&quot;,sans-serif\" id=\"yui_3_16_0_ym19_1_1492050076650_1032476\">PERPLEXO  COM O PODER JUDICI\u00c1RIO:<o:p id=\"yui_3_16_0_ym19_1_1492050076650_1032477\"><\/o:p><\/span><\/u><\/b><\/div>\n<div style=\"text-align:justify\" id=\"yui_3_16_0_ym19_1_1492050076650_1032478\"><span style=\"font-size:14.0pt;line-height:107%;font-family:&quot;Arial&quot;,sans-serif\" id=\"yui_3_16_0_ym19_1_1492050076650_1032479\">DEPOIS DE AGUARDAR <b id=\"yui_3_16_0_ym19_1_1492050076650_1032480\">46 MESES, OU SEJA, 3 ANOS E DEZ MESES  (CARRO DESDE 10 DE JUNHO DE 2013)<\/b> COM O CARRO PRESO NA OFICINA DA ABOLI\u00c7\u00c3O  VE\u00cdCULOS COM APENAS 729 KM RODADOS, EM UM PROCESSO COM 6 VOLUMES, NA 1\u00aa VARA  CIVEL, DA COMARCA DE NITER\u00d3I\/RJ, REGIONAL OCE\u00c2NICA, A SENTEN\u00c7A FOI INDEFERIR  TODOS OS MEUS PEDIDOS E AINDA CONDENAR EM 10% DE CUSTAS JUDICIAIS. OU SEJA,  FIQUEI SEM CARRO ESSE TEMPO TODO (MESMO PAGANDO \u00c0 VISTA POR ELE), JUNTEI PROVAS  COMO REGISTRO DE OCORR\u00caNCIA DA POL\u00cdCIA CIVIL\/RJ, BOLETIM DE OCORR\u00caNCIA DA  POLICIA MILITAR\/RJ, ORDENS DE SERVI\u00c7O, MAIS DE 600 FOTOGRAFIAS, MAIS DE 40  \u00c1UDIOS, NOTAS FISCAIS, NOTAS DE T\u00c1XI, PRONTU\u00c1RIOS M\u00c9DICOS, POIS NESTE PER\u00cdODO  TIVE PROBLEMAS DE SA\u00daDE, BEM COMO MEUS FAMILIARES, TENDO UMA FILHA QUE HOJE TEM  APENAS 5 ANOS, NA \u00c9POCA POUCO MAIS DE 1 ANINHO. VALE LEMBRAR, QUE OS PRIMEIROS  DEFEITOS SE DERAM QUANDO O CARRO TINHA MENOS DE 30 KM RODADOS. TUDO ISSO PARA  NADA. QUEM GOSTOU DO RESULTADO DA DOUTA MAGRISTRADA FORAM AS EMPRESAS R\u00c9S \u2013 QUE  ME LESARAM \u2013 ABOLI\u00c7\u00c3O VE\u00cdCULOS E VW DO BRASIL (PROCESSO: No  0016370-44.2013.8.19.0212).<o:p id=\"yui_3_16_0_ym19_1_1492050076650_1032481\"><\/o:p><\/span><\/div>\n<div style=\"text-align:justify\" id=\"yui_3_16_0_ym19_1_1492050076650_1032482\"><b id=\"yui_3_16_0_ym19_1_1492050076650_1032483\"><span style=\"font-size:14.0pt;line-height:107%;font-family:&quot;Arial&quot;,sans-serif\" id=\"yui_3_16_0_ym19_1_1492050076650_1032484\">&nbsp;<o:p id=\"yui_3_16_0_ym19_1_1492050076650_1032485\"><\/o:p><\/span><\/b><\/div>\n<div style=\"text-align:justify\" id=\"yui_3_16_0_ym19_1_1492050076650_1032486\"><b id=\"yui_3_16_0_ym19_1_1492050076650_1032487\"><span style=\"font-size:14.0pt;line-height:107%;font-family:&quot;Arial&quot;,sans-serif\" id=\"yui_3_16_0_ym19_1_1492050076650_1032488\">&nbsp;&nbsp;&nbsp;&nbsp;&nbsp;&nbsp;&nbsp;&nbsp;&nbsp;&nbsp;&nbsp;&nbsp;&nbsp;&nbsp; <o:p id=\"yui_3_16_0_ym19_1_1492050076650_1032489\"><\/o:p><\/span><\/b><\/div>\n<div style=\"text-align:justify\" id=\"yui_3_16_0_ym19_1_1492050076650_1032490\"><b id=\"yui_3_16_0_ym19_1_1492050076650_1032491\"><span style=\"font-size:14.0pt;line-height:107%;font-family:&quot;Arial&quot;,sans-serif\" id=\"yui_3_16_0_ym19_1_1492050076650_1032492\">&nbsp;&nbsp;&nbsp;&nbsp;&nbsp;&nbsp;&nbsp;&nbsp;&nbsp;&nbsp;&nbsp;&nbsp;&nbsp;&nbsp;&nbsp;&nbsp;&nbsp;&nbsp;&nbsp;&nbsp;&nbsp;&nbsp;&nbsp;&nbsp;&nbsp;&nbsp;&nbsp;&nbsp;&nbsp;&nbsp; <o:p id=\"yui_3_16_0_ym19_1_1492050076650_1032493\"><\/o:p><\/span><\/b><\/div>\n<div id=\"yui_3_16_0_ym19_1_1492050076650_1032277\">                                                                    <\/div>\n<div style=\"text-align:justify\" dir=\"ltr\" id=\"yui_3_16_0_ym19_1_1492050076650_1032494\"><b id=\"yui_3_16_0_ym19_1_1492050076650_1032495\"><span style=\"font-size:14.0pt;line-height:107%;font-family:&quot;Arial&quot;,sans-serif\" id=\"yui_3_16_0_ym19_1_1492050076650_1032496\">AP\u00d3S  AS TODAS AS PARTIDAS DO VASC\u00c3O EM MEU PERFIL DO FACEBOOK (QUEM QUISER RECEBER  AS CR\u00d4NICAS DE PRIMEIRA M\u00c3O \u00c9 S\u00d3 ME ADICIONAR), E NO SITE WEBVASCO  (<a href=\"http:\/\/www.webvasco.com\">www.webvasco.com<\/a>), TEM A OPINI\u00c3O DO JORNALISTA LUIZ CARLOS ROCHA. LEIAM!  COMPARTILHEM E CURTAM! VASCA\u00cdNOS UNIDOS JAMAIS SER\u00c3O VENCIDOS.<o:p id=\"yui_3_16_0_ym19_1_1492050076650_1032497\"><\/o:p><\/span><\/b><\/div>\n<div id=\"yui_3_16_0_ym19_1_1492050076650_1032276\"><span><br \/><\/span><\/div>\n<div id=\"yui_3_16_0_ym19_1_1492050076650_1032275\"><span><br \/><\/span><\/div>\n<div id=\"yui_3_16_0_ym19_1_1492050076650_1032283\"><span><br \/><\/span><\/div>\n<div id=\"yui_3_16_0_ym19_1_1492050076650_1032284\"><span><br \/><\/span><\/div>\n<div><\/div>\n<div id=\"yui_3_16_0_ym19_1_1492050076650_1032285\">&nbsp;<\/div>\n<div class=\"signature\" id=\"yui_3_16_0_ym19_1_1492050076650_1032202\">\n<div id=\"RTEContent\">\n<div id=\"yui_3_16_0_ym19_1_1492050076650_1032201\">\n<div id=\"yui_3_16_0_ym19_1_1492050076650_1032200\">\n<div id=\"yui_3_16_0_ym19_1_1492050076650_1032199\">\n<div align=\"center\" id=\"yui_3_16_0_ym19_1_1492050076650_1032209\"><\/div>\n<\/div>\n<\/div>\n<\/div>\n<\/div>\n<\/div>\n<\/div>\n<\/div>\n<p><\/p>\n","protected":false},"excerpt":{"rendered":"<p>Que l\u00e1stima! Deprimente! Uma verdadeira vergonha! Fundo do po\u00e7o! Acabou! O Vasco da Gama ao&#8230;<\/p>\n","protected":false},"author":7,"featured_media":0,"comment_status":"open","ping_status":"closed","sticky":false,"template":"","format":"standard","meta":{"footnotes":""},"categories":[4],"tags":[],"class_list":["post-8173","post","type-post","status-publish","format-standard","hentry","category-luizcarlosrocha"],"_links":{"self":[{"href":"https:\/\/webvasco.com\/artigos\/wp-json\/wp\/v2\/posts\/8173","targetHints":{"allow":["GET"]}}],"collection":[{"href":"https:\/\/webvasco.com\/artigos\/wp-json\/wp\/v2\/posts"}],"about":[{"href":"https:\/\/webvasco.com\/artigos\/wp-json\/wp\/v2\/types\/post"}],"author":[{"embeddable":true,"href":"https:\/\/webvasco.com\/artigos\/wp-json\/wp\/v2\/users\/7"}],"replies":[{"embeddable":true,"href":"https:\/\/webvasco.com\/artigos\/wp-json\/wp\/v2\/comments?post=8173"}],"version-history":[{"count":0,"href":"https:\/\/webvasco.com\/artigos\/wp-json\/wp\/v2\/posts\/8173\/revisions"}],"wp:attachment":[{"href":"https:\/\/webvasco.com\/artigos\/wp-json\/wp\/v2\/media?parent=8173"}],"wp:term":[{"taxonomy":"category","embeddable":true,"href":"https:\/\/webvasco.com\/artigos\/wp-json\/wp\/v2\/categories?post=8173"},{"taxonomy":"post_tag","embeddable":true,"href":"https:\/\/webvasco.com\/artigos\/wp-json\/wp\/v2\/tags?post=8173"}],"curies":[{"name":"wp","href":"https:\/\/api.w.org\/{rel}","templated":true}]}}