{"id":8174,"date":"2017-05-14T22:22:52","date_gmt":"2017-05-15T01:22:52","guid":{"rendered":"http:\/\/webvasco.com\/artigos\/?p=8174"},"modified":"2017-05-14T22:29:27","modified_gmt":"2017-05-15T01:29:27","slug":"de-quatro-levou-pal","status":"publish","type":"post","link":"https:\/\/webvasco.com\/artigos\/colunistas\/luizcarlosrocha\/de-quatro-levou-pal\/","title":{"rendered":"DE QUATRO LEVOU PAL!"},"content":{"rendered":"<div>\n<div style=\"color:#000; background-color:#fff; font-family:Helvetica Neue, Helvetica, Arial, Lucida Grande, sans-serif;font-size:32px\">\n<div style=\"text-align:justify\" id=\"yui_3_16_0_ym19_1_1494510360735_253345\"><span style=\"font-size:14.0pt;line-height:107%;font-family:&quot;Arial&quot;,sans-serif\" id=\"yui_3_16_0_ym19_1_1494510360735_253346\">&nbsp; &nbsp;&nbsp;&nbsp;&nbsp;O  Vasco da Gama estreou mal no Campeonato Brasileiro. Diante do atual campe\u00e3o <b id=\"yui_3_16_0_ym19_1_1494510360735_253347\">PAL<\/b>meiras, o <b id=\"yui_3_16_0_ym19_1_1494510360735_253348\">C<\/b>r<b id=\"yui_3_16_0_ym19_1_1494510360735_253349\">U<\/b>zmaltino <b id=\"yui_3_16_0_ym19_1_1494510360735_253350\">LEVOU DE QUATRO<\/b> a zero, no Est\u00e1dio Allianz  Parque, popularmente chamado de Arena Palmeiras, hoje, pela Primeira Rodada da  competi\u00e7\u00e3o. Os gols foram marcados por Jean, Guerra e Borja (duas vezes).<o:p id=\"yui_3_16_0_ym19_1_1494510360735_253351\"><\/o:p><\/span><\/div>\n<div style=\"text-align:justify\" id=\"yui_3_16_0_ym19_1_1494510360735_253352\"><span style=\"font-size:14.0pt;line-height:107%;font-family:&quot;Arial&quot;,sans-serif\" id=\"yui_3_16_0_ym19_1_1494510360735_253353\">&nbsp;&nbsp;&nbsp;&nbsp; Isto, porque, o time de S\u00e3o Janu\u00e1rio ficou  apenas, somente, unicamente, exclusivamente, prioritariamente, meramente  treinando e treinando durante 21 dias que anteciparam a inaugura\u00e7\u00e3o do  Brasileir\u00e3o, 2017. Ou seja, teve tempo suficiente para corrigir os erros da  elimina\u00e7\u00e3o do Campeonato Carioca para tentar pelo menos o empate diante do  Porco. Mas a porcaria do time vagabundo de Milton Mendes s\u00f3 fez mesmo cagada  durante os 90 minutos da partida!<o:p id=\"yui_3_16_0_ym19_1_1494510360735_253354\"><\/o:p><\/span><\/div>\n<div style=\"text-align:justify\" id=\"yui_3_16_0_ym19_1_1494510360735_253355\"><span style=\"font-size:14.0pt;line-height:107%;font-family:&quot;Arial&quot;,sans-serif\" id=\"yui_3_16_0_ym19_1_1494510360735_253356\">&nbsp;&nbsp;&nbsp;&nbsp;&nbsp; Da S\u00e9rie: \u201cRuim com ele, pior sem ele\u201d. O  zagueiro Rodrigo deve estar dando gargalhadas com os atuais in\u00fateis da dupla de  zaga. Rafael Marques n\u00e3o pode ser reserva, que dir\u00e1 titular. N\u00e3o tem vis\u00e3o de  jogo. Chega atrasado em tudo. Nem para zagueiro de v\u00e1rzea serve.<o:p id=\"yui_3_16_0_ym19_1_1494510360735_253357\"><\/o:p><\/span><\/div>\n<div style=\"text-align:justify\" id=\"yui_3_16_0_ym19_1_1494510360735_253358\"><span style=\"font-size:14.0pt;line-height:107%;font-family:&quot;Arial&quot;,sans-serif\" id=\"yui_3_16_0_ym19_1_1494510360735_253359\">&nbsp;&nbsp;&nbsp;&nbsp; O que dizer de Jomar? Jomento! Como um zagueiro  ineficiente comete dois p\u00eanaltis na mesma partida? Vale ressaltar, que foram  penalidades m\u00e1ximas marcadas por atitudes meramente infantis do zagueiro  Jomento! Os laterais Gilberto e Henrique tamb\u00e9m s\u00e3o fracos, mas n\u00e3o a ponto da  dupla de zaga que \u00e9 fraqu\u00edssima! Deve ser desesperador para Martin Silva  trabalhar com quatro incompetentes!<o:p id=\"yui_3_16_0_ym19_1_1494510360735_253360\"><\/o:p><\/span><\/div>\n<div style=\"text-align:justify\" id=\"yui_3_16_0_ym19_1_1494510360735_253361\"><span style=\"font-size:14.0pt;line-height:107%;font-family:&quot;Arial&quot;,sans-serif\" id=\"yui_3_16_0_ym19_1_1494510360735_253362\">&nbsp;&nbsp;&nbsp;&nbsp; A curiosidade \u00e9 que o Vasco s\u00f3 ter\u00e1 apenas  o Campeonato Brasileiro para disputar at\u00e9 o fim do ano. Ter\u00e1 mais tempo para  treinar, consequentemente corrigir os erros. Tem obriga\u00e7\u00e3o de fazer uma  campanha boa. Tanto, que s\u00f3 atuar\u00e1 domingo, dia 21, \u00e0s 11h, em S\u00e3o Janu\u00e1rio,  contra o Bahia. Mas para isso precisa refor\u00e7ar urgentemente o plantel.  Contratar certo. O pr\u00edncipe herdeiro, Dom Charuto II tem feito as maiores  aberra\u00e7\u00f5es no que tange a gest\u00e3o futebol\u00edstica. Nem amador de time dos gar\u00e7ons  no Aterro (com o m\u00e1ximo respeito a categoria) faz tanta merda! Acorda  Charutinho! N\u00e3o sabe, n\u00e3o faz! Entrega o cargo.<o:p id=\"yui_3_16_0_ym19_1_1494510360735_253363\"><\/o:p><\/span><\/div>\n<div style=\"text-align:justify\" id=\"yui_3_16_0_ym19_1_1494510360735_253364\"><span style=\"font-size:14.0pt;line-height:107%;font-family:&quot;Arial&quot;,sans-serif\" id=\"yui_3_16_0_ym19_1_1494510360735_253365\">&nbsp;&nbsp;&nbsp;&nbsp; Se julgarmos pela partida vestibular, a  trajet\u00f3ria na competi\u00e7\u00e3o ser\u00e1 uma lastima e a chances de cair para a Segunda  Divis\u00e3o \u00e9 grande. Brasileiro n\u00e3o \u00e9 Carioca! S\u00e3o f\u00f3rmulas distintas. Sobretudo,  a atmosfera da peleja.<o:p id=\"yui_3_16_0_ym19_1_1494510360735_253366\"><\/o:p><\/span><\/div>\n<div style=\"text-align:justify\" id=\"yui_3_16_0_ym19_1_1494510360735_253367\"><span style=\"font-size:14.0pt;line-height:107%;font-family:&quot;Arial&quot;,sans-serif\" id=\"yui_3_16_0_ym19_1_1494510360735_253368\">&nbsp;&nbsp;&nbsp;&nbsp; Muito se fala que Felipe Melo deu duas  porradas graves e maliciosas antes dos 10 minutos de jogo e sequer levou cart\u00e3o  amarelo. Tamb\u00e9m reclamam do p\u00eanalti n\u00e3o marcado aos 32 minutos, de Z\u00e9 Roberto  em Pikachu (que segundo a TV FLA, digo Globo, admitiu ter sido infra\u00e7\u00e3o). Mesmo  assim, se fosse marcado o p\u00eanalti n\u00e3o significa que seria convertido, mesmo que  fosse, seria um massacre palmeirense. O fato \u00e9 que a equipe vasca\u00edna n\u00e3o jogou  absolutamente nada. Que o elenco \u00e9 fraco. A zaga n\u00e3o \u00e9 nada (zaga central e  laterais), que do meio para frente salva alguma coisa. A Comiss\u00e3o T\u00e9cnica deixa  a desejar.<o:p id=\"yui_3_16_0_ym19_1_1494510360735_253369\"><\/o:p><\/span><\/div>\n<div style=\"text-align:justify\" id=\"yui_3_16_0_ym19_1_1494510360735_253370\"><span style=\"font-size:14.0pt;line-height:107%;font-family:&quot;Arial&quot;,sans-serif\" id=\"yui_3_16_0_ym19_1_1494510360735_253371\">&nbsp;&nbsp;&nbsp; Mas o maior problema do Vasco da Gama \u00e9 a  diretoria. Uma gest\u00e3o fraca no que tange \u00e0 administra\u00e7\u00e3o. \u00c9 truculenta,  deficiente e arrogante, impondo uma ditadura no clube. Segundo o Di\u00e1rio Lance  inclusive um torcedor teria sido agredido, nas depend\u00eancias de S\u00e3o Janu\u00e1rio,  ontem, dia 13, por ele n\u00e3o concordar com a filosofia da diretoria, na  apresenta\u00e7\u00e3o do time para o Campeonato Brasileiro. Caso de Pol\u00edcia!<o:p id=\"yui_3_16_0_ym19_1_1494510360735_253372\"><\/o:p><\/span><\/div>\n<div style=\"text-align:justify\" id=\"yui_3_16_0_ym19_1_1494510360735_253373\"><span style=\"font-size:14.0pt;line-height:107%;font-family:&quot;Arial&quot;,sans-serif\" id=\"yui_3_16_0_ym19_1_1494510360735_253374\">&nbsp;&nbsp;&nbsp;&nbsp;&nbsp; Este ano ter\u00e1 elei\u00e7\u00e3o no clube. Os s\u00f3cios  precisam escolher bem o seu voto, para que a torcida n\u00e3o precise mais aturar a  Dinastia Miranda. Desde que assumiu a presid\u00eancia do Vasco, Eurico Miranda s\u00f3  conseguiu 3 (tr\u00eas) Cariocas e 2 (dois) rebaixamentos para a Segundona,  envergonhando a Imensa Torcida Bem (In) Feliz! Agora ele prepara seu sucessor,  o pr\u00edncipe herdeiro (at\u00e9 na arrog\u00e2ncia e trucul\u00eancia) Dom Charuto II. Acorda  Vasco! Miranda, seja primeiro, segundo ou quinto nunca mais!<o:p id=\"yui_3_16_0_ym19_1_1494510360735_253375\"><\/o:p><\/span><\/div>\n<div style=\"text-align:justify\" id=\"yui_3_16_0_ym19_1_1494510360735_253376\"><span style=\"font-size:14.0pt;line-height:107%;font-family:&quot;Arial&quot;,sans-serif\" id=\"yui_3_16_0_ym19_1_1494510360735_253377\"><o:p id=\"yui_3_16_0_ym19_1_1494510360735_253378\">&nbsp;<\/o:p><\/span><\/div>\n<div style=\"text-align:justify\" id=\"yui_3_16_0_ym19_1_1494510360735_253379\"><span style=\"font-size:14.0pt;line-height:107%;font-family:&quot;Arial&quot;,sans-serif\" id=\"yui_3_16_0_ym19_1_1494510360735_253380\"><o:p id=\"yui_3_16_0_ym19_1_1494510360735_253381\">&nbsp;<\/o:p><\/span><\/div>\n<div style=\"text-align:justify\" id=\"yui_3_16_0_ym19_1_1494510360735_253382\"><span style=\"font-size:14.0pt;line-height:107%;font-family:&quot;Arial&quot;,sans-serif\" id=\"yui_3_16_0_ym19_1_1494510360735_253383\"><o:p id=\"yui_3_16_0_ym19_1_1494510360735_253384\">&nbsp;<\/o:p><\/span><\/div>\n<div style=\"text-align:justify;text-indent:35.4pt\" id=\"yui_3_16_0_ym19_1_1494510360735_253385\"><span style=\"font-size:14.0pt;line-height:107%;font-family:&quot;Arial&quot;,sans-serif\" id=\"yui_3_16_0_ym19_1_1494510360735_253386\"><o:p id=\"yui_3_16_0_ym19_1_1494510360735_253387\">&nbsp;<\/o:p><\/span><\/div>\n<div style=\"text-align:justify\" id=\"yui_3_16_0_ym19_1_1494510360735_253388\"><b id=\"yui_3_16_0_ym19_1_1494510360735_253389\"><u id=\"yui_3_16_0_ym19_1_1494510360735_253390\"><span style=\"font-size:14.0pt;line-height:107%;font-family:&quot;Arial&quot;,sans-serif\" id=\"yui_3_16_0_ym19_1_1494510360735_253391\">PERPLEXO  COM O PODER JUDICI\u00c1RIO:<o:p id=\"yui_3_16_0_ym19_1_1494510360735_253392\"><\/o:p><\/span><\/u><\/b><\/div>\n<div style=\"text-align:justify\" id=\"yui_3_16_0_ym19_1_1494510360735_253393\"><span style=\"font-size:14.0pt;line-height:107%;font-family:&quot;Arial&quot;,sans-serif\" id=\"yui_3_16_0_ym19_1_1494510360735_253394\">DEPOIS DE AGUARDAR <b id=\"yui_3_16_0_ym19_1_1494510360735_253395\">47 MESES, OU SEJA, 3 ANOS E ONZE MESES  (CARRO DESDE 10 DE JUNHO DE 2013)<\/b> COM O CARRO PRESO NA OFICINA DA ABOLI\u00c7\u00c3O  VE\u00cdCULOS COM APENAS 729 KM RODADOS, EM UM PROCESSO COM 6 VOLUMES, NA 1\u00aa VARA  CIVEL, DA COMARCA DE NITER\u00d3I\/RJ, REGIONAL OCE\u00c2NICA, A SENTEN\u00c7A FOI INDEFERIR  TODOS OS MEUS PEDIDOS E AINDA CONDENAR EM 10% DE CUSTAS JUDICIAIS. OU SEJA,  FIQUEI SEM CARRO ESSE TEMPO TODO (MESMO PAGANDO \u00c0 VISTA POR ELE), JUNTEI PROVAS  COMO REGISTRO DE OCORR\u00caNCIA DA POL\u00cdCIA CIVIL\/RJ, BOLETIM DE OCORR\u00caNCIA DA  POLICIA MILITAR\/RJ, ORDENS DE SERVI\u00c7O, MAIS DE 600 FOTOGRAFIAS, MAIS DE 40  \u00c1UDIOS, NOTAS FISCAIS, NOTAS DE T\u00c1XI, PRONTU\u00c1RIOS M\u00c9DICOS, POIS NESTE PER\u00cdODO  TIVE PROBLEMAS DE SA\u00daDE, BEM COMO MEUS FAMILIARES, TENDO UMA FILHA QUE HOJE TEM  APENAS 5 ANOS, NA \u00c9POCA POUCO MAIS DE 1 ANINHO. VALE LEMBRAR, QUE OS PRIMEIROS  DEFEITOS SE DERAM QUANDO O CARRO TINHA MENOS DE 30 KM RODADOS. TUDO ISSO PARA  NADA. QUEM GOSTOU DO RESULTADO DA DOUTA MAGRISTRADA FORAM AS EMPRESAS R\u00c9S \u2013 QUE  ME LESARAM \u2013 ABOLI\u00c7\u00c3O VE\u00cdCULOS E VW DO BRASIL (PROCESSO: No  0016370-44.2013.8.19.0212).<o:p id=\"yui_3_16_0_ym19_1_1494510360735_253396\"><\/o:p><\/span><\/div>\n<div style=\"text-align:justify\" id=\"yui_3_16_0_ym19_1_1494510360735_253397\"><b id=\"yui_3_16_0_ym19_1_1494510360735_253398\"><span style=\"font-size:14.0pt;line-height:107%;font-family:&quot;Arial&quot;,sans-serif\" id=\"yui_3_16_0_ym19_1_1494510360735_253399\">&nbsp;<o:p id=\"yui_3_16_0_ym19_1_1494510360735_253400\"><\/o:p><\/span><\/b><\/div>\n<div style=\"text-align:justify\" id=\"yui_3_16_0_ym19_1_1494510360735_253401\"><b id=\"yui_3_16_0_ym19_1_1494510360735_253402\"><span style=\"font-size:14.0pt;line-height:107%;font-family:&quot;Arial&quot;,sans-serif\" id=\"yui_3_16_0_ym19_1_1494510360735_253403\">&nbsp;&nbsp;&nbsp;&nbsp;&nbsp;&nbsp;&nbsp;&nbsp;&nbsp;&nbsp;&nbsp;&nbsp;&nbsp;&nbsp; <o:p id=\"yui_3_16_0_ym19_1_1494510360735_253404\"><\/o:p><\/span><\/b><\/div>\n<div style=\"text-align:justify\" id=\"yui_3_16_0_ym19_1_1494510360735_253405\"><b id=\"yui_3_16_0_ym19_1_1494510360735_253406\"><span style=\"font-size:14.0pt;line-height:107%;font-family:&quot;Arial&quot;,sans-serif\" id=\"yui_3_16_0_ym19_1_1494510360735_253407\">&nbsp;&nbsp;&nbsp;&nbsp;&nbsp;&nbsp;&nbsp;&nbsp;&nbsp;&nbsp;&nbsp;&nbsp;&nbsp;&nbsp;&nbsp;&nbsp;&nbsp;&nbsp;&nbsp;&nbsp;&nbsp; &nbsp;&nbsp;&nbsp;&nbsp;&nbsp;&nbsp;&nbsp;&nbsp;&nbsp;<o:p id=\"yui_3_16_0_ym19_1_1494510360735_253408\"><\/o:p><\/span><\/b><\/div>\n<div id=\"yui_3_16_0_ym19_1_1494510360735_251463\">                                                                        <\/div>\n<div style=\"text-align:justify\" dir=\"ltr\" id=\"yui_3_16_0_ym19_1_1494510360735_253409\"><b id=\"yui_3_16_0_ym19_1_1494510360735_253410\"><span style=\"font-size:14.0pt;line-height:107%;font-family:&quot;Arial&quot;,sans-serif\" id=\"yui_3_16_0_ym19_1_1494510360735_253411\">AP\u00d3S  AS TODAS AS PARTIDAS DO VASC\u00c3O EM MEU PERFIL DO FACEBOOK (QUEM QUISER RECEBER  AS CR\u00d4NICAS DE PRIMEIRA M\u00c3O \u00c9 S\u00d3 ME ADICIONAR), E NO SITE WEBVASCO  (<a href=\"http:\/\/www.webvasco.com\">www.webvasco.com<\/a>), TEM A OPINI\u00c3O DO JORNALISTA LUIZ CARLOS ROCHA. LEIAM!  COMPARTILHEM E CURTAM! VASCA\u00cdNOS UNIDOS JAMAIS SER\u00c3O VENCIDOS.<o:p id=\"yui_3_16_0_ym19_1_1494510360735_253412\"><\/o:p><\/span><\/b><\/div>\n<div id=\"yui_3_16_0_ym19_1_1494510360735_251462\"><span><br \/><\/span><\/div>\n<div id=\"yui_3_16_0_ym19_1_1494510360735_251461\"><span><br \/><\/span><\/div>\n<div id=\"yui_3_16_0_ym19_1_1494510360735_253127\"><span><br \/><\/span><\/div>\n<div><\/div>\n<div id=\"yui_3_16_0_ym19_1_1494510360735_251378\">&nbsp;<\/div>\n<div class=\"signature\" id=\"yui_3_16_0_ym19_1_1494510360735_251357\">\n<div id=\"RTEContent\">\n<div id=\"yui_3_16_0_ym19_1_1494510360735_251356\">\n<div id=\"yui_3_16_0_ym19_1_1494510360735_251355\">\n<div id=\"yui_3_16_0_ym19_1_1494510360735_251354\">\n<div align=\"center\" id=\"yui_3_16_0_ym19_1_1494510360735_251353\"><\/div>\n<\/div>\n<\/div>\n<\/div>\n<\/div>\n<\/div>\n<\/div>\n<\/div>\n<p><\/p>\n","protected":false},"excerpt":{"rendered":"<p>&nbsp; &nbsp;&nbsp;&nbsp;&nbsp;O Vasco da Gama estreou mal no Campeonato Brasileiro. Diante do atual campe\u00e3o PALmeiras,&#8230;<\/p>\n","protected":false},"author":7,"featured_media":0,"comment_status":"open","ping_status":"closed","sticky":false,"template":"","format":"standard","meta":{"footnotes":""},"categories":[4],"tags":[],"class_list":["post-8174","post","type-post","status-publish","format-standard","hentry","category-luizcarlosrocha"],"_links":{"self":[{"href":"https:\/\/webvasco.com\/artigos\/wp-json\/wp\/v2\/posts\/8174","targetHints":{"allow":["GET"]}}],"collection":[{"href":"https:\/\/webvasco.com\/artigos\/wp-json\/wp\/v2\/posts"}],"about":[{"href":"https:\/\/webvasco.com\/artigos\/wp-json\/wp\/v2\/types\/post"}],"author":[{"embeddable":true,"href":"https:\/\/webvasco.com\/artigos\/wp-json\/wp\/v2\/users\/7"}],"replies":[{"embeddable":true,"href":"https:\/\/webvasco.com\/artigos\/wp-json\/wp\/v2\/comments?post=8174"}],"version-history":[{"count":0,"href":"https:\/\/webvasco.com\/artigos\/wp-json\/wp\/v2\/posts\/8174\/revisions"}],"wp:attachment":[{"href":"https:\/\/webvasco.com\/artigos\/wp-json\/wp\/v2\/media?parent=8174"}],"wp:term":[{"taxonomy":"category","embeddable":true,"href":"https:\/\/webvasco.com\/artigos\/wp-json\/wp\/v2\/categories?post=8174"},{"taxonomy":"post_tag","embeddable":true,"href":"https:\/\/webvasco.com\/artigos\/wp-json\/wp\/v2\/tags?post=8174"}],"curies":[{"name":"wp","href":"https:\/\/api.w.org\/{rel}","templated":true}]}}