{"id":8176,"date":"2017-05-20T10:20:17","date_gmt":"2017-05-20T13:20:17","guid":{"rendered":"http:\/\/webvasco.com\/artigos\/?p=8176"},"modified":"2017-05-20T11:44:12","modified_gmt":"2017-05-20T14:44:12","slug":"qual-ser-o-futuro-do-crvg-ser-um-gigante-ou-virar-um-ano","status":"publish","type":"post","link":"https:\/\/webvasco.com\/artigos\/colunistas\/marcelopaiva\/qual-ser-o-futuro-do-crvg-ser-um-gigante-ou-virar-um-ano\/","title":{"rendered":"Qual ser&aacute; o futuro do CRVG: Ser um Gigante ou virar um An&atilde;o?"},"content":{"rendered":"<div dir=\"ltr\">\n<div dir=\"auto\">\n<div dir=\"ltr\">\n<div>\u00a0\u00a0\u00a0\u00a0 Caros Amigos Vasca\u00ednos:<\/p>\n<\/div>\n<div>\u00a0\u00a0\u00a0\u00a0 Ap\u00f3s um bom tempo sem escrever neste canal, devido a falta de tempo, em fun\u00e7\u00e3o de compromissos pessoais e profissionais, retorno aos amigos fazendo uma pergunta:<\/p>\n<\/div>\n<div>\u00a0\u00a0\u00a0\u00a0 <b>Qual ser\u00e1 o futuro do CRVG: Ser um Gigante ou virar um An\u00e3o?<\/b><\/p>\n<\/div>\n<div>\u00a0\u00a0\u00a0\u00a0 Esta \u00e9 uma pergunta complexa, a qual ser\u00e1 respondida nos pr\u00f3ximos seis meses que nos separam das elei\u00e7\u00f5es Vasca\u00ednas!<\/p>\n<p><\/p>\n<p class=\"m_-5491298857700937451m_5526486754790050472gmail-MsoNoSpacing\"><span><\/span>\u00a0\u00a0\u00a0 <img loading=\"lazy\" decoding=\"async\" src=\"https:\/\/webvasco.com\/artigos\/wp-content\/uploads\/2017\/05\/image.png\" alt=\"Imagem inline 1\" style=\"margin-right:0px\" width=\"170\" height=\"170\"\/><\/p>\n<\/div>\n<div>\u00a0\u00a0\u00a0 &quot;No futebol \u00e9s um tra\u00e7o de <\/div>\n<div>\u00a0\u00a0\u00a0\u00a0 uni\u00e3o Brasil\/Portugal&quot;<\/div>\n<div>\u00a0\u00a0\u00a0\u00a0 Fonte da imagem: Internet<\/p>\n<\/div>\n<div>\n<\/div>\n<div>\u00a0\u00a0\u00a0\u00a0 J\u00e1 de antem\u00e3o, <b>gostaria de deixar bem claro, que n\u00e3o postulo nenhum cargo Pol\u00edtico\/Administrativo no CRVG!<\/b> A n\u00e3o ser, continuar a LUTA VOLUNT\u00c1RIA do meu grupo, na quest\u00e3o da Revitaliza\u00e7\u00e3o do Entorno de SJ, que \u00e9 o pr\u00e9 requisito para a posterior Amplia\u00e7\u00e3o\/Moderniza\u00e7\u00e3o do Est\u00e1dio de SJ, conforme exposto em minha \u00faltima coluna (\u00a0<a href=\"https:\/\/webvasco.com\/artigos\/colunistas\/marcelopaiva\/argumentos-sobre-a-revitalizao-do-entorno-de-sj-ou-a-reivindicamos-imediatamente-ou-a-perderemos-para-sempre\/\" target=\"_blank\">https:\/\/webvasco.com\/artigos\/<wbr>colunistas\/marcelopaiva\/argume<\/wbr><wbr>ntos-sobre-a-revitalizao-do-en<\/wbr><wbr>torno-de-sj-ou-a-reivindicamos<\/wbr><wbr>-imediatamente-ou-a-perderemos<\/wbr><wbr>-para-sempre\/<\/wbr><\/a> ).<\/p>\n<p>\u00a0\u00a0\u00a0 <br \/>\u00a0\u00a0\u00a0 <img loading=\"lazy\" decoding=\"async\" src=\"https:\/\/webvasco.com\/artigos\/wp-content\/uploads\/2017\/05\/image-3.png\" alt=\"Imagem inline 2\" style=\"margin-right:0px\" width=\"280\" height=\"210\"\/><\/div>\n<div>\u00a0\u00a0\u00a0 Vista de SJ e o seu entorno a ser revitalizado<\/div>\n<div>\u00a0\u00a0\u00a0 Fonte da Imagem: Internet<\/p>\n<p><\/div>\n<div><\/div>\n<div>\u00a0\u00a0\u00a0\u00a0<b> Mas por que esta resposta, est\u00e1 nos pr\u00f3ximos seis meses que antecedem a elei\u00e7\u00e3o Vasca\u00edna? <\/b><\/p>\n<\/div>\n<div>\u00a0\u00a0\u00a0\u00a0 Sem querer bancar aqui o &quot;Dono da Verdade&quot;, longe de mim esta pretens\u00e3o, por uma simples e \u00fanica raz\u00e3o: <b>Que este modelo impregnado, h\u00e1 17 anos no clube<\/b>, est\u00e1 colocando o Vasco da Gama em <b>&quot;ROTA DE COLIS\u00c3O&quot;<\/b>, que custar\u00e1 em breve o <b>APEQUENAMENTO<\/b> da nossa magn\u00edfica Institui\u00e7\u00e3o! Este modelo precisa ser mudado, precisamos entrar no S\u00e9culo 21!<\/p>\n<\/div>\n<div>\u00a0\u00a0\u00a0\u00a0 <b>CHEGA DE VAIDADES, CHEGA DE PRESUN\u00c7\u00d5ES E PRINCIPALMENTE: CHEGA DE DARMOS &quot;TIROS NO PR\u00d3PRIO P\u00c9&quot;, ao se discutirem fulano A, B ou C e o Vasco da Gama em 2\u00ba plano!<\/b><\/p>\n<\/div>\n<div>\u00a0\u00a0\u00a0\u00a0 N\u00e3o h\u00e1 outro caminho agora, a n\u00e3o ser de HAVER UMA COALIZ\u00c3O GERAL DE TODAS AS CORRENTES POL\u00cdTICAS DO CLUBE, seja de Oposi\u00e7\u00e3o\/Situa\u00e7\u00e3o, que se proponham a criar uma FRENTE AMPLA VASCA\u00cdNA, onde TODOS AQUELES QUE POSTULEM DIRIGIREM O VASCO DA GAMA, se disponham a se reunirem e atrav\u00e9s de um CONSENSO GERAL, decidirem nomes conjuntos de modo a se RECUPERAR PRIMEIRAMENTE o clube.<\/p>\n<p>\u00a0\u00a0\u00a0\u00a0 <img loading=\"lazy\" decoding=\"async\" src=\"https:\/\/webvasco.com\/artigos\/wp-content\/uploads\/2017\/05\/image-4.png\" alt=\"Imagem inline 3\" style=\"margin-right:0px\" width=\"277\" height=\"208\"\/><\/div>\n<div>\u00a0\u00a0\u00a0\u00a0 Vasco da Gama Campe\u00e3o da Copa Libertadores<\/div>\n<div>\u00a0\u00a0\u00a0\u00a0 1998. Saudades de uma \u00e9poca vencedora!<\/div>\n<div>\u00a0\u00a0\u00a0\u00a0\u00a0 Fonte da imagem: Internet<\/p>\n<p><\/div>\n<div><\/div>\n<div>\u00a0\u00a0\u00a0\u00a0\u00a0 Mediante a isso, h\u00e1 cerca de 1 m\u00eas escrevi um texto nos diversos grupos de WhatsApp, os quais participo, opinando sobre a import\u00e2ncia de se haver um consenso geral em torno de surgir uma Frente \u00danica nas pr\u00f3ximas elei\u00e7\u00f5es, de modo ao Vasco da Gama CONVERGIR POLITICAMENTE TODOS OS GRUPOS, a fim de se salvar o clube da &quot;Trag\u00e9dia Anunciada&quot;!<\/p>\n<\/div>\n<div>\u00a0\u00a0\u00a0\u00a0 Confesso que deu uma bela repercuss\u00e3o a ponto de <b>alguns Movimentos Pol\u00edticos Vasca\u00ednos, que comungam do meu pensamento, me convidarem a ler o referido texto na \u00faltima reuni\u00e3o aberta dos mesmos,<\/b> no dia 09\/05\/17, no Clube Monte L\u00edbano &#8211; Lagoa Rodrigo de Freitas &#8211; RJ, cuja minha presen\u00e7a infelizmente n\u00e3o foi poss\u00edvel devido a compromissos profissionais. Mas me fiz representar, atrav\u00e9s de uma pessoa que leu o meu texto para todos os presentes naquela noite, <b>gerando uma GRANDE MASSA CR\u00cdTICA NO MEIO VASCA\u00cdNO!<br \/><\/b><\/div>\n<div>\u00a0\u00a0\u00a0\u00a0 Este convite partiu do Sr Ben Faues Cherene Jassus, conhecido como Sr Mussa, o qual comp\u00f4s a mesa principal naquela noite, em conjunto com os Srs Olavo Monteiro de Carvalho, Alu\u00edsio Costa e Jos\u00e9 Carlos Os\u00f3rio.<\/p>\n<\/div>\n<div>\u00a0\u00a0\u00a0\u00a0 Participaram deste evento, os seguintes Grupos Pol\u00edticos: Cruzada Vasca\u00edna, Identidade Vasco, Pr\u00f3-Vasco, Vira Vasco, Sempre Vasco, Malta do Vasco, Vasc\u00e3o Gigante, Petro Vasco e BNDES Vasco.<\/p>\n<\/div>\n<div>\u00a0\u00a0\u00a0\u00a0 Existe a perspectiva de mais grupos pol\u00edticos Vasca\u00ednos maturarem essa coaliz\u00e3o. Tudo agora est\u00e1 em processo &quot;embrion\u00e1rio&quot;, mas existe a necessidade urgente de todos os vasca\u00ednos pregarem essa possibilidade, uma vez que o modelo atual no clube, cada vez mais est\u00e1 trazendo ao Vasco um quadro de apequenamento. Haja visto os 3 pesados rebaixamentos que tivemos nesse per\u00edodo.<\/p>\n<p>\u00a0\u00a0\u00a0\u00a0 <img loading=\"lazy\" decoding=\"async\" src=\"https:\/\/webvasco.com\/artigos\/wp-content\/uploads\/2017\/05\/image-2.png\" alt=\"Imagem inline 4\" style=\"margin-right:0px\" width=\"273\" height=\"163\"\/><\/div>\n<div>\u00a0\u00a0\u00a0\u00a0 Elei\u00e7\u00f5es passadas no CRVG<\/div>\n<div>\u00a0\u00a0\u00a0\u00a0 Fonte da imagem: Jornal O Globo<\/p>\n<p><\/div>\n<div><\/div>\n<div>\u00a0\u00a0\u00a0\u00a0 Que esse prop\u00f3sito coesivo, venha a se tornar uma Bandeira, cuja mesma possa recolocar o Vasco da Gama no seu devido lugar: O de GIGANTE do futebol brasileiro!<\/p>\n<\/div>\n<div>\u00a0\u00a0\u00a0\u00a0<b> Em todos os per\u00edodos da magn\u00edfica hist\u00f3ria vasca\u00edna, o clube foi vencedor quando o PROP\u00d3SITO COESIVO esteve presente nas grandes conquistas desse clube, campe\u00e3o no esporte e no social.<\/b><\/p>\n<\/div>\n<div>\u00a0\u00a0\u00a0\u00a0 Que se pense novamente, <b>ATRAV\u00c9S DE UMA NOVA MENTALIDADE<\/b>, um Vasco da Gama competente, unido, democr\u00e1tico, moderno (reforma do estatuto, revitaliza\u00e7\u00e3o do entorno e amplia\u00e7\u00e3o do est\u00e1dio de SJ, capta\u00e7\u00e3o de novos s\u00f3cios, internacionaliza\u00e7\u00e3o da marca CRVG, conquistas no futebol e demais esportes, etc &#8230;) e principalmente: PIONEIRO, como os nossos antepassados o fizeram e que possamos repetir a hist\u00f3ria agora, projetando e continuando o futuro vasca\u00edno como GIGANTE!<\/p>\n<\/div>\n<div>\u00a0 \u00a0\u00a0 <b><span style=\"color:rgb(255,0,0)\">Convido todos a lerem o referido texto divulgado na reuni\u00e3o aberta, destacado abaixo, e que possamos UNIR O CLUBE, enquanto h\u00e1 tempo!<\/span><br \/><\/b><\/div>\n<div>\u00a0 \u00a0\u00a0 E n\u00e3o o destruir, mais do que j\u00e1 est\u00e1!<\/p>\n<\/div>\n<div>\u00a0 \u00a0\u00a0 <b>O Vasco da Gama \u00e9 s\u00edntese. E n\u00e3o ant\u00edtese!<\/b><\/p>\n<\/div>\n<div>\u00a0 \u00a0\u00a0 SV a todos! <\/p>\n<p>\u00a0\u00a0\u00a0 <img loading=\"lazy\" decoding=\"async\" src=\"https:\/\/webvasco.com\/artigos\/wp-content\/uploads\/2017\/05\/image-1.png\" alt=\"Imagem inline 5\" width=\"86\" height=\"129\"\/><\/div>\n<div>\u00a0\u00a0\u00a0\u00a0 <\/div>\n<p>\u00a0\u00a0\u00a0\u00a0 <span style=\"font-family:comic sans ms,sans-serif\">Caros Amigos Vasca\u00ednos:<\/p>\n<p><\/span><\/p>\n<div>\n<div id=\"m_-5491298857700937451m_5526486754790050472gmail-m_1533021132906762707m_-5383888180303436855m_2493906234151783547m_-4778006760374334880m_4690322343189015540m_5493229155707532655m_8153887734069690140m_-3587687354898771362m_-8563881203194881581m_9122419039652061256m_5494505448208072113gmail-yui_3_16_0_ym19_1_1495118462216_114666\"><span style=\"font-family:comic sans ms,sans-serif\">\u00a0 \u00a0 \u00a0Aproveito este espa\u00e7o, para debater o tema: &quot;Futuro do CRVG&quot;!<\/p>\n<p><\/span><\/div>\n<div id=\"m_-5491298857700937451m_5526486754790050472gmail-m_1533021132906762707m_-5383888180303436855m_2493906234151783547m_-4778006760374334880m_4690322343189015540m_5493229155707532655m_8153887734069690140m_-3587687354898771362m_-8563881203194881581m_9122419039652061256m_5494505448208072113gmail-yui_3_16_0_ym19_1_1495118462216_114644\"><span style=\"font-family:comic sans ms,sans-serif\">\u00a0<br \/>\n \u00a0 \u00a0Muitos Vasca\u00ednos, como eu, j\u00e1 estamos cansados de assistirmos o <br \/>\nnosso amado clube, a cada dia que se passa, na &quot;Rota de Colis\u00e3o&quot; que <br \/>\nse encontra h\u00e1 17 anos, cuja &quot;trag\u00e9dia anunciada&quot; levar\u00e1 o nosso <br \/>\nClube a um apequenamento definitivo se esse modelo continuar.<\/p>\n<p><\/span><\/div>\n<div id=\"m_-5491298857700937451m_5526486754790050472gmail-m_1533021132906762707m_-5383888180303436855m_2493906234151783547m_-4778006760374334880m_4690322343189015540m_5493229155707532655m_8153887734069690140m_-3587687354898771362m_-8563881203194881581m_9122419039652061256m_5494505448208072113gmail-yui_3_16_0_ym19_1_1495118462216_114643\"><span style=\"font-family:comic sans ms,sans-serif\">\u00a0 \u00a0 \u00a0 Imaginem Srs, quantas gera\u00e7\u00f5es de Vasca\u00ednos e quanto potencial de t\u00edtulos e benesses perdemos nesse per\u00edodo nefasto?<\/p>\n<p><\/span><\/div>\n<div id=\"m_-5491298857700937451m_5526486754790050472gmail-m_1533021132906762707m_-5383888180303436855m_2493906234151783547m_-4778006760374334880m_4690322343189015540m_5493229155707532655m_8153887734069690140m_-3587687354898771362m_-8563881203194881581m_9122419039652061256m_5494505448208072113gmail-yui_3_16_0_ym19_1_1495118462216_114642\"><span style=\"font-family:comic sans ms,sans-serif\">\u00a0<br \/>\n \u00a0 \u00a0 E o que os Vasca\u00ednos em potencial, postulantes a gerirem o CRVG nas<br \/>\n pr\u00f3ximas elei\u00e7\u00f5es, est\u00e3o fazendo \u00a0para mudar esse modelo falimentar, <br \/>\nal\u00e9m de poucas &quot;a\u00e7\u00f5es embrion\u00e1rias&quot;?<\/p>\n<p><\/span><\/div>\n<div id=\"m_-5491298857700937451m_5526486754790050472gmail-m_1533021132906762707m_-5383888180303436855m_2493906234151783547m_-4778006760374334880m_4690322343189015540m_5493229155707532655m_8153887734069690140m_-3587687354898771362m_-8563881203194881581m_9122419039652061256m_5494505448208072113gmail-yui_3_16_0_ym19_1_1495118462216_114641\"><span style=\"font-family:comic sans ms,sans-serif\">\u00a0\u00a0\u00a0\u00a0 NADA SIGNIFICATIVO!<\/p>\n<p><\/span><\/div>\n<div id=\"m_-5491298857700937451m_5526486754790050472gmail-m_1533021132906762707m_-5383888180303436855m_2493906234151783547m_-4778006760374334880m_4690322343189015540m_5493229155707532655m_8153887734069690140m_-3587687354898771362m_-8563881203194881581m_9122419039652061256m_5494505448208072113gmail-yui_3_16_0_ym19_1_1495118462216_114640\"><span style=\"font-family:comic sans ms,sans-serif\">\u00a0<br \/>\n \u00a0 \u00a0Me desculpem o Portugu\u00eas claro: Apesar do esfor\u00e7o de alguns Grandes <br \/>\nVasca\u00ednos, ainda impera no Vasco da Gama uma &quot;VAIDADE EGO\u00cdSTA&quot;, por <br \/>\nparte de alguns Vasca\u00ednos que impedem A \u00daNICA POSSIBILIDADE DE MUDARMOS ESSE CEN\u00c1RIO CA\u00d3TICO: UMA COALIZ\u00c3O GERAL OBJETIVA, a fim <br \/>\n\u00a0de se transformar numa FRENTE AMPLA VASCA\u00cdNA de modo primeiramente a<br \/>\n se CONSERTAR O CLUBE!<\/span><\/div>\n<div id=\"m_-5491298857700937451m_5526486754790050472gmail-m_1533021132906762707m_-5383888180303436855m_2493906234151783547m_-4778006760374334880m_4690322343189015540m_5493229155707532655m_8153887734069690140m_-3587687354898771362m_-8563881203194881581m_9122419039652061256m_5494505448208072113gmail-yui_3_16_0_ym19_1_1495118462216_114640\" dir=\"auto\"><span style=\"font-family:comic sans ms,sans-serif\"><br \/><\/span><span style=\"font-family:&quot;comic sans ms&quot;,sans-serif\">\u00a0 \u00a0 \u00a0 A\u00cd que muitos vascainos alegam que &quot;\u00e1gua e \u00f3leo n\u00e3o se misturam&quot;, mas que <br \/>\ndessa vez ter\u00e1 que se misturar, tudo em fun\u00e7\u00e3o de se salvar, enquanto<br \/>\n ainda se pode, o nosso amado clube!<\/span><span style=\"font-family:comic sans ms,sans-serif\"><br \/><\/span><\/div>\n<div id=\"m_-5491298857700937451m_5526486754790050472gmail-m_1533021132906762707m_-5383888180303436855m_2493906234151783547m_-4778006760374334880m_4690322343189015540m_5493229155707532655m_8153887734069690140m_-3587687354898771362m_-8563881203194881581m_9122419039652061256m_5494505448208072113gmail-yui_3_16_0_ym19_1_1495118462216_114607\"><span style=\"font-family:comic sans ms,sans-serif\"><br \/><\/span><\/div>\n<div id=\"m_-5491298857700937451m_5526486754790050472gmail-m_1533021132906762707m_-5383888180303436855m_2493906234151783547m_-4778006760374334880m_4690322343189015540m_5493229155707532655m_8153887734069690140m_-3587687354898771362m_-8563881203194881581m_9122419039652061256m_5494505448208072113gmail-yui_3_16_0_ym19_1_1495118462216_114672\"><span style=\"font-family:comic sans ms,sans-serif\">\u00a0 \u00a0 \u00a0 Obviamente, n\u00e3o sejamos &quot;ing\u00eanuos&quot; de acreditarmos nesta &quot;poss\u00edvel utopia&quot;!<\/p>\n<p><\/span><\/div>\n<div><span style=\"font-family:comic sans ms,sans-serif\">\u00a0<br \/>\n \u00a0 \u00a0 Mas a NECESSIDADE obriga que A, B, C, D ou E, se COALIZEM COM <br \/>\nPROP\u00d3SITOS CLAROS. Isso n\u00e3o quer dizer que todos &quot;finjam&quot; uma suposta &quot;amizade&quot; de ambos frequentarem a casa um do outro. Mas que a CASA <br \/>\nVASCA\u00cdNA seja frequentada por todos aqueles que queiram CONSERTAR O <br \/>\nCLUBE!<\/p>\n<p><\/span><\/div>\n<div id=\"m_-5491298857700937451m_5526486754790050472gmail-m_1533021132906762707m_-5383888180303436855m_2493906234151783547m_-4778006760374334880m_4690322343189015540m_5493229155707532655m_8153887734069690140m_-3587687354898771362m_-8563881203194881581m_9122419039652061256m_5494505448208072113gmail-yui_3_16_0_ym19_1_1495118462216_114673\"><span style=\"font-family:comic sans ms,sans-serif\">\u00a0 \u00a0 \u00a0 <br \/>\nPortanto meus caros, n\u00e3o h\u00e1 outra solu\u00e7\u00e3o a n\u00e3o ser uma FRENTE <br \/>\nAMPLA VASCA\u00cdNA DE MODO A SE SALVAR O CLUBE, \u00a0antes que seja tarde <br \/>\ndemais!<\/p>\n<p><\/span><\/div>\n<div><span style=\"font-family:comic sans ms,sans-serif\">\u00a0 \u00a0 \u00a0Estamos a 6 meses da elei\u00e7\u00e3o e o que vemos \u00e9 <br \/>\ncada vez mais DIVIS\u00c3O entre todos aqueles que PODERIAM MODIFICAR ESSE <br \/>\nQUADRO, QUE NOS LEVAR\u00c1 AO FIM!<\/p>\n<p><\/span><\/div>\n<div id=\"m_-5491298857700937451m_5526486754790050472gmail-m_1533021132906762707m_-5383888180303436855m_2493906234151783547m_-4778006760374334880m_4690322343189015540m_5493229155707532655m_8153887734069690140m_-3587687354898771362m_-8563881203194881581m_9122419039652061256m_5494505448208072113gmail-yui_3_16_0_ym19_1_1495118462216_114674\"><span style=\"font-family:comic sans ms,sans-serif\">\u00a0<br \/>\n \u00a0 \u00a0Que TODOS POSSAM SE &quot;DESPIREM&quot; de VAIDADES e se unam pelo Vasco da<br \/>\n Gama! Afinal todos somos Vasca\u00ednos e o Clube PRECISA DAQUELES QUE O<br \/>\n POSSAM REERGUER!<\/p>\n<p><\/span><\/div>\n<div id=\"m_-5491298857700937451m_5526486754790050472gmail-m_1533021132906762707m_-5383888180303436855m_2493906234151783547m_-4778006760374334880m_4690322343189015540m_5493229155707532655m_8153887734069690140m_-3587687354898771362m_-8563881203194881581m_9122419039652061256m_5494505448208072113gmail-yui_3_16_0_ym19_1_1495118462216_114675\"><span style=\"font-family:comic sans ms,sans-serif\">\u00a0<br \/>\n \u00a0 \u00a0 Fa\u00e7am-se imediatamente Reuni\u00f5es Abertas a TODOS que estejam <br \/>\nimbu\u00eddos nesse prop\u00f3sito, dando PUBLICIDADE a elas (n\u00e3o o &quot;pulo do <br \/>\ngato&quot;), atrav\u00e9s de dois ou tr\u00eas Jornalistas confi\u00e1veis e que se fa\u00e7am atas assinadas em Cart\u00f3rio, promovendo AUTENTICIDADE das mesmas.<\/p>\n<p><\/span><\/div>\n<div id=\"m_-5491298857700937451m_5526486754790050472gmail-m_1533021132906762707m_-5383888180303436855m_2493906234151783547m_-4778006760374334880m_4690322343189015540m_5493229155707532655m_8153887734069690140m_-3587687354898771362m_-8563881203194881581m_9122419039652061256m_5494505448208072113gmail-yui_3_16_0_ym19_1_1495118462216_114676\"><span style=\"font-family:comic sans ms,sans-serif\">\u00a0<br \/>\n \u00a0 \u00a0 Se isso for CONCEBIDO (sem \u00a0&quot;toma l\u00e1 d\u00e1 c\u00e1&quot;, que o fim ser\u00e1 o <br \/>\nmesmo &#8230;.) nas cabe\u00e7as daqueles que podem consertar o Vasco, VEREMOS <br \/>\nAQUELES QUE SE PROP\u00d5EM A ISSO, ou ent\u00e3o veremos as &quot;m\u00e1scaras ca\u00edrem&quot;, <br \/>\ndaqueles que colocam outras coisas em 1\u00b0 lugar, em detrimento do Clube!<\/p>\n<p><\/span><\/div>\n<div><span style=\"font-family:comic sans ms,sans-serif\">\u00a0 \u00a0\u00a0\u00a0 O TEMPO \u00c9 CURTO E O CLUBE N\u00c3O TEM MAIS TEMPO PARA ERROS!<\/p>\n<p><\/span><\/div>\n<div id=\"m_-5491298857700937451m_5526486754790050472gmail-m_1533021132906762707m_-5383888180303436855m_2493906234151783547m_-4778006760374334880m_4690322343189015540m_5493229155707532655m_8153887734069690140m_-3587687354898771362m_-8563881203194881581m_9122419039652061256m_5494505448208072113gmail-yui_3_16_0_ym19_1_1495118462216_114677\"><span style=\"font-family:comic sans ms,sans-serif\">\u00a0 \u00a0 \u00a0 Antes que a \u00faltima esperan\u00e7a morra, nas m\u00e3os dos pr\u00f3prios Vasca\u00ednos, facilitando o trabalho do &quot;Sistema&quot; em nos destruir!<\/p>\n<p><\/span><\/div>\n<div id=\"m_-5491298857700937451m_5526486754790050472gmail-m_1533021132906762707m_-5383888180303436855m_2493906234151783547m_-4778006760374334880m_4690322343189015540m_5493229155707532655m_8153887734069690140m_-3587687354898771362m_-8563881203194881581m_9122419039652061256m_5494505448208072113gmail-yui_3_16_0_ym19_1_1495118462216_114678\"><span style=\"font-family:comic sans ms,sans-serif\">\u00a0\u00a0 \u00a0\u00a0 Ou a COALIZ\u00c3O, ou TODOS &quot;MORRENDO ABRA\u00c7ADOS&quot; e DIVIDIDOS!<\/p>\n<p><\/span><\/div>\n<div id=\"m_-5491298857700937451m_5526486754790050472gmail-m_1533021132906762707m_-5383888180303436855m_2493906234151783547m_-4778006760374334880m_4690322343189015540m_5493229155707532655m_8153887734069690140m_-3587687354898771362m_-8563881203194881581m_9122419039652061256m_5494505448208072113gmail-yui_3_16_0_ym19_1_1495118462216_114679\"><span style=\"font-family:comic sans ms,sans-serif\">\u00a0 \u00a0 \u00a0 A sorte e o futuro do CRVG est\u00e3o lan\u00e7ados!<\/p>\n<p><\/span><\/div>\n<div id=\"m_-5491298857700937451m_5526486754790050472gmail-m_1533021132906762707m_-5383888180303436855m_2493906234151783547m_-4778006760374334880m_4690322343189015540m_5493229155707532655m_8153887734069690140m_-3587687354898771362m_-8563881203194881581m_9122419039652061256m_5494505448208072113gmail-yui_3_16_0_ym19_1_1495118462216_114680\"><span style=\"font-family:comic sans ms,sans-serif\">\u00a0 \u00a0 \u00a0 A escolha \u00e9 de cada um e n\u00e3o adianta mais &quot;nadarmos contra a corrente&quot;, sobre pena de MORRERMOS TODOS AFOGADOS!<\/p>\n<p><\/span><\/div>\n<div id=\"m_-5491298857700937451m_5526486754790050472gmail-m_1533021132906762707m_-5383888180303436855m_2493906234151783547m_-4778006760374334880m_4690322343189015540m_5493229155707532655m_8153887734069690140m_-3587687354898771362m_-8563881203194881581m_9122419039652061256m_5494505448208072113gmail-yui_3_16_0_ym19_1_1495118462216_114681\"><span style=\"font-family:comic sans ms,sans-serif\">\u00a0 \u00a0 \u00a0Agora, se &quot;nadarmos a favor&quot;, o Clube tem grandes chances de se reerguer! <\/p>\n<p><\/span><\/div>\n<div id=\"m_-5491298857700937451m_5526486754790050472gmail-m_1533021132906762707m_-5383888180303436855m_2493906234151783547m_-4778006760374334880m_4690322343189015540m_5493229155707532655m_8153887734069690140m_-3587687354898771362m_-8563881203194881581m_9122419039652061256m_5494505448208072113gmail-yui_3_16_0_ym19_1_1495118462216_114682\"><span style=\"font-family:comic sans ms,sans-serif\">\u00a0 \u00a0 \u00a0Me desculpem a extens\u00e3o do texto!<\/p>\n<p><\/span><\/div>\n<div id=\"m_-5491298857700937451m_5526486754790050472gmail-m_1533021132906762707m_-5383888180303436855m_2493906234151783547m_-4778006760374334880m_4690322343189015540m_5493229155707532655m_8153887734069690140m_-3587687354898771362m_-8563881203194881581m_9122419039652061256m_5494505448208072113gmail-yui_3_16_0_ym19_1_1495118462216_114683\"><span style=\"font-family:comic sans ms,sans-serif\">\u00a0 \u00a0 Mas acredito que possa surtir algum efeito positivo, em uma Mentalidade Coesiva Pr\u00f3 CRVG.<\/p>\n<p><\/span><\/div>\n<div id=\"m_-5491298857700937451m_5526486754790050472gmail-m_1533021132906762707m_-5383888180303436855m_2493906234151783547m_-4778006760374334880m_4690322343189015540m_5493229155707532655m_8153887734069690140m_-3587687354898771362m_-8563881203194881581m_9122419039652061256m_5494505448208072113gmail-yui_3_16_0_ym19_1_1495118462216_114684\"><span style=\"font-family:comic sans ms,sans-serif\">\u00a0 \u00a0 \u00a0SV!<\/span><\/div>\n<p><span style=\"font-family:monospace,monospace\">   <\/span><\/p>\n<div class=\"m_-5491298857700937451m_5526486754790050472gmail-m_1533021132906762707m_-5383888180303436855m_2493906234151783547m_-4778006760374334880m_4690322343189015540m_5493229155707532655m_8153887734069690140m_-3587687354898771362m_-8563881203194881581m_9122419039652061256m_5494505448208072113gmail-thread-footer m_-5491298857700937451m_5526486754790050472gmail-m_1533021132906762707m_-5383888180303436855m_2493906234151783547m_-4778006760374334880m_4690322343189015540m_5493229155707532655m_8153887734069690140m_-3587687354898771362m_-8563881203194881581m_9122419039652061256m_5494505448208072113gmail-withicons\" id=\"m_-5491298857700937451m_5526486754790050472gmail-m_1533021132906762707m_-5383888180303436855m_2493906234151783547m_-4778006760374334880m_4690322343189015540m_5493229155707532655m_8153887734069690140m_-3587687354898771362m_-8563881203194881581m_9122419039652061256m_5494505448208072113gmail-yui_3_16_0_ym19_1_1495118462216_114685\"><span style=\"font-family:monospace,monospace\"> <\/span><span class=\"m_-5491298857700937451m_5526486754790050472gmail-m_1533021132906762707m_-5383888180303436855m_2493906234151783547m_-4778006760374334880m_4690322343189015540m_5493229155707532655m_8153887734069690140m_-3587687354898771362m_-8563881203194881581m_9122419039652061256m_5494505448208072113gmail-addconvtitle\"><span style=\"font-family:monospace,monospace\"> <\/span><br \/><\/span><span class=\"m_-5491298857700937451m_5526486754790050472gmail-m_1533021132906762707m_-5383888180303436855m_2493906234151783547m_-4778006760374334880m_4690322343189015540m_5493229155707532655m_8153887734069690140m_-3587687354898771362m_-8563881203194881581m_9122419039652061256m_5494505448208072113gmail-card-actions-menu\"> <\/span><\/div>\n<\/div>\n<\/div>\n<\/div>\n<p>\n<\/div>\n","protected":false},"excerpt":{"rendered":"<p>\u00a0\u00a0\u00a0\u00a0 Caros Amigos Vasca\u00ednos: \u00a0\u00a0\u00a0\u00a0 Ap\u00f3s um bom tempo sem escrever neste canal, devido a&#8230;<\/p>\n","protected":false},"author":3,"featured_media":8177,"comment_status":"open","ping_status":"closed","sticky":false,"template":"","format":"standard","meta":{"footnotes":""},"categories":[16],"tags":[],"class_list":["post-8176","post","type-post","status-publish","format-standard","has-post-thumbnail","hentry","category-marcelopaiva"],"_links":{"self":[{"href":"https:\/\/webvasco.com\/artigos\/wp-json\/wp\/v2\/posts\/8176","targetHints":{"allow":["GET"]}}],"collection":[{"href":"https:\/\/webvasco.com\/artigos\/wp-json\/wp\/v2\/posts"}],"about":[{"href":"https:\/\/webvasco.com\/artigos\/wp-json\/wp\/v2\/types\/post"}],"author":[{"embeddable":true,"href":"https:\/\/webvasco.com\/artigos\/wp-json\/wp\/v2\/users\/3"}],"replies":[{"embeddable":true,"href":"https:\/\/webvasco.com\/artigos\/wp-json\/wp\/v2\/comments?post=8176"}],"version-history":[{"count":0,"href":"https:\/\/webvasco.com\/artigos\/wp-json\/wp\/v2\/posts\/8176\/revisions"}],"wp:featuredmedia":[{"embeddable":true,"href":"https:\/\/webvasco.com\/artigos\/wp-json\/wp\/v2\/media\/8177"}],"wp:attachment":[{"href":"https:\/\/webvasco.com\/artigos\/wp-json\/wp\/v2\/media?parent=8176"}],"wp:term":[{"taxonomy":"category","embeddable":true,"href":"https:\/\/webvasco.com\/artigos\/wp-json\/wp\/v2\/categories?post=8176"},{"taxonomy":"post_tag","embeddable":true,"href":"https:\/\/webvasco.com\/artigos\/wp-json\/wp\/v2\/tags?post=8176"}],"curies":[{"name":"wp","href":"https:\/\/api.w.org\/{rel}","templated":true}]}}