{"id":818,"date":"2014-03-31T10:40:04","date_gmt":"2014-03-31T13:40:04","guid":{"rendered":"http:\/\/webvasco.com\/artigos\/?p=818"},"modified":"2014-03-31T10:43:20","modified_gmt":"2014-03-31T13:43:20","slug":"a-chance-de-escrever-um-novo-fim","status":"publish","type":"post","link":"https:\/\/webvasco.com\/artigos\/colunistas\/a-chance-de-escrever-um-novo-fim\/","title":{"rendered":"A chance de escrever um novo fim"},"content":{"rendered":"<div dir=\"ltr\">\n<p style=\"margin:0px 0px 10px;padding:0px;border:0px;outline:0px;font-size:15px;vertical-align:baseline;color:rgb(51,51,51);line-height:21px\">Muito mais do que uma simples vit\u00f3ria! Creio que assim deva ser encarado o triunfo do Vasco nesse \u00faltimo domingo perante o rival Fluminense. N\u00e3o pelo fato de estarmos, de novo, decidindo um campeonato carioca ap\u00f3s dez anos de longa espera. Mas sim, por toda a carga positiva que ela (vit\u00f3ria) traz consigo, e que pode ser vista sob alguns pontos de vista que v\u00e3o, tamb\u00e9m, al\u00e9m-campo.<\/p>\n<p><\/p>\n<p style=\"margin:0px 0px 10px;padding:0px;border:0px;outline:0px;font-size:15px;vertical-align:baseline;color:rgb(51,51,51);line-height:21px\">N\u00e3o \u00e9 de hoje que travamos uma batalha particular contra o advers\u00e1rio citado, e disso todos j\u00e1 sabemos do que se trata. Perdemos nosso lado no est\u00e1dio para os torcedores do mesmo, perdemos batalhas fora de campo, perdemos torcedores jovens, crian\u00e7as, adolescentes inclusive, com a escassez de trof\u00e9us de nossa parte e a impuls\u00e3o gerada pela patrocinadora do plano de sa\u00fade no tricolor que os levou a conquistar mais t\u00edtulos do que n\u00f3s e a estar disputando outros tantos constantemente ao passo que n\u00f3s, na maior parte dos anos desse s\u00e9culo, sucumbimos ao papel coadjuvante ou mesmo figurante em muitos dos campeonatos disputados. N\u00e3o por acaso noto, em minhas salas de aula, um n\u00famero compat\u00edvel de jovens que torcem pelo Fluminense e para o Vasco, quando na minha \u00e9poca de estudante na escola eu contava nos dedos quantos tricolores havia ao meu redor, em classe&#8230;<\/p>\n<p><\/p>\n<p style=\"margin:0px 0px 10px;padding:0px;border:0px;outline:0px;font-size:15px;vertical-align:baseline;color:rgb(51,51,51);line-height:21px\">S\u00f3 n\u00e3o perdemos o costume de venc\u00ea-los, superando-nos e a eles, principalmente, independente das adversidades.<\/p>\n<p><\/p>\n<p style=\"margin:0px 0px 10px;padding:0px;border:0px;outline:0px;font-size:15px;vertical-align:baseline;color:rgb(51,51,51);line-height:21px\">Sinceramente, passei um domingo tranquilo, sem ansiedade para come\u00e7ar logo o jogo. N\u00e3o porque n\u00e3o estava lhe dando o devido valor, e sim, porque algo em mim, minha intui\u00e7\u00e3o talvez, j\u00e1 dava a vit\u00f3ria como certa e a vaga como ganha! Sim, n\u00e3o contei no rel\u00f3gio (e digo isso, na honestidade mesmo!) nenhuma vez quanto tempo faltava para come\u00e7ar o jogo! O costume de triunfar sobre o Fluminense, em mim, j\u00e1 est\u00e1 enraizado, ao ponto de lamentar ao fato de n\u00e3o disputarem a s\u00e9rie B conosco esse ano, pois seriam seis pontos j\u00e1 computados em nosso favor&#8230; O resultado, para mim, n\u00e3o foi surpresa, e n\u00e3o somente pelo ponto-de-vista sentimental, mas t\u00e9cnico tamb\u00e9m. E sobre esse \u00faltimo, explico mais adiante&#8230;<\/p>\n<p><\/p>\n<p style=\"margin:0px 0px 10px;padding:0px;border:0px;outline:0px;font-size:15px;vertical-align:baseline;color:rgb(51,51,51);line-height:21px\">Mas sobre a carga positiva que a vit\u00f3ria trouxe consigo al\u00e9m do ponto-de-vista j\u00e1 exposto, h\u00e1 tamb\u00e9m outro aspecto que chama aten\u00e7\u00e3o e que deve ser objeto para reflex\u00e3o: a consci\u00eancia da torcida vasca\u00edna em valorizar essa vit\u00f3ria e manter-se firme em seus prop\u00f3sitos, independente do resultado que houver em campo daqui para frente. Pelo menos com grande parte dos companheiros mais pr\u00f3ximos que possuo (pessoalmente e via redes sociais, muitos desses s\u00f3cios do clube como eu), observo em seus discursos a certeza da necessidade do triunfo ao melhor estilo; e independentemente desse poss\u00edvel futuro triunfo, o DISCERNIMENTO para que haja press\u00e3o e o quadro social mude o clube. Ou, ao menos, fa\u00e7a a op\u00e7\u00e3o por ser diferente do que, hoje, encontramos em S\u00e3o Janu\u00e1rio.<\/p>\n<p><\/p>\n<p style=\"margin:0px 0px 10px;padding:0px;border:0px;outline:0px;font-size:15px;vertical-align:baseline;color:rgb(51,51,51);line-height:21px\">Nessas horas \u00e9 que ser maduro, ser frio, saber avaliar e ter esse tal DISCERNIMENTO para tanto s\u00e3o virtudes que devem ser lembradas e valorizadas. Por muitas vezes que comentei nas redes sociais, em especial, a necessidade de o vasca\u00edno assumir ao clube com intelig\u00eancia (e n\u00e3o somente com o cora\u00e7\u00e3o) passa por saber separar &ldquo;o joio do trigo&rdquo;: valorizar uma conquista em campo e saber mudar os rumos de sua pr\u00f3pria hist\u00f3ria fora dele. Separar o emocional do presente do racional futuro, e n\u00e3o vivermos como em vezes anteriores de um raro momento de felicidade e fazer dele o pretexto para pensar que tudo est\u00e1 bom e que nada deva ser mudado no clube, tal como deve ser.<\/p>\n<p><\/p>\n<p style=\"margin:0px 0px 10px;padding:0px;border:0px;outline:0px;font-size:15px;vertical-align:baseline;color:rgb(51,51,51);line-height:21px\">N\u00e3o \u00e9 preciso o cen\u00e1rio de caos para que haja mudan\u00e7as significativas, e assim, muitos de nossos rivais escrevem ou escreveram sua hist\u00f3ria. Por que o vasca\u00edno, ent\u00e3o, n\u00e3o pode se dar \u00e0 felicidade de mudar o curso de sua nau no melhor cen\u00e1rio poss\u00edvel, provocando assim, mais uma vit\u00f3ria sobre nossa ultrapassada ideologia de que s\u00f3 mudamos quando perdemos, portanto, &ldquo;a derrota torna-se necess\u00e1ria&rdquo; nesse tipo de argumento?!<\/p>\n<p><\/p>\n<p style=\"margin:0px 0px 10px;padding:0px;border:0px;outline:0px;font-size:15px;vertical-align:baseline;color:rgb(51,51,51);line-height:21px\">Muito mais do que se deixar levar pelo aspecto emocional, quem for Vasco DE VERDADE deve esquecer algum poss\u00edvel reflexo futuro em fun\u00e7\u00e3o de uma poss\u00edvel conquista no presente e torcer para que ela se concretize, ainda que n\u00e3o seja f\u00e1cil vencer o Flamengo, a FFERJ, seus \u00e1rbitros, a Globopress que melhor representa a Flapress e a nossa pr\u00f3pria falta de representatividade na mesma federa\u00e7\u00e3o promotora do campeonato. A hora, agora, \u00e9 de apoio ao que pode ser a ruptura sobre um per\u00edodo longo de jejum de t\u00edtulos cariocas, al\u00e9m de dar a uma gera\u00e7\u00e3o de vasca\u00ednos nascida ap\u00f3s 1988 a chance de ver o primeiro triunfo do clube sobre os arquirrivais em uma final de campeonato.<\/p>\n<p><\/p>\n<p style=\"margin:0px 0px 10px;padding:0px;border:0px;outline:0px;font-size:15px;vertical-align:baseline;color:rgb(51,51,51);line-height:21px\">Mas que venham todos, mas venham bem quente mesmo, porque o Vasco que aprendi a conhecer e no qual acredito que voltar\u00e1 a ser em breve n\u00e3o teme a esse tipo de adversidade: ao contr\u00e1rio, as enfrenta, dignificando o que h\u00e1 de melhor de escrito em sua hist\u00f3ria!<\/p>\n<p><\/p>\n<p style=\"margin:0px 0px 10px;padding:0px;border:0px;outline:0px;font-size:15px;vertical-align:baseline;color:rgb(51,51,51);line-height:21px\"><strong style=\"margin:0px;padding:0px;border:0px;outline:0px;vertical-align:baseline;color:rgb(68,68,68);font-family:Arial,&#39;Times New Roman&#39;,serif\">A vit\u00f3ria da organiza\u00e7\u00e3o e da ofensividade<\/strong><\/p>\n<p><\/p>\n<p style=\"margin:0px 0px 10px;padding:0px;border:0px;outline:0px;font-size:15px;vertical-align:baseline;color:rgb(51,51,51);line-height:21px\">Nos dois jogos das semifinais diante do Fluminense, o Vasco obteve aproximadamente setenta por cento da posse de bola em ambos. Afora algumas circunst\u00e2ncias normais de perigo por parte do advers\u00e1rio &ndash; tecnicamente, mais qualificado do que nosso time &ndash; o Vasco dominou em boa parte das a\u00e7\u00f5es constru\u00eddas em campo, n\u00e3o permitindo que o Fluminense tomasse gosto e fizesse prevalecer seu setor ofensivo, que \u00e9 o que h\u00e1 de melhor em seu time. Diferentemente do jogo do turno, em que no segundo tempo daquele mesmo, o Vasco fora dominado e poderia, afora o gol irregular de Fred, at\u00e9 ter sa\u00eddo derrotado, sem absurdo algum. O que mudou, ent\u00e3o?<\/p>\n<p><\/p>\n<p style=\"margin:0px 0px 10px;padding:0px;border:0px;outline:0px;font-size:15px;vertical-align:baseline;color:rgb(51,51,51);line-height:21px\">Naquele jogo, o Vasco formou sua meia com Aranda, Guinaz\u00fa, Pedro Ken e Douglas. Teoricamente, tr\u00eas cabe\u00e7as-de-\u00e1rea, considerando que o pr\u00f3prio Pedro Ken assim se considera, pois ele pr\u00f3prio entende que, quando empurrado para jogar mais \u00e0 frente, n\u00e3o rende o esperado. Jogou de forma acovardada quando tinha a vantagem do marcador, mas sua escala\u00e7\u00e3o inicial bem como em boa parte de grande parte dos jogos (mesmo contra os times de menor investimento) j\u00e1 denotava essa conduta muito mais defensivista. Chamou o advers\u00e1rio para o jogo, e n\u00e3o perdemos aquele mesmo porque era Fluminense o advers\u00e1rio e ainda com seu potencial mal explorado por seu treinador Renato Ga\u00facho.<\/p>\n<p><\/p>\n<p style=\"margin:0px 0px 10px;padding:0px;border:0px;outline:0px;font-size:15px;vertical-align:baseline;color:rgb(51,51,51);line-height:21px\">Com a necessidade de se expor, Ad\u00edlson foi obrigado a aderir ao estilo que lhe parece menos agradar, mas que \u00e9 assim que a maior parte dos campe\u00f5es joga. Dois cabe\u00e7as-de-\u00e1rea, um meia-ofensivo armador (o melhor que possu\u00edmos, ainda que n\u00e3o tenha estado t\u00e3o efetivo assim) e tr\u00eas atacantes. N\u00e3o sou t\u00e3o exigente de pedir tr\u00eas avan\u00e7ados na teoria, mas ao menos, dois meias-ofensivos juntos a dois atacantes j\u00e1 me traria, particularmente, um pouco mais de esperan\u00e7a. Ainda assim, o futebol demonstrado nessa semifinal foi reflexo dessa mudan\u00e7a de pensamento. Os dois pontas abertos (Everton Costa e Reginaldo) impediram os avan\u00e7os dos laterais tricolores e isolaram Conca no meio que, sozinho, nada p\u00f4de criar.<\/p>\n<p><\/p>\n<p style=\"margin:0px 0px 10px;padding:0px;border:0px;outline:0px;font-size:15px;vertical-align:baseline;color:rgb(51,51,51);line-height:21px\">Como resultado, uma vit\u00f3ria do modelo corajoso implantado em um time bem organizado sobre o modelo covarde, mesmo diante de um advers\u00e1rio tido como &ldquo;favorito&rdquo;.<\/p>\n<p><\/p>\n<p style=\"margin:0px 0px 10px;padding:0px;border:0px;outline:0px;font-size:15px;vertical-align:baseline;color:rgb(51,51,51);line-height:21px\">Ao contr\u00e1rio do tri-campeonato conquistado pelo arquirrival em 1999-2000-2001, dessa vez o Vasco \u00e9 que entra em desvantagem. Desejo que Ad\u00edlson &ndash; alvo de minhas cr\u00edticas &#8211; relegue de vez seu jeito defensivo utilizado mesmo contra os piores dos advers\u00e1rios poss\u00edveis, e escale o time com a mesma filosofia ofensiva e organizada nesses dois \u00faltimos embates que teremos diante do Flamengo e companhia, que ir\u00e3o j\u00e1 a partir de hoje come\u00e7arem a trabalhar para que o rubro-negro &ldquo;da na\u00e7\u00e3o&rdquo; seja o campe\u00e3o carioca, e n\u00f3s (ainda que n\u00e3o tenhamos tantos quanto eles), o r\u00f3tulo de &ldquo;eterno vice&rdquo;.<\/p>\n<p><\/p>\n<p style=\"margin:0px 0px 10px;padding:0px;border:0px;outline:0px;font-size:15px;vertical-align:baseline;color:rgb(51,51,51);line-height:21px\"><strong style=\"margin:0px;padding:0px;border:0px;outline:0px;vertical-align:baseline;color:rgb(68,68,68);font-family:Arial,&#39;Times New Roman&#39;,serif\">Trabalhar fora de campo tamb\u00e9m<\/strong><\/p>\n<p><\/p>\n<p style=\"margin:0px 0px 10px;padding:0px;border:0px;outline:0px;font-size:15px;vertical-align:baseline;color:rgb(51,51,51);line-height:21px\">Em um levantamento realizado por um companheiro vasca\u00edno e me enviado por e-mail, alguns n\u00fameros chamam nossa aten\u00e7\u00e3o: nas quinze \u00faltimas edi\u00e7\u00f5es do Campeonato da FFERJ, o Flamengo foi campe\u00e3o oito vezes, n\u00e3o perdendo nenhuma decis\u00e3o direta, exceto finais de turnos (poucas, por sinal).<\/p>\n<p><\/p>\n<p style=\"margin:0px 0px 10px;padding:0px;border:0px;outline:0px;font-size:15px;vertical-align:baseline;color:rgb(51,51,51);line-height:21px\">O desempenho do Flamengo no estadual no intervalo de 1999 a 2013 supera&nbsp; o desempenho&nbsp; no per\u00edodo de 1978 a 1992 quando conquistou seis t\u00edtulos estaduais em quinze temporadas, sendo dois deles no mesmo ano (1979E e 1979). O per\u00edodo de 1978 a 1992 foi o mais vitorioso da hist\u00f3ria do Flamengo que ganhou cinco (?) vezes o Brasileiro (1980, 1982, 1983, 1987 (?) e 1992) e uma Copa do Brasil, al\u00e9m dos seis estaduais.<\/p>\n<p><\/p>\n<p style=\"margin:0px 0px 10px;padding:0px;border:0px;outline:0px;font-size:15px;vertical-align:baseline;color:rgb(51,51,51);line-height:21px\">Excluindo os \u00faltimos seis anos (de 2008 para c\u00e1), apenas uma vez teve outro intervalo de quinze temporadas em que o Flamengo conquistou seis t\u00edtulos estaduais em mais de cem anos disputando o torneio. Foi de 1972 a 1986, que inclui os dois t\u00edtulos do ano de 1979.<\/p>\n<p><\/p>\n<p style=\"margin:0px 0px 10px;padding:0px;border:0px;outline:0px;font-size:15px;vertical-align:baseline;color:rgb(51,51,51);line-height:21px\">Curiosamente, \u00e9 nesse per\u00edodo de maiores conquistas em que um ex-membro torcedor declarado do Flamengo foi membro da FFERJ, inclusive alcan\u00e7ando a \u00e9poca em que o Presidente da mesma entidade era Eduardo Vianna, vulgado &ldquo;Caixa D&rsquo;\u00e1gua&rdquo;.<\/p>\n<p><\/p>\n<p style=\"margin:0px 0px 10px;padding:0px;border:0px;outline:0px;font-size:15px;vertical-align:baseline;color:rgb(51,51,51);line-height:21px\"><strong style=\"margin:0px;padding:0px;border:0px;outline:0px;vertical-align:baseline;color:rgb(68,68,68);font-family:Arial,&#39;Times New Roman&#39;,serif\"><a href=\"http:\/\/www.lancenet.com.br\/minuto\/Capitao-Leo-Fla-Ferj-Sky_0_1099690135.html\" style=\"margin:0px;padding:0px;border:0px;outline:0px;vertical-align:baseline;color:rgb(235,16,20);letter-spacing:0px\"><\/a><a href=\"http:\/\/www.lancenet.com.br\/minuto\/Capitao-Leo-Fla-Ferj-Sky_0_1099690135.html\" >http:\/\/www.lancenet.com.br\/minuto\/Capitao-Leo-Fla-Ferj-Sky_0_1099690135.html<\/a><\/strong><\/p>\n<p><\/p>\n<p style=\"margin:0px 0px 10px;padding:0px;border:0px;outline:0px;font-size:15px;vertical-align:baseline;color:rgb(51,51,51);line-height:21px\">Enquanto isso, entre 1986 e 2000, o Vasco foi campe\u00e3o carioca seis vezes, ao passo que o rubro-negro, cinco, incluindo o campeonato de 1986 e as famosas &ldquo;papeletas amarelas&rdquo;, caso esse camuflado pela m\u00eddia, omitido da opini\u00e3o p\u00fablica em uma \u00daNICA ocasi\u00e3o em que p\u00f4de se comprovar a farsa de um t\u00edtulo conquistado, tal como mostrado em mat\u00e9ria adiante.<\/p>\n<p><\/p>\n<p style=\"margin:0px 0px 10px;padding:0px;border:0px;outline:0px;font-size:15px;vertical-align:baseline;color:rgb(51,51,51);line-height:21px\"><strong style=\"margin:0px;padding:0px;border:0px;outline:0px;vertical-align:baseline;color:rgb(68,68,68);font-family:Arial,&#39;Times New Roman&#39;,serif\">&ldquo;Esc\u00e2ndalo das Papeletas amarelas:&nbsp;300 mil cruzados (moeda da \u00e9poca) foram parar na conta de um dirigente do Flamengo. Alega\u00e7\u00e3o era de que o dinheiro iria ser usado em opera\u00e7\u00f5es para facilitar o t\u00edtulo carioca do Rubro-Negro naquele ano&rdquo;. Fonte:&nbsp;<a href=\"http:\/\/www.apitonacional.com.br\/noticias\/noticiasantigas\/papeletasamarelas.htm\" style=\"margin:0px;padding:0px;border:0px;outline:0px;vertical-align:baseline;color:rgb(235,16,20);letter-spacing:0px\"><\/a><a href=\"http:\/\/www.apitonacional.com.br\/noticias\/noticiasantigas\/papeletasamarelas.htm\" >http:\/\/www.apitonacional.com.br\/noticias\/noticiasantigas\/papeletasamarelas.htm<\/a><\/strong><\/p>\n<p><\/p>\n<p style=\"margin:0px 0px 10px;padding:0px;border:0px;outline:0px;font-size:15px;vertical-align:baseline;color:rgb(51,51,51);line-height:21px\"><strong style=\"margin:0px;padding:0px;border:0px;outline:0px;vertical-align:baseline;color:rgb(68,68,68);font-family:Arial,&#39;Times New Roman&#39;,serif\">&ldquo;Pol\u00eamica antes da final do campeonato carioca de 1986&rdquo; Fonte:<a href=\"http:\/\/www.youtube.com\/watch?v=Q_CxFkHaXJw\" style=\"margin:0px;padding:0px;border:0px;outline:0px;vertical-align:baseline;color:rgb(235,16,20);letter-spacing:0px\">[youtube Q_CxFkHaXJw]<\/a><\/strong><\/p>\n<p><\/p>\n<p style=\"margin:0px 0px 10px;padding:0px;border:0px;outline:0px;font-size:15px;vertical-align:baseline;color:rgb(51,51,51);line-height:21px\">No entanto, apesar desse esc\u00e2ndalo, muito se ouviu durante anos que o Vasco era beneficiado durante o per\u00edodo em que &ldquo;Caixa D&rsquo;\u00e1gua&rdquo; presidiu a FFERJ. Beneficiado por um titulo a mais que o rival em quinze anos?!<\/p>\n<p><\/p>\n<p style=\"margin:0px 0px 10px;padding:0px;border:0px;outline:0px;font-size:15px;vertical-align:baseline;color:rgb(51,51,51);line-height:21px\">Sabedores da omiss\u00e3o (mesmo em um momento decisivo) do &ldquo;bra\u00e7o-direito&rdquo; do Presidente da FFERJ, que \u00e9 Presidente do Conselho de Benem\u00e9ritos de nosso clube, se o Vasco quiser ser campe\u00e3o realmente, ir\u00e1 ter que trabalhar MUITO em vigil\u00e2ncia nos bastidores dessa entidade nas pr\u00f3ximas duas semanas. E n\u00e3o se calar, a exemplo de Ercolino Jorge de Luca, nosso atual VP de Futebol, \u00daNICO da gest\u00e3o Roberto que n\u00e3o se calou, e muito por conta de sua press\u00e3o que Fred teve seu gol irregular anulado hoje, n\u00e3o me resta d\u00favidas sobre isso.<\/p>\n<p><\/p>\n<p style=\"margin:0px 0px 10px;padding:0px;border:0px;outline:0px;font-size:15px;vertical-align:baseline;color:rgb(51,51,51);line-height:21px\"><strong style=\"margin:0px;padding:0px;border:0px;outline:0px;vertical-align:baseline;color:rgb(68,68,68);font-family:Arial,&#39;Times New Roman&#39;,serif\">&ldquo;Toques finais&rdquo;<\/strong><\/p>\n<p><\/p>\n<p style=\"margin:0px 0px 10px;padding:0px;border:0px;outline:0px;font-size:15px;vertical-align:baseline;color:rgb(51,51,51);line-height:21px\">1\u00ba) Ainda sobre Ercolino, parabenizo-o pela atitude que se deve tomar n\u00e3o somente agora, mas toda a vez que o clube se sentir lesado por essa trupe que arbitra os jogos de futebol e que mudam, inclusive, o rumo dos campeonatos. Para pensar: poder\u00edamos ser n\u00f3s a termos a vantagem de dois empates se n\u00e3o fossem cometidas as contra n\u00f3s nos jogos contra a dupla Fla-Flu, pela Ta\u00e7a Guanabara.<\/p>\n<p><\/p>\n<p style=\"margin:0px 0px 10px;padding:0px;border:0px;outline:0px;font-size:15px;vertical-align:baseline;color:rgb(51,51,51);line-height:21px\">2\u00ba) PARAB\u00c9NS ao time de Beach Soccer do Vasco, CAMPE\u00c3O mais uma vez da Copa Brasil, nesse \u00faltimo domingo!<\/p>\n<p>\n<\/div>\n<p><\/p>\n","protected":false},"excerpt":{"rendered":"<p>Muito mais do que uma simples vit\u00f3ria! Creio que assim deva ser encarado o triunfo&#8230;<\/p>\n","protected":false},"author":12,"featured_media":341,"comment_status":"open","ping_status":"closed","sticky":false,"template":"","format":"standard","meta":{"footnotes":""},"categories":[3],"tags":[],"class_list":["post-818","post","type-post","status-publish","format-standard","has-post-thumbnail","hentry","category-colunistas"],"_links":{"self":[{"href":"https:\/\/webvasco.com\/artigos\/wp-json\/wp\/v2\/posts\/818","targetHints":{"allow":["GET"]}}],"collection":[{"href":"https:\/\/webvasco.com\/artigos\/wp-json\/wp\/v2\/posts"}],"about":[{"href":"https:\/\/webvasco.com\/artigos\/wp-json\/wp\/v2\/types\/post"}],"author":[{"embeddable":true,"href":"https:\/\/webvasco.com\/artigos\/wp-json\/wp\/v2\/users\/12"}],"replies":[{"embeddable":true,"href":"https:\/\/webvasco.com\/artigos\/wp-json\/wp\/v2\/comments?post=818"}],"version-history":[{"count":0,"href":"https:\/\/webvasco.com\/artigos\/wp-json\/wp\/v2\/posts\/818\/revisions"}],"wp:featuredmedia":[{"embeddable":true,"href":"https:\/\/webvasco.com\/artigos\/wp-json\/wp\/v2\/media\/341"}],"wp:attachment":[{"href":"https:\/\/webvasco.com\/artigos\/wp-json\/wp\/v2\/media?parent=818"}],"wp:term":[{"taxonomy":"category","embeddable":true,"href":"https:\/\/webvasco.com\/artigos\/wp-json\/wp\/v2\/categories?post=818"},{"taxonomy":"post_tag","embeddable":true,"href":"https:\/\/webvasco.com\/artigos\/wp-json\/wp\/v2\/tags?post=818"}],"curies":[{"name":"wp","href":"https:\/\/api.w.org\/{rel}","templated":true}]}}