{"id":8182,"date":"2017-05-21T18:21:17","date_gmt":"2017-05-21T21:21:17","guid":{"rendered":"http:\/\/webvasco.com\/artigos\/?p=8182"},"modified":"2017-05-21T18:22:11","modified_gmt":"2017-05-21T21:22:11","slug":"sem-sal","status":"publish","type":"post","link":"https:\/\/webvasco.com\/artigos\/colunistas\/luizcarlosrocha\/sem-sal\/","title":{"rendered":"SEM SAL!"},"content":{"rendered":"<div>\n<div style=\"color:#000; background-color:#fff; font-family:Helvetica Neue, Helvetica, Arial, Lucida Grande, sans-serif;font-size:32px\">\n<div style=\"text-align:justify\" id=\"yui_3_16_0_ym19_1_1494878172159_500958\"><span style=\"font-size:14.0pt;line-height:107%;font-family:&quot;Arial&quot;,sans-serif\" id=\"yui_3_16_0_ym19_1_1494878172159_500959\">&nbsp; &nbsp;&nbsp;&nbsp;&nbsp;Al\u00e9m  dos tr\u00eas pontos conquistados na tabela de classifica\u00e7\u00e3o da competi\u00e7\u00e3o, qual  outro m\u00e9rito o Vasco da Gama teve ao derrotar o Bahia, hoje, por 2 a 1, em S\u00e3o  Janu\u00e1rio, que atuou com time misto? Nenhum! Foi mais do que obriga\u00e7\u00e3o. A Imensa  Torcida Bem Feliz compareceu em massa, foram 19.048 presentes na Colina, para  assistir a partida que marcou a Segunda Rodada, do Campeonato Brasileiro, 2017.<o:p id=\"yui_3_16_0_ym19_1_1494878172159_500960\"><\/o:p><\/span><\/div>\n<div style=\"text-align:justify\" id=\"yui_3_16_0_ym19_1_1494878172159_500961\"><span style=\"font-size:14.0pt;line-height:107%;font-family:&quot;Arial&quot;,sans-serif\" id=\"yui_3_16_0_ym19_1_1494878172159_500962\">&nbsp;&nbsp;&nbsp; A etapa inicial embora tenha tido certa  press\u00e3o vasca\u00edna \u2013 que n\u00e3o foi nenhum favor, pois o vexame na estreia do  campeonato ainda marca a mem\u00f3ria do torcedor \u2013 ficou em pede igualdade no  placar. Zero a nada! H\u00e1 quem diga que zero \u00e9 diferente de nada. Esse tipo de  gente deve achar que Euriquinho \u00e9 diferente do Eurico. Pode ter certeza que  n\u00e3o! Em palavras populares s\u00e3o farinha do mesmo saco. <o:p id=\"yui_3_16_0_ym19_1_1494878172159_500963\"><\/o:p><\/span><\/div>\n<div style=\"text-align:justify\" id=\"yui_3_16_0_ym19_1_1494878172159_500964\"><span style=\"font-size:14.0pt;line-height:107%;font-family:&quot;Arial&quot;,sans-serif\" id=\"yui_3_16_0_ym19_1_1494878172159_500965\">&nbsp;&nbsp;&nbsp; Sendo, que o \u201cpr\u00edncipe herdeiro\u201d Charuto II  poder\u00e1 ficar muito pior, pois \u00e9 novo e teoricamente h\u00e1 tempo para aperfei\u00e7oar  sua incompet\u00eancia, arrog\u00e2ncia e prepot\u00eancia. Mas voltando ao jogo&#8230;<o:p id=\"yui_3_16_0_ym19_1_1494878172159_500966\"><\/o:p><\/span><\/div>\n<div style=\"text-align:justify\" id=\"yui_3_16_0_ym19_1_1494878172159_500967\"><span style=\"font-size:14.0pt;line-height:107%;font-family:&quot;Arial&quot;,sans-serif\" id=\"yui_3_16_0_ym19_1_1494878172159_500968\">&nbsp;&nbsp;&nbsp; O gol do Cruzmaltino s\u00f3 saiu aos sete  minutos, quando o arqueiro da casa bateu tiro de meta, a bola sobrou para o  Fabuloso \u2013 menos, muito menos \u2013 que arrumou para Yago Pikachu, tendo apenas o  trabalho de deslocar o goleiro Jean e comemorar. Aos 29, o mesmo Lu\u00eds Fabiano  teve a sorte de pegar um rebote de Jean e ampliar. O atacante escreveu seu nome  na hist\u00f3ria. Isto, porque foi o feito de n\u00famero 400 na carreira e o primeiro  dentro de S\u00e3o Janu\u00e1rio.<o:p id=\"yui_3_16_0_ym19_1_1494878172159_500969\"><\/o:p><\/span><\/div>\n<div style=\"text-align:justify\" id=\"yui_3_16_0_ym19_1_1494878172159_500970\"><span style=\"font-size:14.0pt;line-height:107%;font-family:&quot;Arial&quot;,sans-serif\" id=\"yui_3_16_0_ym19_1_1494878172159_500971\">&nbsp;&nbsp;&nbsp; Ainda deu tempo da equipe baiana descontar  com Gustavo, aos 37 minutos. De l\u00e1 para c\u00e1 o torcedor ficou tenso at\u00e9 o apito  final. Agora s\u00e3o tr\u00eas pontos ganhos. Mas n\u00e3o passou de obriga\u00e7\u00e3o, diante das  circunst\u00e2ncias j\u00e1 explicitadas. O pr\u00f3ximo compromisso do Mach\u00e3o da Gama ser\u00e1  s\u00e1bado, em S\u00e3o Janu\u00e1rio, \u00e0s 19h, contra o FlorminenC. <o:p id=\"yui_3_16_0_ym19_1_1494878172159_500972\"><\/o:p><\/span><\/div>\n<div style=\"text-align:justify\" id=\"yui_3_16_0_ym19_1_1494878172159_500973\"><span style=\"font-size:14.0pt;line-height:107%;font-family:&quot;Arial&quot;,sans-serif\" id=\"yui_3_16_0_ym19_1_1494878172159_500974\"><o:p id=\"yui_3_16_0_ym19_1_1494878172159_500975\">&nbsp;<\/o:p><\/span><\/div>\n<div style=\"text-align:justify;text-indent:35.4pt\" id=\"yui_3_16_0_ym19_1_1494878172159_500976\"><span style=\"font-size:14.0pt;line-height:107%;font-family:&quot;Arial&quot;,sans-serif\" id=\"yui_3_16_0_ym19_1_1494878172159_500977\"><o:p id=\"yui_3_16_0_ym19_1_1494878172159_500978\">&nbsp;<\/o:p><\/span><\/div>\n<div style=\"text-align:justify\" id=\"yui_3_16_0_ym19_1_1494878172159_500979\"><b id=\"yui_3_16_0_ym19_1_1494878172159_500980\"><u id=\"yui_3_16_0_ym19_1_1494878172159_500981\"><span style=\"font-size:14.0pt;line-height:107%;font-family:&quot;Arial&quot;,sans-serif\" id=\"yui_3_16_0_ym19_1_1494878172159_500982\">PERPLEXO  COM O PODER JUDICI\u00c1RIO:<o:p id=\"yui_3_16_0_ym19_1_1494878172159_500983\"><\/o:p><\/span><\/u><\/b><\/div>\n<div style=\"text-align:justify\" id=\"yui_3_16_0_ym19_1_1494878172159_500984\"><span style=\"font-size:14.0pt;line-height:107%;font-family:&quot;Arial&quot;,sans-serif\" id=\"yui_3_16_0_ym19_1_1494878172159_500985\">DEPOIS DE AGUARDAR <b id=\"yui_3_16_0_ym19_1_1494878172159_500986\">47 MESES, OU SEJA, 3 ANOS E ONZE MESES  (CARRO DESDE 10 DE JUNHO DE 2013)<\/b> COM O CARRO PRESO NA OFICINA DA ABOLI\u00c7\u00c3O  VE\u00cdCULOS COM APENAS 729 KM RODADOS, EM UM PROCESSO COM 6 VOLUMES, NA 1\u00aa VARA  CIVEL, DA COMARCA DE NITER\u00d3I\/RJ, REGIONAL OCE\u00c2NICA, A SENTEN\u00c7A FOI INDEFERIR  TODOS OS MEUS PEDIDOS E AINDA CONDENAR EM 10% DE CUSTAS JUDICIAIS. OU SEJA,  FIQUEI SEM CARRO ESSE TEMPO TODO (MESMO PAGANDO \u00c0 VISTA POR ELE), JUNTEI PROVAS  COMO REGISTRO DE OCORR\u00caNCIA DA POL\u00cdCIA CIVIL\/RJ, BOLETIM DE OCORR\u00caNCIA DA  POLICIA MILITAR\/RJ, ORDENS DE SERVI\u00c7O, MAIS DE 600 FOTOGRAFIAS, MAIS DE 40  \u00c1UDIOS, NOTAS FISCAIS, NOTAS DE T\u00c1XI, PRONTU\u00c1RIOS M\u00c9DICOS, POIS NESTE PER\u00cdODO  TIVE PROBLEMAS DE SA\u00daDE, BEM COMO MEUS FAMILIARES, TENDO UMA FILHA QUE HOJE TEM  APENAS 5 ANOS, NA \u00c9POCA POUCO MAIS DE 1 ANINHO. VALE LEMBRAR, QUE OS PRIMEIROS  DEFEITOS SE DERAM QUANDO O CARRO TINHA MENOS DE 30 KM RODADOS. TUDO ISSO PARA  NADA. QUEM GOSTOU DO RESULTADO DA DOUTA MAGRISTRADA FORAM AS EMPRESAS R\u00c9S \u2013 QUE  ME LESARAM \u2013 ABOLI\u00c7\u00c3O VE\u00cdCULOS E VW DO BRASIL (PROCESSO: No  0016370-44.2013.8.19.0212).<o:p id=\"yui_3_16_0_ym19_1_1494878172159_500987\"><\/o:p><\/span><\/div>\n<div style=\"text-align:justify\" id=\"yui_3_16_0_ym19_1_1494878172159_500988\"><b id=\"yui_3_16_0_ym19_1_1494878172159_500989\"><span style=\"font-size:14.0pt;line-height:107%;font-family:&quot;Arial&quot;,sans-serif\" id=\"yui_3_16_0_ym19_1_1494878172159_500990\">&nbsp;<o:p id=\"yui_3_16_0_ym19_1_1494878172159_500991\"><\/o:p><\/span><\/b><\/div>\n<div style=\"text-align:justify\" id=\"yui_3_16_0_ym19_1_1494878172159_500992\"><b id=\"yui_3_16_0_ym19_1_1494878172159_500993\"><span style=\"font-size:14.0pt;line-height:107%;font-family:&quot;Arial&quot;,sans-serif\" id=\"yui_3_16_0_ym19_1_1494878172159_500994\">&nbsp;&nbsp;&nbsp;&nbsp;&nbsp;&nbsp;&nbsp;&nbsp;&nbsp;&nbsp;&nbsp;&nbsp;&nbsp;&nbsp; <o:p id=\"yui_3_16_0_ym19_1_1494878172159_500995\"><\/o:p><\/span><\/b><\/div>\n<div style=\"text-align:justify\" id=\"yui_3_16_0_ym19_1_1494878172159_500996\"><b id=\"yui_3_16_0_ym19_1_1494878172159_500997\"><span style=\"font-size:14.0pt;line-height:107%;font-family:&quot;Arial&quot;,sans-serif\" id=\"yui_3_16_0_ym19_1_1494878172159_500998\">&nbsp;&nbsp;&nbsp;&nbsp;&nbsp;&nbsp;&nbsp;&nbsp;&nbsp;&nbsp;&nbsp;&nbsp;&nbsp;&nbsp;&nbsp;&nbsp;&nbsp;&nbsp;&nbsp;&nbsp;&nbsp;&nbsp;&nbsp;&nbsp;&nbsp;&nbsp;&nbsp;&nbsp;&nbsp;&nbsp; <o:p id=\"yui_3_16_0_ym19_1_1494878172159_500999\"><\/o:p><\/span><\/b><\/div>\n<div id=\"yui_3_16_0_ym19_1_1494878172159_500766\">                                                <\/div>\n<div style=\"text-align:justify\" dir=\"ltr\" id=\"yui_3_16_0_ym19_1_1494878172159_501000\"><b id=\"yui_3_16_0_ym19_1_1494878172159_501001\"><span style=\"font-size:14.0pt;line-height:107%;font-family:&quot;Arial&quot;,sans-serif\" id=\"yui_3_16_0_ym19_1_1494878172159_501002\">AP\u00d3S  AS TODAS AS PARTIDAS DO VASC\u00c3O EM MEU PERFIL DO FACEBOOK (QUEM QUISER RECEBER  AS CR\u00d4NICAS DE PRIMEIRA M\u00c3O \u00c9 S\u00d3 ME ADICIONAR), E NO SITE WEBVASCO  (<a href=\"http:\/\/www.webvasco.com\">www.webvasco.com<\/a>), TEM A OPINI\u00c3O DO JORNALISTA LUIZ CARLOS ROCHA. LEIAM!  COMPARTILHEM E CURTAM! VASCA\u00cdNOS UNIDOS JAMAIS SER\u00c3O VENCIDOS.<o:p id=\"yui_3_16_0_ym19_1_1494878172159_501003\"><\/o:p><\/span><\/b><\/div>\n<div><\/div>\n<div id=\"yui_3_16_0_ym19_1_1494878172159_500754\">&nbsp;<\/div>\n<div class=\"signature\" id=\"yui_3_16_0_ym19_1_1494878172159_500728\">\n<div id=\"RTEContent\">\n<div id=\"yui_3_16_0_ym19_1_1494878172159_500727\">\n<div id=\"yui_3_16_0_ym19_1_1494878172159_500726\">\n<div id=\"yui_3_16_0_ym19_1_1494878172159_500725\">\n<div align=\"center\" id=\"yui_3_16_0_ym19_1_1494878172159_500724\"><\/div>\n<\/div>\n<\/div>\n<\/div>\n<\/div>\n<\/div>\n<\/div>\n<\/div>\n<p><\/p>\n","protected":false},"excerpt":{"rendered":"<p>&nbsp; &nbsp;&nbsp;&nbsp;&nbsp;Al\u00e9m dos tr\u00eas pontos conquistados na tabela de classifica\u00e7\u00e3o da competi\u00e7\u00e3o, qual outro m\u00e9rito&#8230;<\/p>\n","protected":false},"author":7,"featured_media":0,"comment_status":"open","ping_status":"closed","sticky":false,"template":"","format":"standard","meta":{"footnotes":""},"categories":[4],"tags":[],"class_list":["post-8182","post","type-post","status-publish","format-standard","hentry","category-luizcarlosrocha"],"_links":{"self":[{"href":"https:\/\/webvasco.com\/artigos\/wp-json\/wp\/v2\/posts\/8182","targetHints":{"allow":["GET"]}}],"collection":[{"href":"https:\/\/webvasco.com\/artigos\/wp-json\/wp\/v2\/posts"}],"about":[{"href":"https:\/\/webvasco.com\/artigos\/wp-json\/wp\/v2\/types\/post"}],"author":[{"embeddable":true,"href":"https:\/\/webvasco.com\/artigos\/wp-json\/wp\/v2\/users\/7"}],"replies":[{"embeddable":true,"href":"https:\/\/webvasco.com\/artigos\/wp-json\/wp\/v2\/comments?post=8182"}],"version-history":[{"count":0,"href":"https:\/\/webvasco.com\/artigos\/wp-json\/wp\/v2\/posts\/8182\/revisions"}],"wp:attachment":[{"href":"https:\/\/webvasco.com\/artigos\/wp-json\/wp\/v2\/media?parent=8182"}],"wp:term":[{"taxonomy":"category","embeddable":true,"href":"https:\/\/webvasco.com\/artigos\/wp-json\/wp\/v2\/categories?post=8182"},{"taxonomy":"post_tag","embeddable":true,"href":"https:\/\/webvasco.com\/artigos\/wp-json\/wp\/v2\/tags?post=8182"}],"curies":[{"name":"wp","href":"https:\/\/api.w.org\/{rel}","templated":true}]}}