{"id":8184,"date":"2017-05-27T23:41:08","date_gmt":"2017-05-28T02:41:08","guid":{"rendered":"http:\/\/webvasco.com\/artigos\/?p=8184"},"modified":"2017-05-28T15:16:45","modified_gmt":"2017-05-28T18:16:45","slug":"tomou-no-c","status":"publish","type":"post","link":"https:\/\/webvasco.com\/artigos\/colunistas\/luizcarlosrocha\/tomou-no-c\/","title":{"rendered":"TOMOU NO C!"},"content":{"rendered":"<div>\n<div style=\"color:#000; background-color:#fff; font-family:Helvetica Neue, Helvetica, Arial, Lucida Grande, sans-serif;font-size:32px\">\n<div style=\"text-align:justify\" id=\"yui_3_16_0_ym19_1_1495506439866_488038\"><span style=\"font-size:14.0pt;line-height:107%;font-family:&quot;Arial&quot;,sans-serif\" id=\"yui_3_16_0_ym19_1_1495506439866_488039\">&nbsp; &nbsp; De nada adiantou arrumar dois  p\u00eanaltis \u201cmarotos\u201d, com uma viradinha p\u00edfia, se no final deu Vasc\u00e3o. A  verdadeira virada, colocou o Mach\u00e3o da Gama em terceiro lugar na tabela de  classifica\u00e7\u00e3o do Campeonato Brasileiro, vers\u00e3o 2017. Marcou para o FlorminenC  Henrique Dourado (ambos os gols mandrakes). Para o Gigante abriu o placar Lu\u00eds  Fabiano. Come\u00e7ou a rea\u00e7\u00e3o com Manga Escobar e fechou o caix\u00e3o com Nen\u00ea.<o:p id=\"yui_3_16_0_ym19_1_1495506439866_488040\"><\/o:p><\/span><\/div>\n<div style=\"text-align:justify\" id=\"yui_3_16_0_ym19_1_1495506439866_488041\"><span style=\"font-size:14.0pt;line-height:107%;font-family:&quot;Arial&quot;,sans-serif\" id=\"yui_3_16_0_ym19_1_1495506439866_488042\">&nbsp;&nbsp;&nbsp; Ao longo da semana as tricoletes se achavam  a \u00faltima Coca-Cola do deserto (neste caso Fanta uva) e tentavam denegrir a  imagem do Vasco a qualquer pre\u00e7o. Postavam besteiras no Facebook que iriam  comer bacalhau. No Twitter, que mais um placar por 3 a 0 aconteceria. No  Instagram diversas montagens grosseiras. Fora as fal\u00e1cias sem nenhum fundamento  futebol\u00edstico pelas ruas.<o:p id=\"yui_3_16_0_ym19_1_1495506439866_488043\"><\/o:p><\/span><\/div>\n<div style=\"text-align:justify\" id=\"yui_3_16_0_ym19_1_1495506439866_488044\"><span style=\"font-size:14.0pt;line-height:107%;font-family:&quot;Arial&quot;,sans-serif\" id=\"yui_3_16_0_ym19_1_1495506439866_488045\">&nbsp;&nbsp;&nbsp; Batalha travada, os vasca\u00ednos deram a  resposta na zua\u00e7\u00e3o. Pintaram de rosa e enfeitaram o entorno de S\u00e3o Janu\u00e1rio,  sempre com bal\u00f5es condizentes, borboletas e principalmente a letra C, em alus\u00e3o  \u00e0 Terceira Divis\u00e3o da competi\u00e7\u00e3o em quest\u00e3o. A equipe das Laranjocas esteve l\u00e1  em 1999, na qual deveria ter passado pela Segundona em 2000 (n\u00e3o disputou), e  deu uma de espertinha, se fingindo de morta na \u00e9poca, marcando a passagem da  S\u00e9rie C direto para a Elite. <o:p id=\"yui_3_16_0_ym19_1_1495506439866_488046\"><\/o:p><\/span><\/div>\n<div style=\"text-align:justify\" id=\"yui_3_16_0_ym19_1_1495506439866_488047\"><span style=\"font-size:14.0pt;line-height:107%;font-family:&quot;Arial&quot;,sans-serif\" id=\"yui_3_16_0_ym19_1_1495506439866_488048\">&nbsp;&nbsp;&nbsp; Um drone levou a letra C pendurada e  sobrevoou o c\u00e9u de S\u00e3o Janu\u00e1rio, interrompendo a partida por instantes.  Voltando a partida da Terceira Rodada do Brasileir\u00e3o, ao inaugurar o marcador  Lu\u00eds Fabiano encheu de orgulho o torcedor vasca\u00edno, que defende a superioridade  na Colina, contra as Tricoletes desde 1973 (sendo, que h\u00e1 12 anos n\u00e3o havia o  cl\u00e1ssico entre as equipes por l\u00e1). &nbsp;&nbsp;&nbsp;<o:p id=\"yui_3_16_0_ym19_1_1495506439866_488049\"><\/o:p><\/span><\/div>\n<div style=\"text-align:justify\" id=\"yui_3_16_0_ym19_1_1495506439866_488050\"><span style=\"font-size:14.0pt;line-height:107%;font-family:&quot;Arial&quot;,sans-serif\" id=\"yui_3_16_0_ym19_1_1495506439866_488051\">&nbsp;&nbsp;&nbsp; Acabou a etapa inicial comemorando. O  t\u00e9cnico Abel, visivelmente transtornado pelo resultado parcial deve ter dado o  tradicional chiliquinho no vesti\u00e1rio, porque a postura foi outra. Logo no  come\u00e7o da segunda etapa o melhor jogador do Fluminense, Raphael Claus, inventou  a marca\u00e7\u00e3o da penalidade m\u00e1xima, aos 12 minutos, ap\u00f3s cruzamento do Dourado, na  qual Jean visivelmente n\u00e3o toca na bola, pelo contr\u00e1rio, retarda a m\u00e3o para  evitar o contato. Aos 19, o artilheiro Claus revolveu fazer mais uma besteira  ao assinalar para a marca penal, alegando que Gilberto teria cal\u00e7ado Richarlison,  ap\u00f3s rebote do arqueiro Martin Silva. At\u00e9 ent\u00e3o era festa das Venenosas \u2013 como bem  escreveu a Imensa Torcida Bem Feliz \u2013 de virada em pelo S\u00e3o Janu\u00e1rio. Mas elas  s\u00f3 entendem mesmo de virar a munheca. <o:p id=\"yui_3_16_0_ym19_1_1495506439866_488052\"><\/o:p><\/span><\/div>\n<div style=\"text-align:justify\" id=\"yui_3_16_0_ym19_1_1495506439866_488053\"><span style=\"font-size:14.0pt;line-height:107%;font-family:&quot;Arial&quot;,sans-serif\" id=\"yui_3_16_0_ym19_1_1495506439866_488054\">&nbsp;&nbsp;&nbsp;&nbsp; O t\u00e9cnico Milton Mendes teve uma \u00f3tima  leitura de jogo. Sacou do banco de reservas Manga Escobar e Nen\u00ea, substituindo  Kelvin e Yago Pikachu, respectivamente. Deu resultado. O atacante em jogada  bel\u00edssima driblou e mandou um bala\u00e7o, que deixou tudo igual. Quando tudo  parecia que iria ficar em p\u00e9 de \u201cigualdade\u201d, mesmo o Flor atuando com claro  incentivo da arbitragem, eis que surge o craque. Aquele cara diferenciado. Nen\u00ea  fez o gol da vit\u00f3ria e mostrou porque o Vasco \u00e9 chamado de time do Amor e da  Virada!<o:p id=\"yui_3_16_0_ym19_1_1495506439866_488055\"><\/o:p><\/span><\/div>\n<div style=\"text-align:justify\" id=\"yui_3_16_0_ym19_1_1495506439866_488056\"><span style=\"font-size:14.0pt;line-height:107%;font-family:&quot;Arial&quot;,sans-serif\" id=\"yui_3_16_0_ym19_1_1495506439866_488057\">&nbsp;&nbsp;&nbsp; Foram apenas 10 minutos de sonho em verde,  branco e gren\u00e1 (porra nenhuma, vermelho mesmo!). Um clube que nem de longe tem  a hist\u00f3ria do Vasco da Gama, que foi o \u00fanico do Brasil que n\u00e3o pagou a S\u00e9rie B,  virando a mesa, que tem est\u00f3ria demais, que n\u00e3o tem Libertadores, que seu  Est\u00e1dio \u00e9 um muquifo, que sua torcida \u00e9 pequena e mal informada (n\u00e3o estuda  futebol), que seu uniforme \u00e9 reles (n\u00e3o possui a cor preta, cor de patente  m\u00e1xima do futebol), que \u00e9 patrocinado pela FRESCAtto, n\u00e3o pode ter a pretens\u00e3o  de vencer \u2013 ainda mais de virada \u2013 os donos de uma casa consagrada! Tomou mesmo  no C (S\u00e9rie que deveria frequentar at\u00e9 hoje).<o:p id=\"yui_3_16_0_ym19_1_1495506439866_488058\"><\/o:p><\/span><\/div>\n<div style=\"text-align:justify\" id=\"yui_3_16_0_ym19_1_1495506439866_488059\"><span style=\"font-size:14.0pt;line-height:107%;font-family:&quot;Arial&quot;,sans-serif\" id=\"yui_3_16_0_ym19_1_1495506439866_488060\">&nbsp;&nbsp;&nbsp; O pr\u00f3ximo desafio do Vasco ser\u00e1 contra o  Gr\u00eamio, na Arena Gr\u00eamio, domingo, dia 04 de junho, \u00e0s 16h. Os quase 21 mil presentes  hoje em S\u00e3o Janu\u00e1rio certamente teriam um pensamento p\u00f3s jogo: \u201cChupem essa  Manga e chorem como um Nen\u00ea, porque ter uma freguesa que \u00e9 uma Flor n\u00e3o tem  pre\u00e7o, \u00e9 Fabuloso\u201d.<o:p id=\"yui_3_16_0_ym19_1_1495506439866_488061\"><\/o:p><\/span><\/div>\n<div style=\"text-align:justify\" id=\"yui_3_16_0_ym19_1_1495506439866_488062\"><span style=\"font-size:14.0pt;line-height:107%;font-family:&quot;Arial&quot;,sans-serif\" id=\"yui_3_16_0_ym19_1_1495506439866_488063\"><o:p id=\"yui_3_16_0_ym19_1_1495506439866_488064\">&nbsp;<\/o:p><\/span><\/div>\n<div style=\"text-align:justify\" id=\"yui_3_16_0_ym19_1_1495506439866_488065\"><span style=\"font-size:14.0pt;line-height:107%;font-family:&quot;Arial&quot;,sans-serif\" id=\"yui_3_16_0_ym19_1_1495506439866_488066\"><o:p id=\"yui_3_16_0_ym19_1_1495506439866_488067\">&nbsp;<\/o:p><\/span><\/div>\n<div style=\"text-align:justify\" id=\"yui_3_16_0_ym19_1_1495506439866_488068\"><b id=\"yui_3_16_0_ym19_1_1495506439866_488069\"><u id=\"yui_3_16_0_ym19_1_1495506439866_488070\"><span style=\"font-size:14.0pt;line-height:107%;font-family:&quot;Arial&quot;,sans-serif\" id=\"yui_3_16_0_ym19_1_1495506439866_488071\">DEDICAT\u00d3RIA:<\/span><\/u><\/b><span style=\"font-size:14.0pt;line-height:107%;font-family:&quot;Arial&quot;,sans-serif\" id=\"yui_3_16_0_ym19_1_1495506439866_488072\"> Dedico  esta cr\u00f4nica de hoje a dois irm\u00e3os, F\u00e1bio e M\u00e1rcio Abi-Ramia. F\u00e1bio meu grande  amigo \u00e9 tricolor (sofredor) e meu grande incentivador, no que tange as  cr\u00f4nicas. Algum tempo pensei em abandonar o jornalismo esportivo e ele sempre  disse que n\u00e3o. Que meus textos eram bons e que muitas pessoas sentiriam falta.  J\u00e1 M\u00e1rcio \u00e9 vasca\u00edno (detentor de muita felicidade futebol\u00edstica). Um cara  bacana e inteligente como seu irm\u00e3o. A prova cabal da democracia \u00e9 o conv\u00edvio de  dois irm\u00e3os com opini\u00f5es distintas. Viva o Futebol! Abra\u00e7os meus amigos.<o:p id=\"yui_3_16_0_ym19_1_1495506439866_488073\"><\/o:p><\/span><\/div>\n<div style=\"text-align:justify\" id=\"yui_3_16_0_ym19_1_1495506439866_488074\"><b id=\"yui_3_16_0_ym19_1_1495506439866_488075\"><u id=\"yui_3_16_0_ym19_1_1495506439866_488076\"><span style=\"font-size:14.0pt;line-height:107%;font-family:&quot;Arial&quot;,sans-serif\" id=\"yui_3_16_0_ym19_1_1495506439866_488077\">PERPLEXO  COM O PODER JUDICI\u00c1RIO:<o:p id=\"yui_3_16_0_ym19_1_1495506439866_488078\"><\/o:p><\/span><\/u><\/b><\/div>\n<div style=\"text-align:justify\" id=\"yui_3_16_0_ym19_1_1495506439866_488079\"><span style=\"font-size:14.0pt;line-height:107%;font-family:&quot;Arial&quot;,sans-serif\" id=\"yui_3_16_0_ym19_1_1495506439866_488080\">DEPOIS DE AGUARDAR <b id=\"yui_3_16_0_ym19_1_1495506439866_488081\">47 MESES, OU SEJA, 3 ANOS E ONZE MESES  (CARRO DESDE 10 DE JUNHO DE 2013)<\/b> COM O CARRO PRESO NA OFICINA DA ABOLI\u00c7\u00c3O  VE\u00cdCULOS COM APENAS 729 KM RODADOS, EM UM PROCESSO COM 6 VOLUMES, NA 1\u00aa VARA  CIVEL, DA COMARCA DE NITER\u00d3I\/RJ, REGIONAL OCE\u00c2NICA, A SENTEN\u00c7A FOI INDEFERIR  TODOS OS MEUS PEDIDOS E AINDA CONDENAR EM 10% DE CUSTAS JUDICIAIS. OU SEJA,  FIQUEI SEM CARRO ESSE TEMPO TODO (MESMO PAGANDO \u00c0 VISTA POR ELE), JUNTEI PROVAS  COMO REGISTRO DE OCORR\u00caNCIA DA POL\u00cdCIA CIVIL\/RJ, BOLETIM DE OCORR\u00caNCIA DA  POLICIA MILITAR\/RJ, ORDENS DE SERVI\u00c7O, MAIS DE 600 FOTOGRAFIAS, MAIS DE 40  \u00c1UDIOS, NOTAS FISCAIS, NOTAS DE T\u00c1XI, PRONTU\u00c1RIOS M\u00c9DICOS, POIS NESTE PER\u00cdODO  TIVE PROBLEMAS DE SA\u00daDE, BEM COMO MEUS FAMILIARES, TENDO UMA FILHA QUE HOJE TEM  APENAS 5 ANOS, NA \u00c9POCA POUCO MAIS DE 1 ANINHO. VALE LEMBRAR, QUE OS PRIMEIROS  DEFEITOS SE DERAM QUANDO O CARRO TINHA MENOS DE 30 KM RODADOS. TUDO ISSO PARA  NADA. QUEM GOSTOU DO RESULTADO DA DOUTA MAGRISTRADA FORAM AS EMPRESAS R\u00c9S \u2013 QUE  ME LESARAM \u2013 ABOLI\u00c7\u00c3O VE\u00cdCULOS E VW DO BRASIL (PROCESSO: No  0016370-44.2013.8.19.0212).<o:p id=\"yui_3_16_0_ym19_1_1495506439866_488082\"><\/o:p><\/span><\/div>\n<div style=\"text-align:justify\" id=\"yui_3_16_0_ym19_1_1495506439866_488083\"><b id=\"yui_3_16_0_ym19_1_1495506439866_488084\"><span style=\"font-size:14.0pt;line-height:107%;font-family:&quot;Arial&quot;,sans-serif\" id=\"yui_3_16_0_ym19_1_1495506439866_488085\">&nbsp;<o:p id=\"yui_3_16_0_ym19_1_1495506439866_488086\"><\/o:p><\/span><\/b><\/div>\n<div style=\"text-align:justify\" id=\"yui_3_16_0_ym19_1_1495506439866_488087\"><b id=\"yui_3_16_0_ym19_1_1495506439866_488088\"><span style=\"font-size:14.0pt;line-height:107%;font-family:&quot;Arial&quot;,sans-serif\" id=\"yui_3_16_0_ym19_1_1495506439866_488089\">&nbsp;&nbsp;&nbsp;&nbsp;&nbsp;&nbsp;&nbsp;&nbsp;&nbsp;&nbsp;&nbsp;&nbsp;&nbsp;&nbsp; <o:p id=\"yui_3_16_0_ym19_1_1495506439866_488090\"><\/o:p><\/span><\/b><\/div>\n<div style=\"text-align:justify\" id=\"yui_3_16_0_ym19_1_1495506439866_488091\"><b id=\"yui_3_16_0_ym19_1_1495506439866_488092\"><span style=\"font-size:14.0pt;line-height:107%;font-family:&quot;Arial&quot;,sans-serif\" id=\"yui_3_16_0_ym19_1_1495506439866_488093\">&nbsp;&nbsp;&nbsp;&nbsp;&nbsp;&nbsp;&nbsp;&nbsp;&nbsp;&nbsp;&nbsp;&nbsp;&nbsp;&nbsp;&nbsp;&nbsp;&nbsp;&nbsp;&nbsp;&nbsp;&nbsp; &nbsp;&nbsp;&nbsp;&nbsp;&nbsp;&nbsp;&nbsp;&nbsp;&nbsp;<o:p id=\"yui_3_16_0_ym19_1_1495506439866_488094\"><\/o:p><\/span><\/b><\/div>\n<div id=\"yui_3_16_0_ym19_1_1495506439866_487784\">                                                                <\/div>\n<div style=\"text-align:justify\" dir=\"ltr\" id=\"yui_3_16_0_ym19_1_1495506439866_488095\"><b id=\"yui_3_16_0_ym19_1_1495506439866_488096\"><span style=\"font-size:14.0pt;line-height:107%;font-family:&quot;Arial&quot;,sans-serif\" id=\"yui_3_16_0_ym19_1_1495506439866_488097\">AP\u00d3S  AS TODAS AS PARTIDAS DO VASC\u00c3O EM MEU PERFIL DO FACEBOOK (QUEM QUISER RECEBER  AS CR\u00d4NICAS DE PRIMEIRA M\u00c3O \u00c9 S\u00d3 ME ADICIONAR), E NO SITE WEBVASCO  (<a href=\"http:\/\/www.webvasco.com\">www.webvasco.com<\/a>), TEM A OPINI\u00c3O DO JORNALISTA LUIZ CARLOS ROCHA. LEIAM!  COMPARTILHEM E CURTAM! VASCA\u00cdNOS UNIDOS JAMAIS SER\u00c3O VENCIDOS.<o:p id=\"yui_3_16_0_ym19_1_1495506439866_488098\"><\/o:p><\/span><\/b><\/div>\n<div id=\"yui_3_16_0_ym19_1_1495506439866_487784\"><span><br \/><\/span><\/div>\n<div id=\"yui_3_16_0_ym19_1_1495506439866_487784\"><span><br \/><\/span><\/div>\n<div id=\"yui_3_16_0_ym19_1_1495506439866_487784\"><span><br \/><\/span><\/div>\n<div><\/div>\n<div id=\"yui_3_16_0_ym19_1_1495506439866_487785\">&nbsp;<\/div>\n<div class=\"signature\" id=\"yui_3_16_0_ym19_1_1495506439866_487792\">\n<div id=\"RTEContent\">\n<div id=\"yui_3_16_0_ym19_1_1495506439866_487791\">\n<div id=\"yui_3_16_0_ym19_1_1495506439866_487790\">\n<div id=\"yui_3_16_0_ym19_1_1495506439866_487789\">\n<div align=\"center\" id=\"yui_3_16_0_ym19_1_1495506439866_487788\"><\/div>\n<\/div>\n<\/div>\n<\/div>\n<\/div>\n<\/div>\n<\/div>\n<\/div>\n<p><\/p>\n","protected":false},"excerpt":{"rendered":"<p>&nbsp; &nbsp; De nada adiantou arrumar dois p\u00eanaltis \u201cmarotos\u201d, com uma viradinha p\u00edfia, se no&#8230;<\/p>\n","protected":false},"author":7,"featured_media":0,"comment_status":"open","ping_status":"closed","sticky":false,"template":"","format":"standard","meta":{"footnotes":""},"categories":[4],"tags":[],"class_list":["post-8184","post","type-post","status-publish","format-standard","hentry","category-luizcarlosrocha"],"_links":{"self":[{"href":"https:\/\/webvasco.com\/artigos\/wp-json\/wp\/v2\/posts\/8184","targetHints":{"allow":["GET"]}}],"collection":[{"href":"https:\/\/webvasco.com\/artigos\/wp-json\/wp\/v2\/posts"}],"about":[{"href":"https:\/\/webvasco.com\/artigos\/wp-json\/wp\/v2\/types\/post"}],"author":[{"embeddable":true,"href":"https:\/\/webvasco.com\/artigos\/wp-json\/wp\/v2\/users\/7"}],"replies":[{"embeddable":true,"href":"https:\/\/webvasco.com\/artigos\/wp-json\/wp\/v2\/comments?post=8184"}],"version-history":[{"count":0,"href":"https:\/\/webvasco.com\/artigos\/wp-json\/wp\/v2\/posts\/8184\/revisions"}],"wp:attachment":[{"href":"https:\/\/webvasco.com\/artigos\/wp-json\/wp\/v2\/media?parent=8184"}],"wp:term":[{"taxonomy":"category","embeddable":true,"href":"https:\/\/webvasco.com\/artigos\/wp-json\/wp\/v2\/categories?post=8184"},{"taxonomy":"post_tag","embeddable":true,"href":"https:\/\/webvasco.com\/artigos\/wp-json\/wp\/v2\/tags?post=8184"}],"curies":[{"name":"wp","href":"https:\/\/api.w.org\/{rel}","templated":true}]}}