{"id":8197,"date":"2017-06-02T11:34:31","date_gmt":"2017-06-02T14:34:31","guid":{"rendered":"http:\/\/webvasco.com\/artigos\/?p=8197"},"modified":"2017-06-02T11:38:05","modified_gmt":"2017-06-02T14:38:05","slug":"diretor-de-marketing-da-tap-analisa-situao-do-vasco","status":"publish","type":"post","link":"https:\/\/webvasco.com\/artigos\/colunistas\/marcus-simonini\/diretor-de-marketing-da-tap-analisa-situao-do-vasco\/","title":{"rendered":"Diretor de Marketing da TAP analisa situa&ccedil;&atilde;o do Vasco"},"content":{"rendered":"<div>\n<div id=\"divtagdefaultwrapper\" style=\"font-size:12pt;color:#000000;font-family:Calibri,Arial,Helvetica,sans-serif;\" dir=\"ltr\">\n<h1 itemprop=\"headline\" style=\"margin: 0px 0px 10px; padding: 0px; border: 0px; outline: 0px; font-size: 30px; vertical-align: baseline; font-family: arial, cursive, &quot;Times New Roman&quot;, serif; font-weight: 400;\">  Diretor de Marketing da TAP analisa situa\u00e7\u00e3o do Vasco<\/h1>\n<div class=\"container-padrao\" style=\"margin: 0px; padding: 0px; border: 0px; outline: 0px; font-size: 15px; vertical-align: baseline; background-image: initial; background-position: initial; background-size: initial; background-repeat: initial; background-attachment: initial; background-origin: initial; background-clip: initial; color: rgb(51, 51, 51); font-family: arial;\">\n<div class=\"compartilhar\" style=\"margin: 18px 0px 30px; padding: 0px 0px 8px; border-width: 0px 0px 1px; border-top-style: initial; border-right-style: initial; border-bottom-style: solid; border-left-style: initial; border-top-color: initial; border-right-color: initial; border-bottom-color: rgb(233, 233, 233); border-left-color: initial; border-image: initial; outline: 0px; vertical-align: baseline; position: relative;\">  <span class=\"data\" style=\"margin: 0px; padding: 0px; border: 0px; outline: 0px; font-size: 14px; vertical-align: baseline; font-stretch: normal; line-height: normal; color: rgb(106, 106, 106); display: block;\">Em 01\/06\/2017 19:02<\/span>  <\/p>\n<div class=\"box-compartilhar\" style=\"margin: 0px; padding: 0px; border: 0px; outline: 0px; vertical-align: baseline; position: absolute; top: -4px; right: 0px; width: 430px;\">\n<div class=\"addthis_native_toolbox\" style=\"margin: 0px; padding: 0px; border: 0px; outline: 0px; vertical-align: baseline;\">  <\/div>\n<\/p><\/div>\n<div class=\"box-shadow\" style=\"margin: 0px; padding: 0px; border: 0px; outline: 0px; vertical-align: baseline; background: url(&quot;http:\/\/static.supervasco.com\/images\/portal\/bg-noticia.png?25490ed54049&quot;) 0px 1px no-repeat; height: 53px; position: absolute; left: 0px; bottom: -54px; right: 0px;\">  &nbsp;<\/div>\n<\/p><\/div>\n<\/p><\/div>\n<div id=\"divSpdInText\" itemprop=\"articleBody\" style=\"margin: 0px; padding: 0px; border: 0px; outline: 0px; font-size: 15px; vertical-align: baseline; color: rgb(51, 51, 51); font-family: arial;\">\n<p style=\"margin-right: 0px; margin-bottom: 10px; margin-left: 0px; padding: 0px; border: 0px; outline: 0px; vertical-align: baseline; line-height: 21px; position: relative;\">  <span style=\"margin: 0px; padding: 0px; border: 0px; outline: 0px; vertical-align: baseline; color: rgb(68, 68, 68); font-family: Arial, &quot;Times New Roman&quot;, serif; font-weight: 700;\">C.R. Vasco da Gama: Uma nau sem almirante e sem rumo<\/span><br \/>  Gest\u00e3o disl\u00e9xica e miopia pol\u00edtica comprometem o futuro do clube<\/p>\n<p style=\"margin-right: 0px; margin-bottom: 10px; margin-left: 0px; padding: 0px; border: 0px; outline: 0px; vertical-align: baseline; line-height: 21px; position: relative;\">  Um Vasco irreal que ilude sua torcida \u00e9 o que h\u00e1 tempos temos presenciado. Apesar das recentes vit\u00f3rias e at\u00e9 mesmo no caso de o time conseguir uma posi\u00e7\u00e3o honrosa ao final do Campeonato Brasileiro, os cen\u00e1rios pol\u00edtico, administrativo e financeiro que se apresentam   num horizonte m\u00e9dio de sete anos s\u00e3o assustadores.<\/p>\n<p style=\"margin-right: 0px; margin-bottom: 10px; margin-left: 0px; padding: 0px; border: 0px; outline: 0px; vertical-align: baseline; line-height: 21px; position: relative;\">  Quando falo na dislexia da atual gest\u00e3o (e da anterior) \u00e9 pela dificuldade de compreens\u00e3o de suas necessidades e demandas, de forma clara e transparente, em um mundo real.<\/p>\n<p style=\"margin-right: 0px; margin-bottom: 10px; margin-left: 0px; padding: 0px; border: 0px; outline: 0px; vertical-align: baseline; line-height: 21px; position: relative;\">  Provavelmente, tanto pela incapacidade de qualificar talentos para exercer determinados cargos operacionais, como tamb\u00e9m pelo poss\u00edvel \u201cbloqueio\u201d nas intelig\u00eancias dos que coordenam essas pessoas desqualificadas. O fato \u00e9 que este \u201cdist\u00farbio\u201d h\u00e1 muito tempo   est\u00e1 afetando o clube em diferentes graus e intensidade. Al\u00e9m disso, ainda somos motivo de chacotas pelos mais variados fact\u00f3ides e bravatas proferidas por diferentes dirigentes ao longo dos anos.<\/p>\n<p style=\"margin-right: 0px; margin-bottom: 10px; margin-left: 0px; padding: 0px; border: 0px; outline: 0px; vertical-align: baseline; line-height: 21px; position: relative;\">  O fato real \u00e9 que o Vasco est\u00e1 a beira da insolv\u00eancia, com um alto grau de endividamento operacional e falta de liquidez no curto prazo para honrar despesas e d\u00edvidas. Simplesmente a conta n\u00e3o fecha, pois o faturamento \u00e9 menor que a arrecada\u00e7\u00e3o e ainda possui   uma d\u00edvida preocupante a saldar. Aliado a esta situa\u00e7\u00e3o adversa, os direitos de transmiss\u00e3o da TV Globo entre 2019 e 2024 foram antecipados em 2016. Ou seja, uma fonte significativa de receita n\u00e3o existir\u00e1 at\u00e9 2025. E n\u00e3o sou eu que fa\u00e7o estas afirma\u00e7\u00f5es,   elas podem ser facilmente extra\u00eddas do \u00faltimo balan\u00e7o publicado e em an\u00e1lises de alguns ve\u00edculos de comunica\u00e7\u00e3o.<\/p>\n<p style=\"margin-right: 0px; margin-bottom: 10px; margin-left: 0px; padding: 0px; border: 0px; outline: 0px; vertical-align: baseline; line-height: 21px; position: relative;\">  De uma forma simpl\u00f3ria, a esperan\u00e7a \u00e9 que o time consiga ter um \u00f3timo desempenho em campo (que \u00e9 o meu desejo como torcedor), para que haja um aumento significativo na arrecada\u00e7\u00e3o dos jogos e atraia novas marcas a investir em diferentes projetos de marketing.<\/p>\n<p style=\"margin-right: 0px; margin-bottom: 10px; margin-left: 0px; padding: 0px; border: 0px; outline: 0px; vertical-align: baseline; line-height: 21px; position: relative;\">  Contudo, independente do nosso desejo de vit\u00f3rias e de que o time atual possa devolver um pouco de alento aos cora\u00e7\u00f5es combalidos dos torcedores, quem poder\u00e1 ser o almirante que conseguir\u00e1 colocar esta nau no rumo em meio a tantas tormentas por vir?<\/p>\n<p style=\"margin-right: 0px; margin-bottom: 10px; margin-left: 0px; padding: 0px; border: 0px; outline: 0px; vertical-align: baseline; line-height: 21px; position: relative;\">  Infelizmente as lentes das lunetas desta nau s\u00f3 conseguem enxergar o horizonte pol\u00edtico do clube ainda de forma totalmente m\u00edope. Miopia pela dificuldade real em perceber que a atual conjuntura necessita de uma revis\u00e3o r\u00e1pida de determinados conceitos que orientar\u00e3o   gest\u00f5es futuras. Infelizmente, at\u00e9 o momento, s\u00f3 consigo perceber o \u201cmais do mesmo\u201d.<\/p>\n<p style=\"margin-right: 0px; margin-bottom: 10px; margin-left: 0px; padding: 0px; border: 0px; outline: 0px; vertical-align: baseline; line-height: 21px; position: relative;\">  Conceitos como, mudan\u00e7a de mentalidade, liberdade e nova forma de administrar ainda s\u00e3o frequentemente falados em todos os discursos de poss\u00edveis candidatos (e n\u00e3o \u00e9 de hoje).<\/p>\n<p style=\"margin-right: 0px; margin-bottom: 10px; margin-left: 0px; padding: 0px; border: 0px; outline: 0px; vertical-align: baseline; line-height: 21px; position: relative;\">  Quando vejo, por exemplo, uma chapa anunciar uma candidatura em que, na apresenta\u00e7\u00e3o do candidato, a mesa est\u00e1 composta por diversos ex-vices que trabalharam ativamente por um longo per\u00edodo em duas gest\u00f5es comprovadamente ineficazes e ainda escuto no discurso   as palavras mudan\u00e7a e renova\u00e7\u00e3o, alguma coisa est\u00e1 fora da ordem.<\/p>\n<p style=\"margin-right: 0px; margin-bottom: 10px; margin-left: 0px; padding: 0px; border: 0px; outline: 0px; vertical-align: baseline; line-height: 21px; position: relative;\">  Ao escutar a palavra renova\u00e7\u00e3o me vem logo \u00e0 mente deixar algo como novo ou reestabelecer algo que se tinha interrompido ou ainda substituir uma coisa velha por outra nova. Ser\u00e1 que \u00e9 somente disso o que o nosso clube precisa?<\/p>\n<p style=\"margin-right: 0px; margin-bottom: 10px; margin-left: 0px; padding: 0px; border: 0px; outline: 0px; vertical-align: baseline; line-height: 21px; position: relative;\">  N\u00e3o percebo nenhum candidato destacar a palavra inova\u00e7\u00e3o. E, no meu entendimento, esta deveria ser a palavra-chave, que engloba outros conceitos importantes e resume o que um clube desportivo e social necessita para se manter competitivo e atrativo aos seus   associadose potenciais investidores nos dias atuais. Inova\u00e7\u00e3o pode proporcionar uma maior efici\u00eancia em todos os processos inerentes ao neg\u00f3cio, agu\u00e7a a criatividade, torna uma organiza\u00e7\u00e3o mais competitiva, permite uma quebra de paradigmas, gera impactos positivos   tanto nas rela\u00e7\u00f5es profissionais como pessoais, intra e extra muros.<\/p>\n<p style=\"margin-right: 0px; margin-bottom: 10px; margin-left: 0px; padding: 0px; border: 0px; outline: 0px; vertical-align: baseline; line-height: 21px; position: relative;\">  Algumas agremia\u00e7\u00f5es j\u00e1 entenderam esta necessidade de realinhamento, face a uma nova realidade de mercado, e est\u00e3o h\u00e1 algum tempo em um processo de mudan\u00e7a objetivando a sua competitividade, tanto no ambiente desportivo como social. O problema \u00e9 que o nosso   clube ainda vive sob a \u00e9gide de que os outros s\u00e3o inimigos e n\u00e3o simplesmente saud\u00e1veis concorrentes. N\u00e3o conseguimos observar as melhores pr\u00e1ticas existentes no mercado e continuamos m\u00edopes navegando sobre permanente tormenta. Sem falar no que outrora era   uma brincadeira saud\u00e1vel entre os clubes (ganhador e\/ou perdedor) e se tornou literalmente uma guerra, que produz mortos e feridos, que fomenta o \u00f3dio e esquece como o esporte pode funcionar como um grande agregador social. H\u00e1 anos que a percep\u00e7\u00e3o de valor   da marca Vasco no mercado perdeu a atratividade de investimento, por estar associada a mandat\u00e1rios sem perfil de lideran\u00e7a, credibilidade e, em alguns casos, idoneidade.<\/p>\n<p style=\"margin-right: 0px; margin-bottom: 10px; margin-left: 0px; padding: 0px; border: 0px; outline: 0px; vertical-align: baseline; line-height: 21px; position: relative;\">  O Vasco, atrav\u00e9s da hist\u00f3ria, sempre se destacou como um clube de vanguarda. Por que n\u00e3o aplicar novamente a teoria \u00e0 pr\u00e1tica?<\/p>\n<p style=\"margin-right: 0px; margin-bottom: 10px; margin-left: 0px; padding: 0px; border: 0px; outline: 0px; vertical-align: baseline; line-height: 21px; position: relative;\">  O problema \u00e9 que nada disso ser\u00e1 poss\u00edvel sem que haja uma revis\u00e3o profunda do seu Estatuto. Ainda vejo uma total inviabilidade quando uma grande parcela de benem\u00e9ritos e grandes benem\u00e9ritos se mostra avessa a mudan\u00e7as. E o pior, dependemos de boa parte deles   para que essas mudan\u00e7as saiam do papel. Somente atrav\u00e9s da vota\u00e7\u00e3o de um novo Estatuto que se poder\u00e1 por em pr\u00e1tica todos estes conceitos destacados anteriormente e auxiliar o clube a vislumbrar um horizonte menos turbulento, naveg\u00e1vel e, porque n\u00e3o dizer,   sustent\u00e1vel (n\u00e3o resisti ao modismo).<\/p>\n<p style=\"margin-right: 0px; margin-bottom: 10px; margin-left: 0px; padding: 0px; border: 0px; outline: 0px; vertical-align: baseline; line-height: 21px; position: relative;\">  Que eu possa voltar a presenciar tantas gl\u00f3rias, como aquela da primeira vez em que fui ao Maracan\u00e3 em 1970 e pude acompanhar a trajet\u00f3ria vitoriosa do nosso time no Campeonato Carioca daquele ano. E de l\u00e1 pra c\u00e1, tantas e tantas idas ao S\u00e3o Janu\u00e1rio, ao Maracan\u00e3   e demais est\u00e1dios Brasil afora acompanhando esta paix\u00e3o incondicional chamada Club de Regatas Vasco da Gama.<\/p>\n<p style=\"margin-right: 0px; margin-bottom: 10px; margin-left: 0px; padding: 0px; border: 0px; outline: 0px; vertical-align: baseline; line-height: 21px; position: relative;\">  De tudo isso fica somente a certeza de que os pr\u00f3ximos gestores (n\u00e3o mais, mandat\u00e1rios) ter\u00e3o que cumprir uma ingl\u00f3ria e exaustiva tarefa de refazer tudo, com celeridade, seriedade e criatividade (se colocar inova\u00e7\u00e3o como conceito central, ainda melhor). A   na\u00e7\u00e3o vasca\u00edna precisa exigir desde j\u00e1, mais do que nunca, uma total responsabilidade administrativa, fiscal e pol\u00edtica da gest\u00e3o atual e futura, independente de \u201coposi\u00e7\u00f5es\u201d e\/ou \u201csitua\u00e7\u00f5es\u201d, para n\u00e3o presenciarmos o nosso clube sucumbir diante de tanta incompet\u00eancia   e seus pseudos gestores sa\u00edrem inc\u00f3lumes.<\/p>\n<p style=\"margin-right: 0px; margin-bottom: 10px; margin-left: 0px; padding: 0px; border: 0px; outline: 0px; vertical-align: baseline; line-height: 21px; position: relative;\">  Que continuem as vit\u00f3rias dentro de campo e apare\u00e7am muitas outras fora dele.<\/p>\n<p style=\"margin-right: 0px; margin-bottom: 10px; margin-left: 0px; padding: 0px; border: 0px; outline: 0px; vertical-align: baseline; line-height: 21px; position: relative;\">  Sauda\u00e7\u00f5es cruzmaltinas.<br \/>  <em style=\"margin: 0px; padding: 0px; border: none; outline: 0px; vertical-align: baseline;\"><span style=\"margin: 0px; padding: 0px; border: 0px; outline: 0px; vertical-align: baseline; color: rgb(68, 68, 68); font-family: Arial, &quot;Times New Roman&quot;, serif; font-weight: 700;\">Francisco   Guarisa<\/span><\/em><br \/>  Ex-Diretor de Marketing do Movimento Unido Vasca\u00edno<br \/>  Desde 2008 \u00e9 Diretor de Marketing p\/ o Brasil da cia. a\u00e9rea TAP Portugal<\/p>\n<\/p><\/div>\n<p>  FONTE: SUPERVASCO  <\/p>\n<p>LINK:&nbsp;<a href=\"http:\/\/www.supervasco.com\/noticias\/diretor-de-marketing-da-tap-analisa-situacao-do-vasco-235148.html\" class=\"OWAAutoLink\" id=\"LPlnk500964\">http:\/\/www.supervasco.com\/noticias\/diretor-de-marketing-da-tap-analisa-situacao-do-vasco-235148.html<\/a><\/p>\n<div id=\"LPBorder_GT_14964140500270.9780833051215445\" style=\"margin-bottom: 20px; overflow: auto; width: 100%; text-indent: 0px;\">\n<table id=\"LPContainer_14964140500220.46959450828939664\" role=\"presentation\" cellspacing=\"0\" style=\"width: 90%; background-color: rgb(255, 255, 255); position: relative; overflow: auto; padding-top: 20px; padding-bottom: 20px; margin-top: 20px; border-top: 1px dotted rgb(200, 200, 200); border-bottom: 1px dotted rgb(200, 200, 200);\">\n<tbody>\n<tr valign=\"top\" style=\"border-spacing: 0px;\">\n<td id=\"TextCell_14964140500250.30888010065042093\" colspan=\"2\" style=\"vertical-align: top; position: relative; padding: 0px; display: table-cell;\">\n<div id=\"LPRemovePreviewContainer_14964140500250.7280556147611861\"><\/div>\n<div id=\"LPTitle_14964140500250.9744928399108552\" style=\"top: 0px; color: rgb(93, 178, 255); font-weight: normal; font-size: 21px; font-family: wf_segoe-ui_light, &quot;Segoe UI Light&quot;, &quot;Segoe WP Light&quot;, &quot;Segoe UI&quot;, &quot;Segoe WP&quot;, Tahoma, Arial, sans-serif; line-height: 21px;\">  <a id=\"LPUrlAnchor_14964140500260.21004760119169208\" href=\"http:\/\/www.supervasco.com\/noticias\/diretor-de-marketing-da-tap-analisa-situacao-do-vasco-235148.html\" target=\"_blank\" style=\"text-decoration: none;\">Diretor de Marketing da TAP analisa situa\u00e7\u00e3o do Vasco<\/a><\/div>\n<div id=\"LPMetadata_14964140500260.3961501463985968\" style=\"margin: 10px 0px 16px; color: rgb(102, 102, 102); font-weight: normal; font-family: wf_segoe-ui_normal, &quot;Segoe UI&quot;, &quot;Segoe WP&quot;, Tahoma, Arial, sans-serif; font-size: 14px; line-height: 14px;\">  <a href=\"http:\/\/www.supervasco.com\">www.supervasco.com<\/a><\/div>\n<div id=\"LPDescription_14964140500270.08170415939456444\" style=\"display: block; color: rgb(102, 102, 102); font-weight: normal; font-family: wf_segoe-ui_normal, &quot;Segoe UI&quot;, &quot;Segoe WP&quot;, Tahoma, Arial, sans-serif; font-size: 14px; line-height: 20px; max-height: 100px; overflow: hidden;\">  C.R. Vasco da Gama: Uma nau sem almirante e sem rumo Gest\u00e3o disl\u00e9xica e miopia pol\u00edtica comprometem o futuro do clube Um Vasco irreal que ilude sua torcida \u00e9 o &#8230;<\/div>\n<\/td>\n<\/tr>\n<\/tbody>\n<\/table><\/div>\n<p>  <\/div>\n<\/p><\/div>\n<p><\/p>\n","protected":false},"excerpt":{"rendered":"<p>Diretor de Marketing da TAP analisa situa\u00e7\u00e3o do Vasco Em 01\/06\/2017 19:02 &nbsp; C.R. Vasco&#8230;<\/p>\n","protected":false},"author":8,"featured_media":0,"comment_status":"open","ping_status":"closed","sticky":false,"template":"","format":"standard","meta":{"footnotes":""},"categories":[6],"tags":[],"class_list":["post-8197","post","type-post","status-publish","format-standard","hentry","category-marcus-simonini"],"_links":{"self":[{"href":"https:\/\/webvasco.com\/artigos\/wp-json\/wp\/v2\/posts\/8197","targetHints":{"allow":["GET"]}}],"collection":[{"href":"https:\/\/webvasco.com\/artigos\/wp-json\/wp\/v2\/posts"}],"about":[{"href":"https:\/\/webvasco.com\/artigos\/wp-json\/wp\/v2\/types\/post"}],"author":[{"embeddable":true,"href":"https:\/\/webvasco.com\/artigos\/wp-json\/wp\/v2\/users\/8"}],"replies":[{"embeddable":true,"href":"https:\/\/webvasco.com\/artigos\/wp-json\/wp\/v2\/comments?post=8197"}],"version-history":[{"count":0,"href":"https:\/\/webvasco.com\/artigos\/wp-json\/wp\/v2\/posts\/8197\/revisions"}],"wp:attachment":[{"href":"https:\/\/webvasco.com\/artigos\/wp-json\/wp\/v2\/media?parent=8197"}],"wp:term":[{"taxonomy":"category","embeddable":true,"href":"https:\/\/webvasco.com\/artigos\/wp-json\/wp\/v2\/categories?post=8197"},{"taxonomy":"post_tag","embeddable":true,"href":"https:\/\/webvasco.com\/artigos\/wp-json\/wp\/v2\/tags?post=8197"}],"curies":[{"name":"wp","href":"https:\/\/api.w.org\/{rel}","templated":true}]}}