{"id":8198,"date":"2017-06-04T02:10:17","date_gmt":"2017-06-04T05:10:17","guid":{"rendered":"http:\/\/webvasco.com\/artigos\/?p=8198"},"modified":"2017-06-04T10:18:31","modified_gmt":"2017-06-04T13:18:31","slug":"mito-mendes","status":"publish","type":"post","link":"https:\/\/webvasco.com\/artigos\/colunistas\/luizcarlosrocha\/mito-mendes\/","title":{"rendered":"MITO MENDES!"},"content":{"rendered":"<div>\n<div style=\"color: #000; background-color: #fff; font-family: Helvetica Neue, Helvetica, Arial, Lucida Grande, sans-serif; font-size: 32px;\">\n<div id=\"yui_3_16_0_ym19_1_1496074405026_484001\" style=\"text-align: justify;\"><span id=\"yui_3_16_0_ym19_1_1496074405026_484002\" style=\"font-size: 14.0pt; line-height: 107%; font-family: 'Arial',sans-serif;\">\u00a0 \u00a0 Era Vasco da Gama e Atl\u00e9tico Mineiro, em partida v\u00e1lida pela semifinal \u2013 no jogo de volta \u2013 pela Copa do Brasil, sub20, (na qual o time da casa de virada perdeu por 3 a 2) eis que nas sociais surge ele, o mito! Alguns dizem que ele mudou a postura da equipe principal, outros falam que ele \u00e9 bom por ser um t\u00e9cnico estudioso, e ainda h\u00e1 quem diga que ele \u00e9 o cara. \u00a0\u00a0\u00a0\u00a0\u00a0\u00a0<\/span><\/div>\n<div id=\"yui_3_16_0_ym19_1_1496074405026_484004\" style=\"text-align: justify;\"><span id=\"yui_3_16_0_ym19_1_1496074405026_484005\" style=\"font-size: 14.0pt; line-height: 107%; font-family: 'Arial',sans-serif;\">\u00a0\u00a0\u00a0 O fato \u00e9 que Milton Mendes \u2013 extremamente sol\u00edcito \u2013 deu notoriamente um outro ritmo de jogo ao plantel vasca\u00edno. \u00c9 vis\u00edvel a melhora da equipe. Mas n\u00e3o \u00e9 por acaso ou simplesmente por sorte. O comandante \u00e9 de fato cauteloso e criterioso em seus estudos futebol\u00edsticos. <\/span><\/div>\n<div id=\"yui_3_16_0_ym19_1_1496074405026_484007\" style=\"text-align: justify;\"><span id=\"yui_3_16_0_ym19_1_1496074405026_484008\" style=\"font-size: 14.0pt; line-height: 107%; font-family: 'Arial',sans-serif;\">\u00a0\u00a0\u00a0 Milton explicou o motivo da visita: \u201cSempre acompanho os jogos da base. Temos um elenco na parte de cima muito bom, mas de qualquer forma venho olhar para garimpar\u201d. Tamb\u00e9m elogiou o trabalho da garotada: \u201cA escola do Vasco de goleiros \u00e9 \u00f3tima, temos o Martin como arqueiro internacional que precisar\u00e1 ficar ausente algumas vezes, mas temos tamb\u00e9m o Jordi, Gabriel e o Jo\u00e3o. Est\u00e3o sendo muito bem trabalhados pelo treinador de goleiros F\u00e1bio\u201d.<\/span><\/div>\n<div id=\"yui_3_16_0_ym19_1_1496074405026_484010\" style=\"text-align: justify;\"><span id=\"yui_3_16_0_ym19_1_1496074405026_484011\" style=\"font-size: 14.0pt; line-height: 107%; font-family: 'Arial',sans-serif;\">\u00a0\u00a0\u00a0 Declarou amor pela Imensa Torcida Bem Feliz: \u201cO torcedor \u00e9 o pulm\u00e3o do clube. Fui muito bem recebido aqui. \u00c9 rec\u00edproco esse carinho que temos. Se eu pudesse tiraria fotos com todos sempre. Daria sempre o meu abra\u00e7o em cada um\u201d, disparou o comandante. E completou concluindo: \u201c\u00c9 fundamental a presen\u00e7a da torcida nas partidas\u201d. Vale lembrar, que Milton Mendes \u00e9 o \u00fanico t\u00e9cnico brasileiro com todos n\u00edveis do curso de treinadores da UEFA.<\/span><\/div>\n<div id=\"yui_3_16_0_ym19_1_1496074405026_484013\" style=\"text-align: justify;\"><span id=\"yui_3_16_0_ym19_1_1496074405026_484014\" style=\"font-size: 14.0pt; line-height: 107%; font-family: 'Arial',sans-serif;\">\u00a0<\/span><\/div>\n<div id=\"yui_3_16_0_ym19_1_1496074405026_484016\" style=\"text-align: justify;\"><span id=\"yui_3_16_0_ym19_1_1496074405026_484017\" style=\"font-size: 14.0pt; line-height: 107%; font-family: 'Arial',sans-serif;\">\u00a0<a href=\"https:\/\/webvasco.com\/artigos\/wp-content\/uploads\/2017\/06\/IMG_20170602_230507.jpg\"><img loading=\"lazy\" decoding=\"async\" class=\"alignnone size-thumbnail wp-image-8200\" src=\"https:\/\/webvasco.com\/artigos\/wp-content\/uploads\/2017\/06\/IMG_20170602_230507-92x150.jpg\" alt=\"\" width=\"92\" height=\"150\" srcset=\"https:\/\/webvasco.com\/artigos\/wp-content\/uploads\/2017\/06\/IMG_20170602_230507-92x150.jpg 92w, https:\/\/webvasco.com\/artigos\/wp-content\/uploads\/2017\/06\/IMG_20170602_230507-184x300.jpg 184w, https:\/\/webvasco.com\/artigos\/wp-content\/uploads\/2017\/06\/IMG_20170602_230507-627x1024.jpg 627w, https:\/\/webvasco.com\/artigos\/wp-content\/uploads\/2017\/06\/IMG_20170602_230507.jpg 720w\" sizes=\"auto, (max-width: 92px) 100vw, 92px\" \/><\/a> <a href=\"https:\/\/webvasco.com\/artigos\/wp-content\/uploads\/2017\/06\/IMG_20170602_225422.jpg\"><img loading=\"lazy\" decoding=\"async\" class=\"alignnone size-thumbnail wp-image-8201\" src=\"https:\/\/webvasco.com\/artigos\/wp-content\/uploads\/2017\/06\/IMG_20170602_225422-150x113.jpg\" alt=\"\" width=\"150\" height=\"113\" srcset=\"https:\/\/webvasco.com\/artigos\/wp-content\/uploads\/2017\/06\/IMG_20170602_225422-150x113.jpg 150w, https:\/\/webvasco.com\/artigos\/wp-content\/uploads\/2017\/06\/IMG_20170602_225422-300x225.jpg 300w, https:\/\/webvasco.com\/artigos\/wp-content\/uploads\/2017\/06\/IMG_20170602_225422-768x576.jpg 768w, https:\/\/webvasco.com\/artigos\/wp-content\/uploads\/2017\/06\/IMG_20170602_225422-1024x768.jpg 1024w, https:\/\/webvasco.com\/artigos\/wp-content\/uploads\/2017\/06\/IMG_20170602_225422.jpg 1280w\" sizes=\"auto, (max-width: 150px) 100vw, 150px\" \/><\/a> <a href=\"https:\/\/webvasco.com\/artigos\/wp-content\/uploads\/2017\/06\/IMG_20170602_225654.jpg\"><img loading=\"lazy\" decoding=\"async\" class=\"alignnone size-medium wp-image-8199\" src=\"https:\/\/webvasco.com\/artigos\/wp-content\/uploads\/2017\/06\/IMG_20170602_225654-170x300.jpg\" alt=\"\" width=\"170\" height=\"300\" srcset=\"https:\/\/webvasco.com\/artigos\/wp-content\/uploads\/2017\/06\/IMG_20170602_225654-170x300.jpg 170w, https:\/\/webvasco.com\/artigos\/wp-content\/uploads\/2017\/06\/IMG_20170602_225654-85x150.jpg 85w, https:\/\/webvasco.com\/artigos\/wp-content\/uploads\/2017\/06\/IMG_20170602_225654-581x1024.jpg 581w, https:\/\/webvasco.com\/artigos\/wp-content\/uploads\/2017\/06\/IMG_20170602_225654.jpg 711w\" sizes=\"auto, (max-width: 170px) 100vw, 170px\" \/><\/a><\/span><\/div>\n<div id=\"yui_3_16_0_ym19_1_1496074405026_484019\" style=\"text-align: justify;\"><span id=\"yui_3_16_0_ym19_1_1496074405026_484020\" style=\"font-size: 14.0pt; line-height: 107%; font-family: 'Arial',sans-serif;\">\u00a0<\/span><\/div>\n<div id=\"yui_3_16_0_ym19_1_1496074405026_484022\" style=\"text-align: justify;\"><b id=\"yui_3_16_0_ym19_1_1496074405026_484023\"><u id=\"yui_3_16_0_ym19_1_1496074405026_484024\"><span id=\"yui_3_16_0_ym19_1_1496074405026_484025\" style=\"font-size: 14.0pt; line-height: 107%; font-family: 'Arial',sans-serif;\">PERPLEXO COM O PODER JUDICI\u00c1RIO:<\/span><\/u><\/b><\/div>\n<div id=\"yui_3_16_0_ym19_1_1496074405026_484027\" style=\"text-align: justify;\"><span id=\"yui_3_16_0_ym19_1_1496074405026_484028\" style=\"font-size: 14.0pt; line-height: 107%; font-family: 'Arial',sans-serif;\">DEPOIS DE AGUARDAR <b id=\"yui_3_16_0_ym19_1_1496074405026_484029\">47 MESES, OU SEJA, 3 ANOS E ONZE MESES (CARRO DESDE 10 DE JUNHO DE 2013)<\/b> COM O CARRO PRESO NA OFICINA DA ABOLI\u00c7\u00c3O VE\u00cdCULOS COM APENAS 729 KM RODADOS, EM UM PROCESSO COM 6 VOLUMES, NA 1\u00aa VARA CIVEL, DA COMARCA DE NITER\u00d3I\/RJ, REGIONAL OCE\u00c2NICA, A SENTEN\u00c7A FOI INDEFERIR TODOS OS MEUS PEDIDOS E AINDA CONDENAR EM 10% DE CUSTAS JUDICIAIS. OU SEJA, FIQUEI SEM CARRO ESSE TEMPO TODO (MESMO PAGANDO \u00c0 VISTA POR ELE), JUNTEI PROVAS COMO REGISTRO DE OCORR\u00caNCIA DA POL\u00cdCIA CIVIL\/RJ, BOLETIM DE OCORR\u00caNCIA DA POLICIA MILITAR\/RJ, ORDENS DE SERVI\u00c7O, MAIS DE 600 FOTOGRAFIAS, MAIS DE 40 \u00c1UDIOS, NOTAS FISCAIS, NOTAS DE T\u00c1XI, PRONTU\u00c1RIOS M\u00c9DICOS, POIS NESTE PER\u00cdODO TIVE PROBLEMAS DE SA\u00daDE, BEM COMO MEUS FAMILIARES, TENDO UMA FILHA QUE HOJE TEM APENAS 5 ANOS, NA \u00c9POCA POUCO MAIS DE 1 ANINHO. VALE LEMBRAR, QUE OS PRIMEIROS DEFEITOS SE DERAM QUANDO O CARRO TINHA MENOS DE 30 KM RODADOS. TUDO ISSO PARA NADA. QUEM GOSTOU DO RESULTADO DA DOUTA MAGRISTRADA FORAM AS EMPRESAS R\u00c9S \u2013 QUE ME LESARAM \u2013 ABOLI\u00c7\u00c3O VE\u00cdCULOS E VW DO BRASIL (PROCESSO: No 0016370-44.2013.8.19.0212).<\/span><\/div>\n<div id=\"yui_3_16_0_ym19_1_1496074405026_484031\" style=\"text-align: justify;\"><b id=\"yui_3_16_0_ym19_1_1496074405026_484032\"><span id=\"yui_3_16_0_ym19_1_1496074405026_484033\" style=\"font-size: 14.0pt; line-height: 107%; font-family: 'Arial',sans-serif;\">\u00a0<\/span><\/b><\/div>\n<div id=\"yui_3_16_0_ym19_1_1496074405026_484035\" style=\"text-align: justify;\"><b id=\"yui_3_16_0_ym19_1_1496074405026_484036\"><span id=\"yui_3_16_0_ym19_1_1496074405026_484037\" style=\"font-size: 14.0pt; line-height: 107%; font-family: 'Arial',sans-serif;\">\u00a0\u00a0\u00a0\u00a0\u00a0\u00a0\u00a0\u00a0\u00a0\u00a0\u00a0\u00a0\u00a0\u00a0 <\/span><\/b><\/div>\n<div id=\"yui_3_16_0_ym19_1_1496074405026_484039\" style=\"text-align: justify;\"><b id=\"yui_3_16_0_ym19_1_1496074405026_484040\"><span id=\"yui_3_16_0_ym19_1_1496074405026_484041\" style=\"font-size: 14.0pt; line-height: 107%; font-family: 'Arial',sans-serif;\">\u00a0\u00a0\u00a0\u00a0\u00a0\u00a0\u00a0\u00a0\u00a0\u00a0\u00a0\u00a0\u00a0\u00a0\u00a0\u00a0\u00a0\u00a0\u00a0\u00a0\u00a0 \u00a0\u00a0\u00a0\u00a0\u00a0\u00a0\u00a0\u00a0\u00a0<\/span><\/b><\/div>\n<div id=\"yui_3_16_0_ym19_1_1496074405026_483786\"><\/div>\n<div id=\"yui_3_16_0_ym19_1_1496074405026_484043\" dir=\"ltr\" style=\"text-align: justify;\"><b id=\"yui_3_16_0_ym19_1_1496074405026_484044\"><span id=\"yui_3_16_0_ym19_1_1496074405026_484045\" style=\"font-size: 14.0pt; line-height: 107%; font-family: 'Arial',sans-serif;\">AP\u00d3S AS TODAS AS PARTIDAS DO VASC\u00c3O EM MEU PERFIL DO FACEBOOK (QUEM QUISER RECEBER AS CR\u00d4NICAS DE PRIMEIRA M\u00c3O \u00c9 S\u00d3 ME ADICIONAR), E NO SITE WEBVASCO (<a href=\"http:\/\/www.webvasco.com\">www.webvasco.com<\/a>), TEM A OPINI\u00c3O DO JORNALISTA LUIZ CARLOS ROCHA. LEIAM! COMPARTILHEM E CURTAM! VASCA\u00cdNOS UNIDOS JAMAIS SER\u00c3O VENCIDOS.<\/span><\/b><\/div>\n<div id=\"yui_3_16_0_ym19_1_1496074405026_483786\"><\/div>\n<div id=\"yui_3_16_0_ym19_1_1496074405026_483786\"><\/div>\n<\/div>\n<\/div>\n","protected":false},"excerpt":{"rendered":"<p>\u00a0 \u00a0 Era Vasco da Gama e Atl\u00e9tico Mineiro, em partida v\u00e1lida pela semifinal \u2013&#8230;<\/p>\n","protected":false},"author":7,"featured_media":8202,"comment_status":"open","ping_status":"closed","sticky":false,"template":"","format":"standard","meta":{"footnotes":""},"categories":[4],"tags":[],"class_list":["post-8198","post","type-post","status-publish","format-standard","has-post-thumbnail","hentry","category-luizcarlosrocha"],"_links":{"self":[{"href":"https:\/\/webvasco.com\/artigos\/wp-json\/wp\/v2\/posts\/8198","targetHints":{"allow":["GET"]}}],"collection":[{"href":"https:\/\/webvasco.com\/artigos\/wp-json\/wp\/v2\/posts"}],"about":[{"href":"https:\/\/webvasco.com\/artigos\/wp-json\/wp\/v2\/types\/post"}],"author":[{"embeddable":true,"href":"https:\/\/webvasco.com\/artigos\/wp-json\/wp\/v2\/users\/7"}],"replies":[{"embeddable":true,"href":"https:\/\/webvasco.com\/artigos\/wp-json\/wp\/v2\/comments?post=8198"}],"version-history":[{"count":0,"href":"https:\/\/webvasco.com\/artigos\/wp-json\/wp\/v2\/posts\/8198\/revisions"}],"wp:featuredmedia":[{"embeddable":true,"href":"https:\/\/webvasco.com\/artigos\/wp-json\/wp\/v2\/media\/8202"}],"wp:attachment":[{"href":"https:\/\/webvasco.com\/artigos\/wp-json\/wp\/v2\/media?parent=8198"}],"wp:term":[{"taxonomy":"category","embeddable":true,"href":"https:\/\/webvasco.com\/artigos\/wp-json\/wp\/v2\/categories?post=8198"},{"taxonomy":"post_tag","embeddable":true,"href":"https:\/\/webvasco.com\/artigos\/wp-json\/wp\/v2\/tags?post=8198"}],"curies":[{"name":"wp","href":"https:\/\/api.w.org\/{rel}","templated":true}]}}