{"id":820,"date":"2014-04-03T23:58:54","date_gmt":"2014-04-04T02:58:54","guid":{"rendered":"http:\/\/webvasco.com\/artigos\/?p=820"},"modified":"2014-04-03T23:59:31","modified_gmt":"2014-04-04T02:59:31","slug":"em-branco","status":"publish","type":"post","link":"https:\/\/webvasco.com\/artigos\/colunistas\/luizcarlosrocha\/em-branco\/","title":{"rendered":"EM BRANCO!"},"content":{"rendered":"<p>    A melhor forma de explicar ao leitor a partida de hoje, na qual o Vasco empatou por 0 a 0, com o Resende, em jogo v\u00e1lido pela Primeira Fase da Copa do Brasil, na Arena da Amaz\u00f4nia, em Manaus\/AM seria n\u00e3o escrever nada. Sequer ter t\u00edtulo. Pois foi assim.<br \/>\n    Exatamente desta forma foi o peso desta disputa entre as equipes. Primeiro, porque n\u00e3o vi nenhum sentido do time Sul Fluminense levar a partida para t\u00e3o longe. A maior parte da torcida era composta de vasca\u00ednos e vasca\u00ednas. Fora as altas despesas para realizar tal evento numa dist\u00e2ncia consider\u00e1vel.<br \/>\n    Al\u00e9m disso, o treinador Adilson Batista \u2013 de forma acertada \u2013 mandou a campo os suplentes. As redes n\u00e3o balan\u00e7aram. O Gigante da Colina vive a expectativa da final do Campeonato Carioca, onde enfrentar\u00e1 o Povo do Gueto. Logo, n\u00e3o poderia acontecer uma disputa acirrada. Por isso a raz\u00e3o dos 90 minutos terem sidos mornos. Nada al\u00e9m disso.<br \/>\n    O problema fica por conta da primeira chance de avan\u00e7ar, que foi ignorada. Portanto, O Vasco precisa vencer em S\u00e3o Janu\u00e1rio, dia 16 de abril, \u00e0s 19h30m, a partida de volta. Se empatar pelo mesmo placar, ter\u00e1 disputa de p\u00eanaltis. Mas se a igualdade no marcador tiver gols \u00e0 vaga ser\u00e1 do advers\u00e1rio. A sorte est\u00e1 lan\u00e7ada. Embora cedo para tal reflex\u00e3o, ser\u00e1 \u00f3timo mais um caneco da Copa do Brasil.<\/p>\n<p>AP\u00d3S AS TODAS AS PARTIDAS DO VASC\u00c3O EM MEU PERFIL DO FACEBOOK (QUEM QUISER RECEBER AS CR\u00d4NICAS DE PRIMEIRA M\u00c3O \u00c9 S\u00d3 ME ADICIONAR), E NOS SITES WEBVASCO (www.webvasco.com), E VASCA\u00cdNOS UNIDOS (www.vascainosunidos.com.br) TEM A OPINI\u00c3O DO JORNALISTA LUIZ CARLOS ROCHA. LEIAM! COMPARTILHEM E CURTAM! VASCA\u00cdNOS UNIDOS JAMAIS SER\u00c3O VENCIDOS.<\/p>\n","protected":false},"excerpt":{"rendered":"<p>A melhor forma de explicar ao leitor a partida de hoje, na qual o Vasco&#8230;<\/p>\n","protected":false},"author":7,"featured_media":58,"comment_status":"open","ping_status":"closed","sticky":false,"template":"","format":"standard","meta":{"footnotes":""},"categories":[4],"tags":[],"class_list":["post-820","post","type-post","status-publish","format-standard","has-post-thumbnail","hentry","category-luizcarlosrocha"],"_links":{"self":[{"href":"https:\/\/webvasco.com\/artigos\/wp-json\/wp\/v2\/posts\/820","targetHints":{"allow":["GET"]}}],"collection":[{"href":"https:\/\/webvasco.com\/artigos\/wp-json\/wp\/v2\/posts"}],"about":[{"href":"https:\/\/webvasco.com\/artigos\/wp-json\/wp\/v2\/types\/post"}],"author":[{"embeddable":true,"href":"https:\/\/webvasco.com\/artigos\/wp-json\/wp\/v2\/users\/7"}],"replies":[{"embeddable":true,"href":"https:\/\/webvasco.com\/artigos\/wp-json\/wp\/v2\/comments?post=820"}],"version-history":[{"count":0,"href":"https:\/\/webvasco.com\/artigos\/wp-json\/wp\/v2\/posts\/820\/revisions"}],"wp:featuredmedia":[{"embeddable":true,"href":"https:\/\/webvasco.com\/artigos\/wp-json\/wp\/v2\/media\/58"}],"wp:attachment":[{"href":"https:\/\/webvasco.com\/artigos\/wp-json\/wp\/v2\/media?parent=820"}],"wp:term":[{"taxonomy":"category","embeddable":true,"href":"https:\/\/webvasco.com\/artigos\/wp-json\/wp\/v2\/categories?post=820"},{"taxonomy":"post_tag","embeddable":true,"href":"https:\/\/webvasco.com\/artigos\/wp-json\/wp\/v2\/tags?post=820"}],"curies":[{"name":"wp","href":"https:\/\/api.w.org\/{rel}","templated":true}]}}