{"id":8203,"date":"2017-06-04T18:44:50","date_gmt":"2017-06-04T21:44:50","guid":{"rendered":"http:\/\/webvasco.com\/artigos\/?p=8203"},"modified":"2017-06-04T20:44:16","modified_gmt":"2017-06-04T23:44:16","slug":"artigo-4","status":"publish","type":"post","link":"https:\/\/webvasco.com\/artigos\/colunistas\/luizcarlosrocha\/artigo-4\/","title":{"rendered":"EMPATE MORAL"},"content":{"rendered":"<div>\n<div style=\"color: #000; background-color: #fff; font-family: Helvetica Neue, Helvetica, Arial, Lucida Grande, sans-serif; font-size: 32px;\">\n<div id=\"yui_3_16_0_ym19_1_1496074405026_519120\" style=\"text-align: center;\" align=\"center\"><span style=\"font-family: Arial, sans-serif; font-size: 14pt; text-align: justify;\">\u00a0<\/span><\/div>\n<div id=\"yui_3_16_0_ym19_1_1496074405026_519131\" style=\"text-align: justify;\"><span id=\"yui_3_16_0_ym19_1_1496074405026_519132\" style=\"font-size: 14.0pt; line-height: 107%; font-family: 'Arial',sans-serif;\">\u00a0\u00a0\u00a0 Na partida que marcou a 4\u00aa Rodada do Campeonato Brasileiro, vers\u00e3o 2017, entre Gr\u00eamio e Vasco da Gama, na Arena Gr\u00eamio, na qual o resultado foi 2 a 0 para os donos da casa, com gols de Lucas Barrios e Luan foi moralmente um empate. Isto, porque, a abertura do marcador pelo atacante Barrios, aconteceu depois de uma penalidade absurdamente inexistente. J\u00e1 no apagar das luzes, ap\u00f3s inclusive a expuls\u00e3o do treinador Milton Mendes, Luan completou o placar.<\/span><\/div>\n<div id=\"yui_3_16_0_ym19_1_1496074405026_519134\" style=\"text-align: justify;\"><span id=\"yui_3_16_0_ym19_1_1496074405026_519135\" style=\"font-size: 14.0pt; line-height: 107%; font-family: 'Arial',sans-serif;\">\u00a0\u00a0\u00a0 Sem moral mesmo est\u00e1 o Dom Charuto em permitir que um \u00e1rbitro do n\u00edvel de Sandro Meira Ricci (insuficiente e cheio de dolo contra o Cruzmaltino) continue apitando jogos do Gigante da Colina. Outrora \u2013 quando tinha for\u00e7a pol\u00edtica\/futebol\u00edstica \u2013 j\u00e1 teria tomado as provid\u00eancias cab\u00edveis. Por sua vez, o \u201cPr\u00edncipe Herdeiro\u201d certamente ter\u00e1 uma desculpinha em seu discurso mimimi.<\/span><\/div>\n<div id=\"yui_3_16_0_ym19_1_1496074405026_519137\" style=\"text-align: justify;\"><span id=\"yui_3_16_0_ym19_1_1496074405026_519138\" style=\"font-size: 14.0pt; line-height: 107%; font-family: 'Arial',sans-serif;\">\u00a0\u00a0\u00a0 N\u00e3o h\u00e1 a menor d\u00favida que o comandante tem o elenco nas m\u00e3os. A postura do Vasco \u00e9 outra. O time jogou em p\u00e9 de igualdade com o tricolor ga\u00facho. N\u00e3o fosse um p\u00eanalti inventado pela arbitragem o resultado da peleja deveria ser outro. Futebol \u00e9 caixinha de surpresas, mas \u00e9 quase certo afirmar que os cariocas trariam um ponto de Porto Alegre\/RS.<\/span><\/div>\n<div id=\"yui_3_16_0_ym19_1_1496074405026_519140\" style=\"text-align: justify;\"><span id=\"yui_3_16_0_ym19_1_1496074405026_519141\" style=\"font-size: 14.0pt; line-height: 107%; font-family: 'Arial',sans-serif;\">\u00a0\u00a0\u00a0 A verdade \u00e9 que um ponto pode fazer toda diferen\u00e7a. Muitas vezes uma equipe sagra-se campe\u00e3 por um ponto a mais. Cai para a Segunda Divis\u00e3o porque deixou de conquistar aquele pontinho que faltou. E n\u00e3o vai para a Libertadores exatamente por um ponto. Moral da hist\u00f3ria: de ponto em ponto se faz um campe\u00e3o!<\/span><\/div>\n<div id=\"yui_3_16_0_ym19_1_1496074405026_519143\" style=\"text-align: justify;\"><span id=\"yui_3_16_0_ym19_1_1496074405026_519144\" style=\"font-size: 14.0pt; line-height: 107%; font-family: 'Arial',sans-serif;\">\u00a0\u00a0\u00a0 Por\u00e9m, o time do Vasc\u00e3o est\u00e1 de parab\u00e9ns, cheio de moral. Atuou na ra\u00e7a, na t\u00e9cnica e, sobretudo, na t\u00e1tica como n\u00e3o se via h\u00e1 muito tempo. Sem moral, ali\u00e1s, imoral \u00e9 saber que Dom Charuto ter\u00e1 a cara de pau de concorrer \u00e0 reelei\u00e7\u00e3o, em novembro, a fim de continuar mamando na teta vasca\u00edna e n\u00e3o movendo uma palha em prol do crescimento do clube. Pelo contr\u00e1rio, faz todo o esfor\u00e7o para corroborar no apequenamento da marca Vasco da Gama a todo momento.<\/span><\/div>\n<div id=\"yui_3_16_0_ym19_1_1496074405026_519146\" style=\"text-align: justify;\"><span id=\"yui_3_16_0_ym19_1_1496074405026_519147\" style=\"font-size: 14.0pt; line-height: 107%; font-family: 'Arial',sans-serif;\">\u00a0\u00a0\u00a0 Agora \u00e9 pensar nos Gamb\u00e1s. Quarta-feira, dia 7 de junho, \u00e0s 21h45m, em S\u00e3o Janu\u00e1rio, ser\u00e1 obriga\u00e7\u00e3o do Mach\u00e3o da Gama conquistar os tr\u00eas pontos, uma vez, que atuar\u00e1 ao lado da Imensa Torcida Bem Feliz. Com o resultado de hoje, os pupilos de MM agora figuram na 10\u00aa posi\u00e7\u00e3o na tabela de classifica\u00e7\u00e3o da competi\u00e7\u00e3o.<\/span><\/div>\n<div id=\"yui_3_16_0_ym19_1_1496074405026_519149\" style=\"text-align: justify;\"><span id=\"yui_3_16_0_ym19_1_1496074405026_519150\" style=\"font-size: 14.0pt; line-height: 107%; font-family: 'Arial',sans-serif;\">\u00a0<\/span><\/div>\n<div id=\"yui_3_16_0_ym19_1_1496074405026_519152\" style=\"text-align: justify;\"><span id=\"yui_3_16_0_ym19_1_1496074405026_519153\" style=\"font-size: 14.0pt; line-height: 107%; font-family: 'Arial',sans-serif;\">\u00a0<\/span><\/div>\n<div id=\"yui_3_16_0_ym19_1_1496074405026_519155\" style=\"text-align: justify;\"><span id=\"yui_3_16_0_ym19_1_1496074405026_519156\" style=\"font-size: 14.0pt; line-height: 107%; font-family: 'Arial',sans-serif;\">\u00a0<\/span><\/div>\n<div id=\"yui_3_16_0_ym19_1_1496074405026_519158\" style=\"text-align: justify;\"><b id=\"yui_3_16_0_ym19_1_1496074405026_519159\"><u id=\"yui_3_16_0_ym19_1_1496074405026_519160\"><span id=\"yui_3_16_0_ym19_1_1496074405026_519161\" style=\"font-size: 14.0pt; line-height: 107%; font-family: 'Arial',sans-serif;\">PERPLEXO COM O PODER JUDICI\u00c1RIO:<\/span><\/u><\/b><\/div>\n<div id=\"yui_3_16_0_ym19_1_1496074405026_519163\" style=\"text-align: justify;\"><span id=\"yui_3_16_0_ym19_1_1496074405026_519164\" style=\"font-size: 14.0pt; line-height: 107%; font-family: 'Arial',sans-serif;\">DEPOIS DE AGUARDAR <b id=\"yui_3_16_0_ym19_1_1496074405026_519165\">47 MESES, OU SEJA, 3 ANOS E ONZE MESES (CARRO DESDE 10 DE JUNHO DE 2013)<\/b> COM O CARRO PRESO NA OFICINA DA ABOLI\u00c7\u00c3O VE\u00cdCULOS COM APENAS 729 KM RODADOS, EM UM PROCESSO COM 6 VOLUMES, NA 1\u00aa VARA CIVEL, DA COMARCA DE NITER\u00d3I\/RJ, REGIONAL OCE\u00c2NICA, A SENTEN\u00c7A FOI INDEFERIR TODOS OS MEUS PEDIDOS E AINDA CONDENAR EM 10% DE CUSTAS JUDICIAIS. OU SEJA, FIQUEI SEM CARRO ESSE TEMPO TODO (MESMO PAGANDO \u00c0 VISTA POR ELE), JUNTEI PROVAS COMO REGISTRO DE OCORR\u00caNCIA DA POL\u00cdCIA CIVIL\/RJ, BOLETIM DE OCORR\u00caNCIA DA POLICIA MILITAR\/RJ, ORDENS DE SERVI\u00c7O, MAIS DE 600 FOTOGRAFIAS, MAIS DE 40 \u00c1UDIOS, NOTAS FISCAIS, NOTAS DE T\u00c1XI, PRONTU\u00c1RIOS M\u00c9DICOS, POIS NESTE PER\u00cdODO TIVE PROBLEMAS DE SA\u00daDE, BEM COMO MEUS FAMILIARES, TENDO UMA FILHA QUE HOJE TEM APENAS 5 ANOS, NA \u00c9POCA POUCO MAIS DE 1 ANINHO. VALE LEMBRAR, QUE OS PRIMEIROS DEFEITOS SE DERAM QUANDO O CARRO TINHA MENOS DE 30 KM RODADOS. TUDO ISSO PARA NADA. QUEM GOSTOU DO RESULTADO DA DOUTA MAGRISTRADA FORAM AS EMPRESAS R\u00c9S \u2013 QUE ME LESARAM \u2013 ABOLI\u00c7\u00c3O VE\u00cdCULOS E VW DO BRASIL (PROCESSO: No 0016370-44.2013.8.19.0212).<\/span><\/div>\n<div id=\"yui_3_16_0_ym19_1_1496074405026_519167\" style=\"text-align: justify;\"><b id=\"yui_3_16_0_ym19_1_1496074405026_519168\"><span id=\"yui_3_16_0_ym19_1_1496074405026_519169\" style=\"font-size: 14.0pt; line-height: 107%; font-family: 'Arial',sans-serif;\">\u00a0<\/span><\/b><\/div>\n<div id=\"yui_3_16_0_ym19_1_1496074405026_519171\" style=\"text-align: justify;\"><b id=\"yui_3_16_0_ym19_1_1496074405026_519172\"><span id=\"yui_3_16_0_ym19_1_1496074405026_519173\" style=\"font-size: 14.0pt; line-height: 107%; font-family: 'Arial',sans-serif;\">\u00a0\u00a0\u00a0\u00a0\u00a0\u00a0\u00a0\u00a0\u00a0\u00a0\u00a0\u00a0\u00a0\u00a0 <\/span><\/b><\/div>\n<div id=\"yui_3_16_0_ym19_1_1496074405026_519175\" style=\"text-align: justify;\"><b id=\"yui_3_16_0_ym19_1_1496074405026_519176\"><span id=\"yui_3_16_0_ym19_1_1496074405026_519177\" style=\"font-size: 14.0pt; line-height: 107%; font-family: 'Arial',sans-serif;\">\u00a0\u00a0\u00a0\u00a0\u00a0\u00a0\u00a0\u00a0\u00a0\u00a0\u00a0\u00a0\u00a0\u00a0\u00a0\u00a0\u00a0\u00a0\u00a0\u00a0\u00a0 \u00a0\u00a0\u00a0\u00a0\u00a0\u00a0\u00a0\u00a0\u00a0<\/span><\/b><\/div>\n<div id=\"yui_3_16_0_ym19_1_1496074405026_519179\" style=\"text-align: justify;\"><b id=\"yui_3_16_0_ym19_1_1496074405026_519180\"><span id=\"yui_3_16_0_ym19_1_1496074405026_519181\" style=\"font-size: 14.0pt; line-height: 107%; font-family: 'Arial',sans-serif;\">AP\u00d3S AS TODAS AS PARTIDAS DO VASC\u00c3O EM MEU PERFIL DO FACEBOOK (QUEM QUISER RECEBER AS CR\u00d4NICAS DE PRIMEIRA M\u00c3O \u00c9 S\u00d3 ME ADICIONAR), E NO SITE WEBVASCO (<a href=\"http:\/\/www.webvasco.com\">www.webvasco.com<\/a>), TEM A OPINI\u00c3O DO JORNALISTA LUIZ CARLOS ROCHA. LEIAM! COMPARTILHEM E CURTAM! VASCA\u00cdNOS UNIDOS JAMAIS SER\u00c3O VENCIDOS.<\/span><\/b><\/div>\n<div id=\"yui_3_16_0_ym19_1_1496074405026_519183\" style=\"text-align: justify;\"><span id=\"yui_3_16_0_ym19_1_1496074405026_519184\" style=\"font-size: 14.0pt; line-height: 107%; font-family: 'Arial',sans-serif;\">\u00a0<\/span><\/div>\n<div id=\"yui_3_16_0_ym19_1_1496074405026_519186\" style=\"text-align: justify;\"><span id=\"yui_3_16_0_ym19_1_1496074405026_519187\" style=\"font-size: 14.0pt; line-height: 107%; font-family: 'Arial',sans-serif;\">\u00a0<\/span><\/div>\n<div id=\"yui_3_16_0_ym19_1_1496074405026_519189\" style=\"text-align: justify;\"><span id=\"yui_3_16_0_ym19_1_1496074405026_519190\" style=\"font-size: 14.0pt; line-height: 107%; font-family: 'Arial',sans-serif;\">\u00a0<\/span><\/div>\n<div id=\"yui_3_16_0_ym19_1_1496074405026_519192\" style=\"text-align: justify;\"><span id=\"yui_3_16_0_ym19_1_1496074405026_519193\" style=\"font-size: 14.0pt; line-height: 107%; font-family: 'Arial',sans-serif;\">\u00a0<\/span><\/div>\n<div id=\"yui_3_16_0_ym19_1_1496074405026_519195\" style=\"text-align: justify;\"><span id=\"yui_3_16_0_ym19_1_1496074405026_519196\" style=\"font-size: 14.0pt; line-height: 107%; font-family: 'Arial',sans-serif;\">\u00a0<\/span><\/div>\n<div id=\"yui_3_16_0_ym19_1_1496074405026_518948\"><\/div>\n<div id=\"yui_3_16_0_ym19_1_1496074405026_519198\" dir=\"ltr\" style=\"text-align: justify;\"><span id=\"yui_3_16_0_ym19_1_1496074405026_519199\" style=\"font-size: 14.0pt; line-height: 107%; font-family: 'Arial',sans-serif;\">\u00a0<\/span><\/div>\n<div><\/div>\n<div><\/div>\n<div><\/div>\n<div><\/div>\n<div><\/div>\n<div><\/div>\n<div id=\"yui_3_16_0_ym19_1_1496074405026_518909\"><\/div>\n<div id=\"yui_3_16_0_ym19_1_1496074405026_518914\" class=\"signature\"><\/div>\n<\/div>\n<\/div>\n<p>&nbsp;<\/p>\n","protected":false},"excerpt":{"rendered":"<p>\u00a0 \u00a0\u00a0\u00a0 Na partida que marcou a 4\u00aa Rodada do Campeonato Brasileiro, vers\u00e3o 2017, entre&#8230;<\/p>\n","protected":false},"author":7,"featured_media":0,"comment_status":"open","ping_status":"closed","sticky":false,"template":"","format":"standard","meta":{"footnotes":""},"categories":[4],"tags":[],"class_list":["post-8203","post","type-post","status-publish","format-standard","hentry","category-luizcarlosrocha"],"_links":{"self":[{"href":"https:\/\/webvasco.com\/artigos\/wp-json\/wp\/v2\/posts\/8203","targetHints":{"allow":["GET"]}}],"collection":[{"href":"https:\/\/webvasco.com\/artigos\/wp-json\/wp\/v2\/posts"}],"about":[{"href":"https:\/\/webvasco.com\/artigos\/wp-json\/wp\/v2\/types\/post"}],"author":[{"embeddable":true,"href":"https:\/\/webvasco.com\/artigos\/wp-json\/wp\/v2\/users\/7"}],"replies":[{"embeddable":true,"href":"https:\/\/webvasco.com\/artigos\/wp-json\/wp\/v2\/comments?post=8203"}],"version-history":[{"count":0,"href":"https:\/\/webvasco.com\/artigos\/wp-json\/wp\/v2\/posts\/8203\/revisions"}],"wp:attachment":[{"href":"https:\/\/webvasco.com\/artigos\/wp-json\/wp\/v2\/media?parent=8203"}],"wp:term":[{"taxonomy":"category","embeddable":true,"href":"https:\/\/webvasco.com\/artigos\/wp-json\/wp\/v2\/categories?post=8203"},{"taxonomy":"post_tag","embeddable":true,"href":"https:\/\/webvasco.com\/artigos\/wp-json\/wp\/v2\/tags?post=8203"}],"curies":[{"name":"wp","href":"https:\/\/api.w.org\/{rel}","templated":true}]}}