{"id":8204,"date":"2017-06-08T12:40:10","date_gmt":"2017-06-08T15:40:10","guid":{"rendered":"http:\/\/webvasco.com\/artigos\/?p=8204"},"modified":"2017-06-08T12:48:21","modified_gmt":"2017-06-08T15:48:21","slug":"parabns","status":"publish","type":"post","link":"https:\/\/webvasco.com\/artigos\/colunistas\/luizcarlosrocha\/parabns\/","title":{"rendered":"PARAB&Eacute;NS!"},"content":{"rendered":"<div>\n<div style=\"color:#000; background-color:#fff; font-family:Helvetica Neue, Helvetica, Arial, Lucida Grande, sans-serif;font-size:32px\">\n<div style=\"text-align:justify\" id=\"yui_3_16_0_1_1496722804909_250421\"><span style=\"font-size:14.0pt;line-height:107%;font-family:&quot;Arial&quot;,sans-serif\" id=\"yui_3_16_0_1_1496722804909_250422\">&nbsp; &nbsp; \u201cParab\u00e9ns pra voc\u00ea, nesta data querida,  muitas felicidades, muitos anos de vida&#8230;\u201d Fosse nos anos 80 e 90, certamente  essa cr\u00f4nica come\u00e7aria assim, devido as gl\u00f3rias, conquistas e alegrias que o  Vasco da Gama dava ao seu torcedor. Hoje, em 2017, ap\u00f3s tr\u00eas rebaixamentos para  a Segunda Divis\u00e3o, campanhas fracassadas, motivo de piadas em todos os lugares  e um presidente que \u00e9 uma com\u00e9dia, a Imensa Torcida Bem Sofrida cantaria: \u201cParab\u00e9ns  pra mim, que ainda dou moral, nenhuma felicidade, e pra voc\u00ea nem mais um ano de  vida (vida profissional)&#8230;\u201d<o:p id=\"yui_3_16_0_1_1496722804909_250423\"><\/o:p><\/span><\/div>\n<div style=\"text-align:justify\" id=\"yui_3_16_0_1_1496722804909_250424\"><span style=\"font-size:14.0pt;line-height:107%;font-family:&quot;Arial&quot;,sans-serif\" id=\"yui_3_16_0_1_1496722804909_250425\">&nbsp;&nbsp;&nbsp; Exatamente no dia em que o \u201ctodo poderoso\u201d  Dom Charuto completou 73 anos, o Gigante mostrou que se tornou An\u00e3o da Colina  sendo goleado sem d\u00f3 nem piedade por 5 a 2, em S\u00e3o Janu\u00e1rio, na presen\u00e7a de  16.298 iludidos.&nbsp; Marquinhos Gabriel  abriu o marcador. Ainda na etapa vestibular J\u00f4 driblou Martin Silva, acabando  com a reputa\u00e7\u00e3o do arqueiro e ampliou. A bronca de Milton Mendes surtiu efeito.  Em apenas dois minutos Lu\u00eds Fabiano empatou a partida que marcou a 5\u00aa Rodada do  Campeonato Brasileiro, naquele momento o torcedor mais apaixonado, no auge da  sua esperan\u00e7a gritou: \u201cO Vasco \u00e9 o time da virada. O Vasco \u00e9 o time do amor\u201d.<o:p id=\"yui_3_16_0_1_1496722804909_250426\"><\/o:p><\/span><\/div>\n<div style=\"text-align:justify\" id=\"yui_3_16_0_1_1496722804909_250427\"><span style=\"font-size:14.0pt;line-height:107%;font-family:&quot;Arial&quot;,sans-serif\" id=\"yui_3_16_0_1_1496722804909_250428\">&nbsp;&nbsp;&nbsp; Logo depois Maycon estancou a rea\u00e7\u00e3o  vasca\u00edna, marcando o terceiro gol para os Gamb\u00e1s. Depois Clayton definiu o  placar marcando dois gols e mostrou que o Vasco n\u00e3o \u00e9 mais uma equipe com poder  de reverter uma situa\u00e7\u00e3o, nem mesmo dentro de casa. Eurico Miranda ganhou o  presente que mereceu. H\u00e1 tempos vem destruindo o clube com atitudes erradas,  truculentas e sem qualquer sentido. Empregando fam\u00edlia e amigos t\u00e3o  incompetentes quanto ele. Por isso que ontem o bolo azedou!<o:p id=\"yui_3_16_0_1_1496722804909_250429\"><\/o:p><\/span><\/div>\n<div style=\"text-align:justify\" id=\"yui_3_16_0_1_1496722804909_250430\"><span style=\"font-size:14.0pt;line-height:107%;font-family:&quot;Arial&quot;,sans-serif\" id=\"yui_3_16_0_1_1496722804909_250431\">&nbsp;&nbsp;&nbsp; A \u00e1gua no chopp vem sendo colocada desde a sua  primeira gest\u00e3o \u2013 talvez por isso tenha faltado no clube (risos). Nessa festa \u00e0  fantasia (porque tem de tudo, palha\u00e7o, irm\u00e3os metralha, bobo da corte,  colombina, super-her\u00f3i, mafioso \u2013 ou seria mafeioso? \u2013 \u00edndio&#8230;) s\u00f3 n\u00e3o pode  faltar o padre para dar a extrema-un\u00e7\u00e3o para um time que est\u00e1 morto desde 2003!  <o:p id=\"yui_3_16_0_1_1496722804909_250432\"><\/o:p><\/span><\/div>\n<div style=\"text-align:justify\" id=\"yui_3_16_0_1_1496722804909_250433\"><span style=\"font-size:14.0pt;line-height:107%;font-family:&quot;Arial&quot;,sans-serif\" id=\"yui_3_16_0_1_1496722804909_250434\">&nbsp;&nbsp;&nbsp; Assim como Michel Temer que n\u00e3o governa  para a na\u00e7\u00e3o, o presidente Eurico Miranda e seus \u201cministros\u201d comeram caviar e  beberam champagne independente do resultado. Mas ofereceram kibe e chopp  batizado para o povo, digo torcedor. Lembrou a personagem do saudoso e  talentoso Chico Anysio, o pol\u00edtico Justo Ver\u00edssimo: \u201cEu quero que o povo se  exploda!\u201d<o:p id=\"yui_3_16_0_1_1496722804909_250435\"><\/o:p><\/span><\/div>\n<div style=\"text-align:justify\" id=\"yui_3_16_0_1_1496722804909_250436\"><span style=\"font-size:14.0pt;line-height:107%;font-family:&quot;Arial&quot;,sans-serif\" id=\"yui_3_16_0_1_1496722804909_250437\">&nbsp;&nbsp;&nbsp; A festa de anivers\u00e1rio de Dom Charuto s\u00f3  n\u00e3o foi mais completa porque o Tim\u00e3o teve piedade do que um dia se denominou de  Vasc\u00e3o. Porque se fosse 7 a 3 Corinthians em alus\u00e3o a idade do mandat\u00e1rio o  vexame seria pior. Exagero? N\u00e3o. Pelo apresentado ontem, n\u00e3o foi muito longe  disso. Ademais, MARquinhos MARcou o primeiro gol do jogo inaugurando o  MARcador. O que significa isso? Vai a resposta para o Tadeu Schmidt: Mais  Arrebentado e Rebaixado!<o:p id=\"yui_3_16_0_1_1496722804909_250438\"><\/o:p><\/span><\/div>\n<div style=\"text-align:justify\" id=\"yui_3_16_0_1_1496722804909_250439\"><span style=\"font-size:14.0pt;line-height:107%;font-family:&quot;Arial&quot;,sans-serif\" id=\"yui_3_16_0_1_1496722804909_250440\">&nbsp;&nbsp;&nbsp; S\u00e1bado, dia 10, o Cruzmaltino receber\u00e1 o  Sport, em S\u00e3o Janu\u00e1rio, \u00e0s 19h. \u00c9 mais do que obriga\u00e7\u00e3o vencer. Toda festa tem  a conclus\u00e3o com o canto final. Ent\u00e3o vamos ao protocolo. \u201cChegou a hora de  apagar a velhinha, n\u00e3o, digo, a velinha, vamos cantar aquela musiquinha&#8230;\u201d Chega  de sofrer. De ser humilhada. A Imensa Torcida Bem (in) Feliz precisa dar um  basta na administra\u00e7\u00e3o do velhinho. As elei\u00e7\u00f5es de novembro \u00e9 o instrumento  para isso. Chega de Dom Charuto e seus pupilos! \u201cVamos cantar aquela  musiquinha, parab\u00e9ns pra voc\u00ea, por ser t\u00e3o cara de pau\u201d, concluir\u00e1 o s\u00f3cio  votante nesta festa que j\u00e1 tem data para acabar!<o:p id=\"yui_3_16_0_1_1496722804909_250441\"><\/o:p><\/span><\/div>\n<div style=\"text-align:justify\" id=\"yui_3_16_0_1_1496722804909_250442\"><span style=\"font-size:14.0pt;line-height:107%;font-family:&quot;Arial&quot;,sans-serif\" id=\"yui_3_16_0_1_1496722804909_250443\"><o:p id=\"yui_3_16_0_1_1496722804909_250444\">&nbsp;<\/o:p><\/span><\/div>\n<div style=\"text-align:justify\" id=\"yui_3_16_0_1_1496722804909_250445\"><span style=\"font-size:14.0pt;line-height:107%;font-family:&quot;Arial&quot;,sans-serif\" id=\"yui_3_16_0_1_1496722804909_250446\"><o:p id=\"yui_3_16_0_1_1496722804909_250447\">&nbsp;<\/o:p><\/span><\/div>\n<div style=\"text-align:justify\" id=\"yui_3_16_0_1_1496722804909_250448\"><span style=\"font-size:14.0pt;line-height:107%;font-family:&quot;Arial&quot;,sans-serif\" id=\"yui_3_16_0_1_1496722804909_250449\"><o:p id=\"yui_3_16_0_1_1496722804909_250450\">&nbsp;<\/o:p><\/span><\/div>\n<div style=\"text-align:justify\" id=\"yui_3_16_0_1_1496722804909_250451\"><b id=\"yui_3_16_0_1_1496722804909_250452\"><u id=\"yui_3_16_0_1_1496722804909_250453\"><span style=\"font-size:14.0pt;line-height:107%;font-family:&quot;Arial&quot;,sans-serif\" id=\"yui_3_16_0_1_1496722804909_250454\">PERPLEXO  COM O PODER JUDICI\u00c1RIO:<o:p id=\"yui_3_16_0_1_1496722804909_250455\"><\/o:p><\/span><\/u><\/b><\/div>\n<div style=\"text-align:justify\" id=\"yui_3_16_0_1_1496722804909_250456\"><span style=\"font-size:14.0pt;line-height:107%;font-family:&quot;Arial&quot;,sans-serif\" id=\"yui_3_16_0_1_1496722804909_250457\">DEPOIS DE AGUARDAR <b id=\"yui_3_16_0_1_1496722804909_250458\">47 MESES, OU SEJA, 3 ANOS E ONZE MESES  (CARRO DESDE 10 DE JUNHO DE 2013)<\/b> COM O CARRO PRESO NA OFICINA DA ABOLI\u00c7\u00c3O  VE\u00cdCULOS COM APENAS 729 KM RODADOS, EM UM PROCESSO COM 6 VOLUMES, NA 1\u00aa VARA  CIVEL, DA COMARCA DE NITER\u00d3I\/RJ, REGIONAL OCE\u00c2NICA, A SENTEN\u00c7A FOI INDEFERIR  TODOS OS MEUS PEDIDOS E AINDA CONDENAR EM 10% DE CUSTAS JUDICIAIS. OU SEJA,  FIQUEI SEM CARRO ESSE TEMPO TODO (MESMO PAGANDO \u00c0 VISTA POR ELE), JUNTEI PROVAS  COMO REGISTRO DE OCORR\u00caNCIA DA POL\u00cdCIA CIVIL\/RJ, BOLETIM DE OCORR\u00caNCIA DA  POLICIA MILITAR\/RJ, ORDENS DE SERVI\u00c7O, MAIS DE 600 FOTOGRAFIAS, MAIS DE 40  \u00c1UDIOS, NOTAS FISCAIS, NOTAS DE T\u00c1XI, PRONTU\u00c1RIOS M\u00c9DICOS, POIS NESTE PER\u00cdODO  TIVE PROBLEMAS DE SA\u00daDE, BEM COMO MEUS FAMILIARES, TENDO UMA FILHA QUE HOJE TEM  APENAS 5 ANOS, NA \u00c9POCA POUCO MAIS DE 1 ANINHO. VALE LEMBRAR, QUE OS PRIMEIROS  DEFEITOS SE DERAM QUANDO O CARRO TINHA MENOS DE 30 KM RODADOS. TUDO ISSO PARA  NADA. QUEM GOSTOU DO RESULTADO DA DOUTA MAGRISTRADA FORAM AS EMPRESAS R\u00c9S \u2013 QUE  ME LESARAM \u2013 ABOLI\u00c7\u00c3O VE\u00cdCULOS E VW DO BRASIL (PROCESSO: No  0016370-44.2013.8.19.0212).<o:p id=\"yui_3_16_0_1_1496722804909_250459\"><\/o:p><\/span><\/div>\n<div style=\"text-align:justify\" id=\"yui_3_16_0_1_1496722804909_250460\"><b id=\"yui_3_16_0_1_1496722804909_250461\"><span style=\"font-size:14.0pt;line-height:107%;font-family:&quot;Arial&quot;,sans-serif\" id=\"yui_3_16_0_1_1496722804909_250462\">&nbsp;<o:p id=\"yui_3_16_0_1_1496722804909_250463\"><\/o:p><\/span><\/b><\/div>\n<div style=\"text-align:justify\" id=\"yui_3_16_0_1_1496722804909_250464\"><b id=\"yui_3_16_0_1_1496722804909_250465\"><span style=\"font-size:14.0pt;line-height:107%;font-family:&quot;Arial&quot;,sans-serif\" id=\"yui_3_16_0_1_1496722804909_250466\">&nbsp;&nbsp;&nbsp;&nbsp;&nbsp;&nbsp;&nbsp;&nbsp;&nbsp;&nbsp;&nbsp;&nbsp;&nbsp;&nbsp; <o:p id=\"yui_3_16_0_1_1496722804909_250467\"><\/o:p><\/span><\/b><\/div>\n<div style=\"text-align:justify\" id=\"yui_3_16_0_1_1496722804909_250468\"><b id=\"yui_3_16_0_1_1496722804909_250469\"><span style=\"font-size:14.0pt;line-height:107%;font-family:&quot;Arial&quot;,sans-serif\" id=\"yui_3_16_0_1_1496722804909_250470\">&nbsp;&nbsp;&nbsp;&nbsp;&nbsp;&nbsp;&nbsp;&nbsp;&nbsp;&nbsp;&nbsp;&nbsp;&nbsp;&nbsp;&nbsp;&nbsp;&nbsp;&nbsp;&nbsp;&nbsp;&nbsp; &nbsp;&nbsp;&nbsp;&nbsp;&nbsp;&nbsp;&nbsp;&nbsp;&nbsp;<o:p id=\"yui_3_16_0_1_1496722804909_250471\"><\/o:p><\/span><\/b><\/div>\n<div id=\"yui_3_16_0_1_1496722804909_250182\">                                                            <\/div>\n<div style=\"text-align:justify\" dir=\"ltr\" id=\"yui_3_16_0_1_1496722804909_250472\"><b id=\"yui_3_16_0_1_1496722804909_250473\"><span style=\"font-size:14.0pt;line-height:107%;font-family:&quot;Arial&quot;,sans-serif\" id=\"yui_3_16_0_1_1496722804909_250474\">AP\u00d3S  AS TODAS AS PARTIDAS DO VASC\u00c3O EM MEU PERFIL DO FACEBOOK (QUEM QUISER RECEBER  AS CR\u00d4NICAS DE PRIMEIRA M\u00c3O \u00c9 S\u00d3 ME ADICIONAR), E NO SITE WEBVASCO  (<a href=\"http:\/\/www.webvasco.com\">www.webvasco.com<\/a>), TEM A OPINI\u00c3O DO JORNALISTA LUIZ CARLOS ROCHA. LEIAM!  COMPARTILHEM E CURTAM! VASCA\u00cdNOS UNIDOS JAMAIS SER\u00c3O VENCIDOS.<o:p id=\"yui_3_16_0_1_1496722804909_250475\"><\/o:p><\/span><\/b><\/div>\n<div id=\"yui_3_16_0_1_1496722804909_250182\"><span><br \/><\/span><\/div>\n<div id=\"yui_3_16_0_1_1496722804909_250182\"><span><br \/><\/span><\/div>\n<div id=\"yui_3_16_0_1_1496722804909_250182\"><span><br \/><\/span><\/div>\n<div><\/div>\n<div id=\"yui_3_16_0_1_1496722804909_250181\">&nbsp;<\/div>\n<div class=\"signature\" id=\"yui_3_16_0_1_1496722804909_250179\">\n<div id=\"RTEContent\">\n<div id=\"yui_3_16_0_1_1496722804909_250178\">\n<div id=\"yui_3_16_0_1_1496722804909_250177\">\n<div id=\"yui_3_16_0_1_1496722804909_250176\">\n<div align=\"center\" id=\"yui_3_16_0_1_1496722804909_250180\"><\/div>\n<\/div>\n<\/div>\n<\/div>\n<\/div>\n<\/div>\n<\/div>\n<\/div>\n<p><\/p>\n","protected":false},"excerpt":{"rendered":"<p>&nbsp; &nbsp; \u201cParab\u00e9ns pra voc\u00ea, nesta data querida, muitas felicidades, muitos anos de vida&#8230;\u201d Fosse&#8230;<\/p>\n","protected":false},"author":7,"featured_media":0,"comment_status":"open","ping_status":"closed","sticky":false,"template":"","format":"standard","meta":{"footnotes":""},"categories":[4],"tags":[],"class_list":["post-8204","post","type-post","status-publish","format-standard","hentry","category-luizcarlosrocha"],"_links":{"self":[{"href":"https:\/\/webvasco.com\/artigos\/wp-json\/wp\/v2\/posts\/8204","targetHints":{"allow":["GET"]}}],"collection":[{"href":"https:\/\/webvasco.com\/artigos\/wp-json\/wp\/v2\/posts"}],"about":[{"href":"https:\/\/webvasco.com\/artigos\/wp-json\/wp\/v2\/types\/post"}],"author":[{"embeddable":true,"href":"https:\/\/webvasco.com\/artigos\/wp-json\/wp\/v2\/users\/7"}],"replies":[{"embeddable":true,"href":"https:\/\/webvasco.com\/artigos\/wp-json\/wp\/v2\/comments?post=8204"}],"version-history":[{"count":0,"href":"https:\/\/webvasco.com\/artigos\/wp-json\/wp\/v2\/posts\/8204\/revisions"}],"wp:attachment":[{"href":"https:\/\/webvasco.com\/artigos\/wp-json\/wp\/v2\/media?parent=8204"}],"wp:term":[{"taxonomy":"category","embeddable":true,"href":"https:\/\/webvasco.com\/artigos\/wp-json\/wp\/v2\/categories?post=8204"},{"taxonomy":"post_tag","embeddable":true,"href":"https:\/\/webvasco.com\/artigos\/wp-json\/wp\/v2\/tags?post=8204"}],"curies":[{"name":"wp","href":"https:\/\/api.w.org\/{rel}","templated":true}]}}