{"id":8205,"date":"2017-06-11T15:01:21","date_gmt":"2017-06-11T18:01:21","guid":{"rendered":"http:\/\/webvasco.com\/artigos\/?p=8205"},"modified":"2017-06-11T15:10:52","modified_gmt":"2017-06-11T18:10:52","slug":"venceu-por-sport","status":"publish","type":"post","link":"https:\/\/webvasco.com\/artigos\/colunistas\/luizcarlosrocha\/venceu-por-sport\/","title":{"rendered":"VENCEU POR SPORT!"},"content":{"rendered":"<div>\n<div style=\"color:#000; background-color:#fff; font-family:Helvetica Neue, Helvetica, Arial, Lucida Grande, sans-serif;font-size:32px\">\n<div style=\"text-align:justify\" id=\"yui_3_16_0_1_1496722804909_393609\"><span style=\"font-size:14.0pt;line-height:107%;font-family:&quot;Arial&quot;,sans-serif\" id=\"yui_3_16_0_1_1496722804909_393610\">&nbsp; &nbsp; Ontem, em S\u00e3o Janu\u00e1rio, na partida v\u00e1lida  pela Sexta Rodada, do Campeonato Brasileiro, vers\u00e3o 2017, o Vasco da Gama  venceu o Sport Club do Recife, pelo placar de 2 a 1. Para o time da casa  marcaram Lu\u00eds Fabiano e Douglas. Descontou Andr\u00e9. Com o resultado o Gigante da  Colina subiu para oitavo na tabela de classifica\u00e7\u00e3o da competi\u00e7\u00e3o, com nove  pontos ganhos. \u00c9 preciso analisar somente porque todo jogo tem uma penalidade  m\u00e1xima marcada em desfavor!<o:p id=\"yui_3_16_0_1_1496722804909_393611\"><\/o:p><\/span><\/div>\n<div style=\"text-align:justify\" id=\"yui_3_16_0_1_1496722804909_393612\"><span style=\"font-size:14.0pt;line-height:107%;font-family:&quot;Arial&quot;,sans-serif\" id=\"yui_3_16_0_1_1496722804909_393613\">&nbsp;&nbsp;&nbsp; Aos poucos o treinador Milton Mendes vai  acertando a equipe, dando forma e volume de trabalho. Querido por todo o plantel  e de bem com a Imensa Torcida Bem Feliz (afinal, ela entende que o comandante  faz al\u00e9m do que pode, dado as limita\u00e7\u00f5es do elenco), se terminasse hoje a  peleja mais importante \u2013 em termos futebol\u00edsticos \u2013 do Brasil, o Cruzmaltino  n\u00e3o daria o tal vexame esperado pelos pobres advers\u00e1rios do Rio de Janeiro,  leia-se Tricoletes e Exclu\u00eddos.<o:p id=\"yui_3_16_0_1_1496722804909_393614\"><\/o:p><\/span><\/div>\n<div style=\"text-align:justify\" id=\"yui_3_16_0_1_1496722804909_393615\"><span style=\"font-size:14.0pt;line-height:107%;font-family:&quot;Arial&quot;,sans-serif\" id=\"yui_3_16_0_1_1496722804909_393616\">&nbsp;&nbsp;&nbsp; Sendo, que a luta continuar\u00e1. Na  quarta-feira, dia 14, \u00e0s 21h 45m, na Arena Cond\u00e1, os Pupilos de MM, enfrentar\u00e3o  a Chapecoense, com todo aquele apelo de ser atualmente o segundo time de todo  brasileiro, mais do que isso, a equipe cuti-cuti do pa\u00eds. Mesmo assim, o Vasco jogar\u00e1  ofensivamente, buscando os tr\u00eas pontos.<o:p id=\"yui_3_16_0_1_1496722804909_393617\"><\/o:p><\/span><\/div>\n<div style=\"text-align:justify\" id=\"yui_3_16_0_1_1496722804909_393618\"><span style=\"font-size:14.0pt;line-height:107%;font-family:&quot;Arial&quot;,sans-serif\" id=\"yui_3_16_0_1_1496722804909_393619\">&nbsp;&nbsp;&nbsp; Quem deve ter ficado bem incomodado ontem,  na Colina, foi Dom Charuto. Afinal, o torcedor em massa (presentes: 10.275 pagantes:  9.485) gritou: \u201cFora Eurico!\u201d. Mesmo com o resultado positivo, o torcedor est\u00e1  cada vez mais esclarecido, e entendeu que futebol pode at\u00e9 ser um momento, mas  a imagem de um clube n\u00e3o. Com certeza os s\u00f3cios votantes mostrar\u00e3o &#8211; em  novembro &#8211; a Dom Charuto e sua trupe que n\u00e3o desejam mais o apequenamento do  Vasco com sua gest\u00e3o insatisfat\u00f3ria. Enfim, o Gigante da Colina est\u00e1 acordando.  <o:p id=\"yui_3_16_0_1_1496722804909_393620\"><\/o:p><\/span><\/div>\n<div style=\"text-align:justify\" id=\"yui_3_16_0_1_1496722804909_393621\"><b id=\"yui_3_16_0_1_1496722804909_393622\"><u id=\"yui_3_16_0_1_1496722804909_393623\"><span style=\"font-size:20.0pt;line-height:107%;font-family:&quot;Arial&quot;,sans-serif\" id=\"yui_3_16_0_1_1496722804909_393624\">VERGONHA  (4 ANOS!):<o:p id=\"yui_3_16_0_1_1496722804909_393625\"><\/o:p><\/span><\/u><\/b><\/div>\n<div style=\"text-align:justify\" id=\"yui_3_16_0_1_1496722804909_393626\"><span style=\"font-size:14.0pt;line-height:107%;font-family:&quot;Arial&quot;,sans-serif\" id=\"yui_3_16_0_1_1496722804909_393627\">DEPOIS DE AGUARDAR <b id=\"yui_3_16_0_1_1496722804909_393628\">48 MESES, OU SEJA, 4 ANOS! &nbsp;(CARRO DESDE 10 DE JUNHO DE 2013)<\/b> COM O  CARRO PRESO NA OFICINA DA ABOLI\u00c7\u00c3O VE\u00cdCULOS COM APENAS 729 KM RODADOS, EM UM  PROCESSO COM 8 VOLUMES, NA 1\u00aa VARA CIVEL, DA COMARCA DE NITER\u00d3I\/RJ, REGIONAL  OCE\u00c2NICA, A SENTEN\u00c7A FOI INDEFERIR TODOS OS MEUS PEDIDOS E AINDA CONDENAR EM  10% DE CUSTAS JUDICIAIS. OU SEJA, FIQUEI SEM CARRO ESSE TEMPO TODO (MESMO  PAGANDO \u00c0 VISTA POR ELE), JUNTEI PROVAS COMO REGISTRO DE OCORR\u00caNCIA DA POL\u00cdCIA  CIVIL\/RJ, BOLETIM DE OCORR\u00caNCIA DA POLICIA MILITAR\/RJ, ORDENS DE SERVI\u00c7O, MAIS  DE 600 FOTOGRAFIAS, MAIS DE 40 \u00c1UDIOS, NOTAS FISCAIS, NOTAS DE T\u00c1XI,  PRONTU\u00c1RIOS M\u00c9DICOS, POIS NESTE PER\u00cdODO TIVE PROBLEMAS DE SA\u00daDE, BEM COMO MEUS  FAMILIARES, TENDO UMA FILHA QUE HOJE TEM APENAS 5 ANOS, NA \u00c9POCA POUCO MAIS DE  1 ANINHO. VALE LEMBRAR, QUE OS PRIMEIROS DEFEITOS SE DERAM QUANDO O CARRO TINHA  MENOS DE 30 KM RODADOS. TUDO ISSO PARA NADA. QUEM GOSTOU DO RESULTADO DA DOUTA  MAGRISTRADA FORAM AS EMPRESAS R\u00c9S \u2013 QUE ME LESARAM \u2013 ABOLI\u00c7\u00c3O VE\u00cdCULOS E VW DO  BRASIL (PROCESSO: No 0016370-44.2013.8.19.0212).<o:p id=\"yui_3_16_0_1_1496722804909_393629\"><\/o:p><\/span><\/div>\n<div style=\"text-align:justify\" id=\"yui_3_16_0_1_1496722804909_393630\"><b id=\"yui_3_16_0_1_1496722804909_393631\"><span style=\"font-size:14.0pt;line-height:107%;font-family:&quot;Arial&quot;,sans-serif\" id=\"yui_3_16_0_1_1496722804909_393632\">&nbsp;<o:p id=\"yui_3_16_0_1_1496722804909_393633\"><\/o:p><\/span><\/b><\/div>\n<div style=\"text-align:justify\" id=\"yui_3_16_0_1_1496722804909_393634\"><b id=\"yui_3_16_0_1_1496722804909_393635\"><span style=\"font-size:14.0pt;line-height:107%;font-family:&quot;Arial&quot;,sans-serif\" id=\"yui_3_16_0_1_1496722804909_393636\">&nbsp;&nbsp;&nbsp;&nbsp;&nbsp;&nbsp;&nbsp;&nbsp;&nbsp;&nbsp;&nbsp;&nbsp;&nbsp;&nbsp; <o:p id=\"yui_3_16_0_1_1496722804909_393637\"><\/o:p><\/span><\/b><\/div>\n<div style=\"text-align:justify\" id=\"yui_3_16_0_1_1496722804909_393638\"><b id=\"yui_3_16_0_1_1496722804909_393639\"><span style=\"font-size:14.0pt;line-height:107%;font-family:&quot;Arial&quot;,sans-serif\" id=\"yui_3_16_0_1_1496722804909_393640\">&nbsp;&nbsp;&nbsp;&nbsp;&nbsp;&nbsp;&nbsp;&nbsp;&nbsp;&nbsp;&nbsp;&nbsp;&nbsp; &nbsp;&nbsp;&nbsp;&nbsp;&nbsp;&nbsp;&nbsp;&nbsp;&nbsp;&nbsp;&nbsp;&nbsp;&nbsp;&nbsp;&nbsp;&nbsp;&nbsp;<o:p id=\"yui_3_16_0_1_1496722804909_393641\"><\/o:p><\/span><\/b><\/div>\n<div style=\"text-align:justify\" id=\"yui_3_16_0_1_1496722804909_393642\"><b id=\"yui_3_16_0_1_1496722804909_393643\"><span style=\"font-size:14.0pt;line-height:107%;font-family:&quot;Arial&quot;,sans-serif\" id=\"yui_3_16_0_1_1496722804909_393644\">AP\u00d3S  AS TODAS AS PARTIDAS DO VASC\u00c3O EM MEU PERFIL DO FACEBOOK (QUEM QUISER RECEBER  AS CR\u00d4NICAS DE PRIMEIRA M\u00c3O \u00c9 S\u00d3 ME ADICIONAR), E NO SITE WEBVASCO  (<a href=\"http:\/\/www.webvasco.com\">www.webvasco.com<\/a>), TEM A OPINI\u00c3O DO JORNALISTA LUIZ CARLOS ROCHA. LEIAM!  COMPARTILHEM E CURTAM! VASCA\u00cdNOS UNIDOS JAMAIS SER\u00c3O VENCIDOS.<o:p id=\"yui_3_16_0_1_1496722804909_393645\"><\/o:p><\/span><\/b><\/div>\n<div style=\"text-align:justify\" id=\"yui_3_16_0_1_1496722804909_393646\"><span style=\"font-size:14.0pt;line-height:107%;font-family:&quot;Arial&quot;,sans-serif\" id=\"yui_3_16_0_1_1496722804909_393647\"><o:p id=\"yui_3_16_0_1_1496722804909_393648\">&nbsp;<\/o:p><\/span><\/div>\n<div style=\"text-align:justify\" id=\"yui_3_16_0_1_1496722804909_393649\"><span style=\"font-size:14.0pt;line-height:107%;font-family:&quot;Arial&quot;,sans-serif\" id=\"yui_3_16_0_1_1496722804909_393650\"><o:p id=\"yui_3_16_0_1_1496722804909_393651\">&nbsp;<\/o:p><\/span><\/div>\n<div style=\"text-align:justify\" id=\"yui_3_16_0_1_1496722804909_393652\"><span style=\"font-size:14.0pt;line-height:107%;font-family:&quot;Arial&quot;,sans-serif\" id=\"yui_3_16_0_1_1496722804909_393653\"><o:p id=\"yui_3_16_0_1_1496722804909_393654\">&nbsp;<\/o:p><\/span><\/div>\n<div style=\"text-align:justify\" id=\"yui_3_16_0_1_1496722804909_393655\"><span style=\"font-size:14.0pt;line-height:107%;font-family:&quot;Arial&quot;,sans-serif\" id=\"yui_3_16_0_1_1496722804909_393656\"><o:p id=\"yui_3_16_0_1_1496722804909_393657\">&nbsp;<\/o:p><\/span><\/div>\n<div style=\"text-align:justify\" id=\"yui_3_16_0_1_1496722804909_393658\"><span style=\"font-size:14.0pt;line-height:107%;font-family:&quot;Arial&quot;,sans-serif\" id=\"yui_3_16_0_1_1496722804909_393659\"><o:p id=\"yui_3_16_0_1_1496722804909_393660\">&nbsp;<\/o:p><\/span><\/div>\n<div id=\"yui_3_16_0_1_1496722804909_393424\">                                                            <\/div>\n<div style=\"text-align:justify\" dir=\"ltr\" id=\"yui_3_16_0_1_1496722804909_393661\"><span style=\"font-size:14.0pt;line-height:107%;font-family:&quot;Arial&quot;,sans-serif\" id=\"yui_3_16_0_1_1496722804909_393662\"><o:p id=\"yui_3_16_0_1_1496722804909_393663\">&nbsp;<\/o:p><\/span><\/div>\n<div align=\"center\" style=\"text-align:center\" dir=\"ltr\" id=\"yui_3_16_0_1_1496722804909_393471\"><\/div>\n<div id=\"yui_3_16_0_1_1496722804909_393422\"><span><br \/><\/span><\/div>\n<div id=\"yui_3_16_0_1_1496722804909_393429\"><span><br \/><\/span><\/div>\n<div><\/div>\n<div id=\"yui_3_16_0_1_1496722804909_393339\">&nbsp;<\/div>\n<div class=\"signature\" id=\"yui_3_16_0_1_1496722804909_393346\">\n<div id=\"RTEContent\">\n<div id=\"yui_3_16_0_1_1496722804909_393345\">\n<div id=\"yui_3_16_0_1_1496722804909_393344\">\n<div id=\"yui_3_16_0_1_1496722804909_393343\">\n<div align=\"center\" id=\"yui_3_16_0_1_1496722804909_393342\"><\/div>\n<\/div>\n<\/div>\n<\/div>\n<\/div>\n<\/div>\n<\/div>\n<\/div>\n<p><\/p>\n","protected":false},"excerpt":{"rendered":"<p>&nbsp; &nbsp; Ontem, em S\u00e3o Janu\u00e1rio, na partida v\u00e1lida pela Sexta Rodada, do Campeonato Brasileiro,&#8230;<\/p>\n","protected":false},"author":7,"featured_media":0,"comment_status":"open","ping_status":"closed","sticky":false,"template":"","format":"standard","meta":{"footnotes":""},"categories":[4],"tags":[],"class_list":["post-8205","post","type-post","status-publish","format-standard","hentry","category-luizcarlosrocha"],"_links":{"self":[{"href":"https:\/\/webvasco.com\/artigos\/wp-json\/wp\/v2\/posts\/8205","targetHints":{"allow":["GET"]}}],"collection":[{"href":"https:\/\/webvasco.com\/artigos\/wp-json\/wp\/v2\/posts"}],"about":[{"href":"https:\/\/webvasco.com\/artigos\/wp-json\/wp\/v2\/types\/post"}],"author":[{"embeddable":true,"href":"https:\/\/webvasco.com\/artigos\/wp-json\/wp\/v2\/users\/7"}],"replies":[{"embeddable":true,"href":"https:\/\/webvasco.com\/artigos\/wp-json\/wp\/v2\/comments?post=8205"}],"version-history":[{"count":0,"href":"https:\/\/webvasco.com\/artigos\/wp-json\/wp\/v2\/posts\/8205\/revisions"}],"wp:attachment":[{"href":"https:\/\/webvasco.com\/artigos\/wp-json\/wp\/v2\/media?parent=8205"}],"wp:term":[{"taxonomy":"category","embeddable":true,"href":"https:\/\/webvasco.com\/artigos\/wp-json\/wp\/v2\/categories?post=8205"},{"taxonomy":"post_tag","embeddable":true,"href":"https:\/\/webvasco.com\/artigos\/wp-json\/wp\/v2\/tags?post=8205"}],"curies":[{"name":"wp","href":"https:\/\/api.w.org\/{rel}","templated":true}]}}