{"id":8207,"date":"2017-06-13T11:05:21","date_gmt":"2017-06-13T14:05:21","guid":{"rendered":"http:\/\/webvasco.com\/artigos\/?p=8207"},"modified":"2017-06-13T11:16:39","modified_gmt":"2017-06-13T14:16:39","slug":"editorial-webvasco-o-vasco-e-um-so","status":"publish","type":"post","link":"https:\/\/webvasco.com\/artigos\/temas\/editoriais\/editorial-webvasco-o-vasco-e-um-so\/","title":{"rendered":"EDITORIAL WEBVASCO &#8211; O VASCO \u00c9 UM S\u00d3!"},"content":{"rendered":"<p>O grupo Webvasco, atrav\u00e9s deste editorial, comunica a seus leitores e amigos seu pensamento a respeito dos recentes epis\u00f3dios ocorridos no Club de Regatas Vasco da Gama.<\/p>\n<p>Lamentamos, acima de tudo, que disputas pol\u00edticas em nossa institui\u00e7\u00e3o est\u00e3o levantando bandeiras que s\u00e3o diametralmente contr\u00e1rias a toda a brilhante hist\u00f3ria constru\u00edda por nossos antepassados em tr\u00eas diferentes s\u00e9culos. Toda institui\u00e7\u00e3o possui uma &#8220;alma&#8221;. Essa alma foi forjada por vasca\u00ednos hist\u00f3ricos que lutaram contra o preconceito e os erros, principalmente se opondo \u00e0queles que vieram do topo da pir\u00e2mide da sociedade carioca querendo manter o futebol como um esporte de elite. O Vasco da Gama sempre foi pioneiro em tudo, e d\u00e9cadas antes da express\u00e3o &#8220;inclus\u00e3o social&#8221; ter a conota\u00e7\u00e3o que possui atualmente, nossa institui\u00e7\u00e3o j\u00e1 dava brilhantes exemplos do que hoje tanto nos orgulhamos.<\/p>\n<p>Portanto, sem precisar nos alongar na hist\u00f3ria de nosso clube (bem conhecida por todos n\u00f3s), <strong>lamentamos profundamente os recentes acontecimentos<\/strong>. Nuvens acinzentadas est\u00e3o ocupando os c\u00e9us de nossa institui\u00e7\u00e3o. Gritos que n\u00e3o condizem com nossas ra\u00edzes s\u00e3o ecoados nas arquibancadas que outrora reverberavam a uni\u00e3o das ra\u00e7as e classes sociais. S\u00f3cios s\u00e3o expulsos das sociais sob a justificativa da letra de nosso estatuto.<\/p>\n<p>Como institui\u00e7\u00e3o, o Webvasco n\u00e3o tem, n\u00e3o teve e nem ter\u00e1 posi\u00e7\u00e3o partid\u00e1ria. O Webvasco n\u00e3o tem linha editorial perfilada com quaisquer\u00a0grupos pol\u00edticos de nosso clube. Somos apartid\u00e1rios&#8230; Mas n\u00e3o somos apol\u00edticos! Exatamente por isso, entre nossos colunistas, leitores, grupos de redes sociais e amigos, <strong>pregamos o livre debate de ideias e posicionamentos pol\u00edticos &#8211; os mesmos ideais de nossa amada institui\u00e7\u00e3o<\/strong>. Portanto, n\u00e3o \u00e9 admiss\u00edvel, e conhecendo as bases sob as quais nossos fundadores constru\u00edram nossa institui\u00e7\u00e3o, que estejamos vendo essas lutas fratricidas! Somos todos irm\u00e3os na Cruz de Cristo! <strong>Um vasca\u00edno n\u00e3o agride outro vasca\u00edno! Podemos divergir em ideias, e at\u00e9 formar grupos com afinidades diversas, mas jamais brigar entre n\u00f3s<\/strong>.<\/p>\n<p>Tamb\u00e9m baseado nos ideais de nossos fundadores, n\u00e3o podemos entender como aceit\u00e1vel que o clube esteja chegando a uma situa\u00e7\u00e3o limite, onde s\u00f3cios e torcedores s\u00e3o colocados por seguran\u00e7as da casa para fora do est\u00e1dio. O clube, atrav\u00e9s de sua administra\u00e7\u00e3o, n\u00e3o deveria minimizar o ocorrido como sendo um fato isolado da oposi\u00e7\u00e3o. E, mesmo admitindo que seja, <strong>n\u00e3o podemos acreditar que essas vozes<\/strong>, presentes n\u00e3o apenas nas sociais, mas tamb\u00e9m nas arquibancadas, <strong>sejam compostas por radicais<\/strong> que fazem <strong>oposi\u00e7\u00e3o apenas pela oposi\u00e7\u00e3o<\/strong>, como se &#8220;Black Blocs&#8221; fossem. <strong>N\u00e3o!!!<\/strong> N\u00e3o podemos, e nem devemos, enxergar eles dessa maneira!<\/p>\n<p>Por outro lado, <strong>humildade e di\u00e1logo<\/strong> podem at\u00e9 parecer palavras gastas em nossa sociedade, mas os <strong>valores<\/strong> que esses termos possuem s\u00e3o <strong>gigantescos e jamais ser\u00e3o esvaziados<\/strong>. E esses valores s\u00e3o os que precisam voltar a dominar as a\u00e7\u00f5es em nosso clube. N\u00e3o \u00e9, por exemplo, exigindo que um grupo de um esporte que tanto trouxe orgulho ao torcedor vasca\u00edno seja obrigado a deixar de usar nosso s\u00edmbolo mais sagrado e que representa tanto para aqueles atletas! Mareja nossos olhos saber que o Vasco Patriotas FA passar\u00e1 a se chamar doravante de apenas Patriotas FA. <strong>Isso \u00e9 uma decis\u00e3o que n\u00e3o podemos aceitar com satisfa\u00e7\u00e3o, independente de apoiarmos ou n\u00e3o quem a tomou<\/strong>!<\/p>\n<p>O que est\u00e1 havendo ent\u00e3o, amigo vasca\u00edno?<\/p>\n<p><strong>O momento \u00e9 de reflex\u00e3o<\/strong>. Precisamos nos <strong>despojar de radicalismos<\/strong> e pensar em qual Vasco da Gama n\u00f3s queremos para o s\u00e9culo XXI. <strong>E n\u00e3o nos parece que esse clube que vemos hoje esteja sendo admirado e motivo de orgulho pelos nossos fundadores, onde quer que eles estejam nos observando<\/strong>. Precisamos pensar a institui\u00e7\u00e3o com seriedade, sem vaidades pessoais, nem orgulhos e tampouco radicalismos. Nossos maiores advers\u00e1rios adotam a estrat\u00e9gia do &#8220;<em>vencer a qualquer pre\u00e7o<\/em>&#8220;, e n\u00e3o hesitam em &#8220;<em>usar que meios forem<\/em>&#8221; para <strong>impor seus interesses<\/strong>. \u00c9 esse o paradigma que queremos adotar para nosso clube? <strong>Que modelo afinal admiramos<\/strong>?<\/p>\n<p>Ou\u00e7amos, portanto, o que nosso cora\u00e7\u00e3o nos diz! O s\u00e9culo XXI prop\u00f5e a <strong>Uni\u00e3o, e n\u00e3o a Divis\u00e3o<\/strong>. <strong>Quem pratica a divis\u00e3o n\u00e3o est\u00e1 em sintonia com os ideais de nossa Institui\u00e7\u00e3o<\/strong>! Que Deus fa\u00e7a a Cruz de Cristo, que brilha em nosso manto sagrado sobre os nossos cora\u00e7\u00f5es, orientar\u00a0os vasca\u00ednos qual \u00e9 o melhor caminho a seguir.<\/p>\n<p>Equipe Webvasco<\/p>\n","protected":false},"excerpt":{"rendered":"<p>O grupo Webvasco, atrav\u00e9s deste editorial, comunica a seus leitores e amigos seu pensamento a&#8230;<\/p>\n","protected":false},"author":1,"featured_media":0,"comment_status":"open","ping_status":"closed","sticky":false,"template":"","format":"standard","meta":{"footnotes":""},"categories":[26],"tags":[],"class_list":["post-8207","post","type-post","status-publish","format-standard","hentry","category-editoriais"],"_links":{"self":[{"href":"https:\/\/webvasco.com\/artigos\/wp-json\/wp\/v2\/posts\/8207","targetHints":{"allow":["GET"]}}],"collection":[{"href":"https:\/\/webvasco.com\/artigos\/wp-json\/wp\/v2\/posts"}],"about":[{"href":"https:\/\/webvasco.com\/artigos\/wp-json\/wp\/v2\/types\/post"}],"author":[{"embeddable":true,"href":"https:\/\/webvasco.com\/artigos\/wp-json\/wp\/v2\/users\/1"}],"replies":[{"embeddable":true,"href":"https:\/\/webvasco.com\/artigos\/wp-json\/wp\/v2\/comments?post=8207"}],"version-history":[{"count":3,"href":"https:\/\/webvasco.com\/artigos\/wp-json\/wp\/v2\/posts\/8207\/revisions"}],"predecessor-version":[{"id":8210,"href":"https:\/\/webvasco.com\/artigos\/wp-json\/wp\/v2\/posts\/8207\/revisions\/8210"}],"wp:attachment":[{"href":"https:\/\/webvasco.com\/artigos\/wp-json\/wp\/v2\/media?parent=8207"}],"wp:term":[{"taxonomy":"category","embeddable":true,"href":"https:\/\/webvasco.com\/artigos\/wp-json\/wp\/v2\/categories?post=8207"},{"taxonomy":"post_tag","embeddable":true,"href":"https:\/\/webvasco.com\/artigos\/wp-json\/wp\/v2\/tags?post=8207"}],"curies":[{"name":"wp","href":"https:\/\/api.w.org\/{rel}","templated":true}]}}