{"id":8211,"date":"2017-06-15T14:21:53","date_gmt":"2017-06-15T17:21:53","guid":{"rendered":"http:\/\/webvasco.com\/artigos\/?p=8211"},"modified":"2017-06-15T14:28:47","modified_gmt":"2017-06-15T17:28:47","slug":"sinal-verde","status":"publish","type":"post","link":"https:\/\/webvasco.com\/artigos\/colunistas\/luizcarlosrocha\/sinal-verde\/","title":{"rendered":"SINAL VERDE!"},"content":{"rendered":"<div>\n<div style=\"color:#000; background-color:#fff; font-family:Helvetica Neue, Helvetica, Arial, Lucida Grande, sans-serif;font-size:32px\">\n<div style=\"text-align:justify\" id=\"yui_3_16_0_1_1496722804909_740775\"><span style=\"font-size:14.0pt;line-height:107%;font-family:&quot;Arial&quot;,sans-serif\" id=\"yui_3_16_0_1_1496722804909_740776\">Ontem, na Arena Conda, o Vasco  da Gama levou um baile da Chapecoense. N\u00e3o foi s\u00f3 no placar de 2 a 1 para o  time da casa. A S\u00e9tima Rodada do Campeonato Brasileiro serviu tamb\u00e9m para a equipe  carioca ligar o alerta pelo p\u00e9ssimo futebol apresentado. Para a Chape marcaram  Andrei Girotto e Arthur. Descontou Jean.<o:p id=\"yui_3_16_0_1_1496722804909_740777\"><\/o:p><\/span><\/div>\n<div style=\"text-align:justify\" id=\"yui_3_16_0_1_1496722804909_740778\"><span style=\"font-size:14.0pt;line-height:107%;font-family:&quot;Arial&quot;,sans-serif\" id=\"yui_3_16_0_1_1496722804909_740779\">&nbsp;&nbsp;&nbsp; Com o resultado negativo o Cruzmaltino  segue sem pontuar fora de casa, e de quebra caiu para a 12\u00aa posi\u00e7\u00e3o na tabela  de classifica\u00e7\u00e3o da competi\u00e7\u00e3o, com m\u00edseros 9 pontos ganhos apenas, em 21  disputados. Um verdadeiro absurdo para um clube que det\u00e9m conquistas, tais como  Libertadores, RJ-SP, Copa do Brasil, Sul Americano, Mercosul&#8230;<o:p id=\"yui_3_16_0_1_1496722804909_740780\"><\/o:p><\/span><\/div>\n<div style=\"text-align:justify\" id=\"yui_3_16_0_1_1496722804909_740781\"><span style=\"font-size:14.0pt;line-height:107%;font-family:&quot;Arial&quot;,sans-serif\" id=\"yui_3_16_0_1_1496722804909_740782\">&nbsp;&nbsp;&nbsp; Em novembro de 2016, a Chape perdeu um time  inteiro, bem como sua Comiss\u00e3o T\u00e9cnica em uma trag\u00e9dia com a aeronave na  Col\u00f4mbia. Considerado time pequeno, refez toda sua estrutura, e ontem, venceu  com facilidade uma equipe tida por muitos como grande, ali\u00e1s, gigante. Mas o  que se viu foi um Fiasco da Gama, cada dia mais apequenado por uma gest\u00e3o p\u00edfia  do presidente Dom Charuto.<o:p id=\"yui_3_16_0_1_1496722804909_740783\"><\/o:p><\/span><\/div>\n<div style=\"text-align:justify\" id=\"yui_3_16_0_1_1496722804909_740784\"><span style=\"font-size:14.0pt;line-height:107%;font-family:&quot;Arial&quot;,sans-serif\" id=\"yui_3_16_0_1_1496722804909_740785\">&nbsp;&nbsp;&nbsp; Sem qualquer respeito!<o:p id=\"yui_3_16_0_1_1496722804909_740786\"><\/o:p><\/span><\/div>\n<div style=\"text-align:justify\" id=\"yui_3_16_0_1_1496722804909_740787\"><span style=\"font-size:14.0pt;line-height:107%;font-family:&quot;Arial&quot;,sans-serif\" id=\"yui_3_16_0_1_1496722804909_740788\">&nbsp;&nbsp;&nbsp; Uma l\u00e1stima. H\u00e1 tempos essa Gest\u00e3o Charuto  tenta montar um elenco competitivo, mas o que se v\u00ea \u00e9 um plantel sempre lutando  para n\u00e3o obter resultados piores. O planejamento vasca\u00edno para o Brasileir\u00e3o  2017 n\u00e3o \u00e9 conquistar o t\u00edtulo, tampouco ficar entre as equipes que disputar\u00e3o  a Libertadores, em 2018. Muito menos alcan\u00e7ar a possibilidade de disputar a Sul  Americana. A meta \u00e9 n\u00e3o cair para a S\u00e9rie B! Staff Min\u00fasculo monta uma equipe  med\u00edocre.<o:p id=\"yui_3_16_0_1_1496722804909_740789\"><\/o:p><\/span><\/div>\n<div style=\"text-align:justify\" id=\"yui_3_16_0_1_1496722804909_740790\"><span style=\"font-size:14.0pt;line-height:107%;font-family:&quot;Arial&quot;,sans-serif\" id=\"yui_3_16_0_1_1496722804909_740791\">&nbsp;&nbsp;&nbsp; A velha m\u00e1xima explica: \u201cMe digas com quem  andas e te direi quem \u00e9s\u201d. N\u00e3o se pode esperar sucesso daqueles que colecionam  fracassos! A \u00daNICA sa\u00edda para o Vasco voltar a ser grande, ser\u00e1 em novembro,  nas elei\u00e7\u00f5es do clube para a cadeira mais relevante. N\u00e3o importa o sucessor, o  que vale \u00e9 <u id=\"yui_3_16_0_1_1496722804909_740792\">N\u00c3O REELEGER<\/u> o atual mandat\u00e1rio!<o:p id=\"yui_3_16_0_1_1496722804909_740793\"><\/o:p><\/span><\/div>\n<div style=\"text-align:justify\" id=\"yui_3_16_0_1_1496722804909_740794\"><span style=\"font-size:14.0pt;line-height:107%;font-family:&quot;Arial&quot;,sans-serif\" id=\"yui_3_16_0_1_1496722804909_740795\">&nbsp;&nbsp;&nbsp; Nem sempre um sinal verde pode ser visto de  forma positiva. Verde foi o futebol apresentado por Paul\u00e3o, que sequer subiu na  \u00e1rea \u2013 que \u00e9 o local de origem da sua posi\u00e7\u00e3o \u2013 para evitar o gol de Girotto.  Faltou amadurecer tamb\u00e9m o jovem Douglas (que \u00e9 bom jogador, mas falhou) quando  deixou Arthur chutar da maneira que bem entendeu, fazendo um gola\u00e7o sem qualquer  chance de defesa do arqueiro Martin Silva. Foi bonito ver o verde da esperan\u00e7a  no que tange aos catarinenses, percebendo que quando h\u00e1 compet\u00eancia poderemos  reerguer todo um time em pouqu\u00edssimo tempo.<o:p id=\"yui_3_16_0_1_1496722804909_740796\"><\/o:p><\/span><\/div>\n<div style=\"text-align:justify\" id=\"yui_3_16_0_1_1496722804909_740797\"><span style=\"font-size:14.0pt;line-height:107%;font-family:&quot;Arial&quot;,sans-serif\" id=\"yui_3_16_0_1_1496722804909_740798\">&nbsp;&nbsp;&nbsp; S\u00e1bado, \u00e0s 19h, em S\u00e3o Janu\u00e1rio, diante do  Ava\u00ed nenhum outro resultado interessar\u00e1, somente a vit\u00f3ria ser\u00e1 aceita.  Primeiro, porque atuaremos em casa, diante da Imensa Torcida Bem Complacente,  digo, Feliz. Depois porque Ava\u00ed \u00e9 um time pequeno, sendo obriga\u00e7\u00e3o vencer. Ou  ficaremos apenas idolatrando e torcendo para o nosso coirm\u00e3o verde, ali\u00e1s,  Verd\u00e3o colecionar t\u00edtulos? Vamos explodir essa melancia! Sair deste casulo  vermelho \u2013 no sentido de negatividade &#8211; e alcan\u00e7armos o verde por fora desta fruta  \u2013 para que tenhamos esperan\u00e7as reais de dias melhores \u2013 e assim reconstruirmos  um Vasco digno de ser chamado de Mach\u00e3o da Gama, como outrora chamamos! Fora  Eurico!<o:p id=\"yui_3_16_0_1_1496722804909_740799\"><\/o:p><\/span><\/div>\n<div style=\"text-align:justify\" id=\"yui_3_16_0_1_1496722804909_740800\"><span style=\"font-size:14.0pt;line-height:107%;font-family:&quot;Arial&quot;,sans-serif\" id=\"yui_3_16_0_1_1496722804909_740801\"><o:p id=\"yui_3_16_0_1_1496722804909_740802\">&nbsp;<\/o:p><\/span><\/div>\n<div style=\"text-align:justify\" id=\"yui_3_16_0_1_1496722804909_740803\"><span style=\"font-size:14.0pt;line-height:107%;font-family:&quot;Arial&quot;,sans-serif\" id=\"yui_3_16_0_1_1496722804909_740804\"><o:p id=\"yui_3_16_0_1_1496722804909_740805\">&nbsp;<\/o:p><\/span><\/div>\n<div style=\"text-align:justify\" id=\"yui_3_16_0_1_1496722804909_740806\"><b id=\"yui_3_16_0_1_1496722804909_740807\"><u id=\"yui_3_16_0_1_1496722804909_740808\"><span style=\"font-size:20.0pt;line-height:107%;font-family:&quot;Arial&quot;,sans-serif\" id=\"yui_3_16_0_1_1496722804909_740809\">VERGONHA  (4 ANOS!):<o:p id=\"yui_3_16_0_1_1496722804909_740810\"><\/o:p><\/span><\/u><\/b><\/div>\n<div style=\"text-align:justify\" id=\"yui_3_16_0_1_1496722804909_740811\"><span style=\"font-size:14.0pt;line-height:107%;font-family:&quot;Arial&quot;,sans-serif\" id=\"yui_3_16_0_1_1496722804909_740812\">DEPOIS DE AGUARDAR <b id=\"yui_3_16_0_1_1496722804909_740813\">48 MESES, OU SEJA, 4 ANOS!&nbsp; (CARRO DESDE 10 DE JUNHO DE 2013)<\/b> COM O  CARRO PRESO NA OFICINA DA ABOLI\u00c7\u00c3O VE\u00cdCULOS COM APENAS 729 KM RODADOS, EM UM  PROCESSO COM 8 VOLUMES, NA 1\u00aa VARA CIVEL, DA COMARCA DE NITER\u00d3I\/RJ, REGIONAL  OCE\u00c2NICA, A SENTEN\u00c7A FOI INDEFERIR TODOS OS MEUS PEDIDOS E AINDA CONDENAR EM  10% DE CUSTAS JUDICIAIS. OU SEJA, FIQUEI SEM CARRO ESSE TEMPO TODO (MESMO  PAGANDO \u00c0 VISTA POR ELE), JUNTEI PROVAS COMO REGISTRO DE OCORR\u00caNCIA DA POL\u00cdCIA  CIVIL\/RJ, BOLETIM DE OCORR\u00caNCIA DA POLICIA MILITAR\/RJ, ORDENS DE SERVI\u00c7O, MAIS  DE 600 FOTOGRAFIAS, MAIS DE 40 \u00c1UDIOS, NOTAS FISCAIS, NOTAS DE T\u00c1XI,  PRONTU\u00c1RIOS M\u00c9DICOS, POIS NESTE PER\u00cdODO TIVE PROBLEMAS DE SA\u00daDE, BEM COMO MEUS  FAMILIARES, TENDO UMA FILHA QUE HOJE TEM APENAS 5 ANOS, NA \u00c9POCA POUCO MAIS DE  1 ANINHO. VALE LEMBRAR, QUE OS PRIMEIROS DEFEITOS SE DERAM QUANDO O CARRO TINHA  MENOS DE 30 KM RODADOS. TUDO ISSO PARA NADA. QUEM GOSTOU DO RESULTADO DA DOUTA  MAGRISTRADA FORAM AS EMPRESAS R\u00c9S \u2013 QUE ME LESARAM \u2013 ABOLI\u00c7\u00c3O VE\u00cdCULOS E VW DO  BRASIL (PROCESSO: No 0016370-44.2013.8.19.0212).<o:p id=\"yui_3_16_0_1_1496722804909_740814\"><\/o:p><\/span><\/div>\n<div style=\"text-align:justify\" id=\"yui_3_16_0_1_1496722804909_740815\"><b id=\"yui_3_16_0_1_1496722804909_740816\"><span style=\"font-size:14.0pt;line-height:107%;font-family:&quot;Arial&quot;,sans-serif\" id=\"yui_3_16_0_1_1496722804909_740817\">&nbsp;<o:p id=\"yui_3_16_0_1_1496722804909_740818\"><\/o:p><\/span><\/b><\/div>\n<div style=\"text-align:justify\" id=\"yui_3_16_0_1_1496722804909_740819\"><b id=\"yui_3_16_0_1_1496722804909_740820\"><span style=\"font-size:14.0pt;line-height:107%;font-family:&quot;Arial&quot;,sans-serif\" id=\"yui_3_16_0_1_1496722804909_740821\">&nbsp;&nbsp;&nbsp;&nbsp;&nbsp;&nbsp;&nbsp;&nbsp;&nbsp;&nbsp;&nbsp;&nbsp;&nbsp;&nbsp; <o:p id=\"yui_3_16_0_1_1496722804909_740822\"><\/o:p><\/span><\/b><\/div>\n<div style=\"text-align:justify\" id=\"yui_3_16_0_1_1496722804909_740823\"><b id=\"yui_3_16_0_1_1496722804909_740824\"><span style=\"font-size:14.0pt;line-height:107%;font-family:&quot;Arial&quot;,sans-serif\" id=\"yui_3_16_0_1_1496722804909_740825\">&nbsp;&nbsp;&nbsp;&nbsp;&nbsp;&nbsp;&nbsp;&nbsp;&nbsp;&nbsp;&nbsp;&nbsp;&nbsp;&nbsp;&nbsp;&nbsp;&nbsp;&nbsp;&nbsp;&nbsp;&nbsp;&nbsp;&nbsp;&nbsp;&nbsp;&nbsp;&nbsp;&nbsp;&nbsp;&nbsp; <o:p id=\"yui_3_16_0_1_1496722804909_740826\"><\/o:p><\/span><\/b><\/div>\n<div style=\"text-align:justify\" id=\"yui_3_16_0_1_1496722804909_740827\"><b id=\"yui_3_16_0_1_1496722804909_740828\"><span style=\"font-size:14.0pt;line-height:107%;font-family:&quot;Arial&quot;,sans-serif\" id=\"yui_3_16_0_1_1496722804909_740829\">AP\u00d3S  AS TODAS AS PARTIDAS DO VASC\u00c3O EM MEU PERFIL DO FACEBOOK (QUEM QUISER RECEBER  AS CR\u00d4NICAS DE PRIMEIRA M\u00c3O \u00c9 S\u00d3 ME ADICIONAR), E NO SITE WEBVASCO (<a href=\"http:\/\/www.webvasco.com\">www.webvasco.com<\/a>),  TEM A OPINI\u00c3O DO JORNALISTA LUIZ CARLOS ROCHA. LEIAM! COMPARTILHEM E CURTAM!  VASCA\u00cdNOS UNIDOS JAMAIS SER\u00c3O VENCIDOS.<o:p id=\"yui_3_16_0_1_1496722804909_740830\"><\/o:p><\/span><\/b><\/div>\n<div style=\"text-align:justify\" id=\"yui_3_16_0_1_1496722804909_740831\"><span style=\"font-size:14.0pt;line-height:107%;font-family:&quot;Arial&quot;,sans-serif\" id=\"yui_3_16_0_1_1496722804909_740832\"><o:p id=\"yui_3_16_0_1_1496722804909_740833\">&nbsp;<\/o:p><\/span><\/div>\n<div style=\"text-align:justify\" id=\"yui_3_16_0_1_1496722804909_740834\"><span style=\"font-size:14.0pt;line-height:107%;font-family:&quot;Arial&quot;,sans-serif\" id=\"yui_3_16_0_1_1496722804909_740835\"><o:p id=\"yui_3_16_0_1_1496722804909_740836\">&nbsp;<\/o:p><\/span><\/div>\n<div style=\"text-align:justify\" id=\"yui_3_16_0_1_1496722804909_740837\"><span style=\"font-size:14.0pt;line-height:107%;font-family:&quot;Arial&quot;,sans-serif\" id=\"yui_3_16_0_1_1496722804909_740838\"><o:p id=\"yui_3_16_0_1_1496722804909_740839\">&nbsp;<\/o:p><\/span><\/div>\n<div style=\"text-align:justify\" id=\"yui_3_16_0_1_1496722804909_740840\"><span style=\"font-size:14.0pt;line-height:107%;font-family:&quot;Arial&quot;,sans-serif\" id=\"yui_3_16_0_1_1496722804909_740841\"><o:p id=\"yui_3_16_0_1_1496722804909_740842\">&nbsp;<\/o:p><\/span><\/div>\n<div style=\"text-align:justify\" id=\"yui_3_16_0_1_1496722804909_740843\"><span style=\"font-size:14.0pt;line-height:107%;font-family:&quot;Arial&quot;,sans-serif\" id=\"yui_3_16_0_1_1496722804909_740844\"><o:p id=\"yui_3_16_0_1_1496722804909_740845\">&nbsp;<\/o:p><\/span><\/div>\n<div id=\"yui_3_16_0_1_1496722804909_740577\">                                                                                    <\/div>\n<div style=\"text-align:justify\" dir=\"ltr\" id=\"yui_3_16_0_1_1496722804909_740846\"><span style=\"font-size:14.0pt;line-height:107%;font-family:&quot;Arial&quot;,sans-serif\" id=\"yui_3_16_0_1_1496722804909_740847\"><o:p id=\"yui_3_16_0_1_1496722804909_740848\">&nbsp;<\/o:p><\/span><\/div>\n<div id=\"yui_3_16_0_1_1496722804909_740589\"><span><br \/><\/span><\/div>\n<div id=\"yui_3_16_0_1_1496722804909_740588\"><span><br \/><\/span><\/div>\n<div id=\"yui_3_16_0_1_1496722804909_740594\"><span><br \/><\/span><\/div>\n<div id=\"yui_3_16_0_1_1496722804909_740595\"><span><br \/><\/span><\/div>\n<div><\/div>\n<div id=\"yui_3_16_0_1_1496722804909_740596\">&nbsp;<\/div>\n<div class=\"signature\" id=\"yui_3_16_0_1_1496722804909_740519\">\n<div id=\"RTEContent\">\n<div id=\"yui_3_16_0_1_1496722804909_740518\">\n<div id=\"yui_3_16_0_1_1496722804909_740517\">\n<div id=\"yui_3_16_0_1_1496722804909_740516\">\n<div align=\"center\" id=\"yui_3_16_0_1_1496722804909_740515\"><\/div>\n<\/div>\n<\/div>\n<\/div>\n<\/div>\n<\/div>\n<\/div>\n<\/div>\n<p><\/p>\n","protected":false},"excerpt":{"rendered":"<p>Ontem, na Arena Conda, o Vasco da Gama levou um baile da Chapecoense. N\u00e3o foi&#8230;<\/p>\n","protected":false},"author":7,"featured_media":0,"comment_status":"open","ping_status":"closed","sticky":false,"template":"","format":"standard","meta":{"footnotes":""},"categories":[4],"tags":[],"class_list":["post-8211","post","type-post","status-publish","format-standard","hentry","category-luizcarlosrocha"],"_links":{"self":[{"href":"https:\/\/webvasco.com\/artigos\/wp-json\/wp\/v2\/posts\/8211","targetHints":{"allow":["GET"]}}],"collection":[{"href":"https:\/\/webvasco.com\/artigos\/wp-json\/wp\/v2\/posts"}],"about":[{"href":"https:\/\/webvasco.com\/artigos\/wp-json\/wp\/v2\/types\/post"}],"author":[{"embeddable":true,"href":"https:\/\/webvasco.com\/artigos\/wp-json\/wp\/v2\/users\/7"}],"replies":[{"embeddable":true,"href":"https:\/\/webvasco.com\/artigos\/wp-json\/wp\/v2\/comments?post=8211"}],"version-history":[{"count":0,"href":"https:\/\/webvasco.com\/artigos\/wp-json\/wp\/v2\/posts\/8211\/revisions"}],"wp:attachment":[{"href":"https:\/\/webvasco.com\/artigos\/wp-json\/wp\/v2\/media?parent=8211"}],"wp:term":[{"taxonomy":"category","embeddable":true,"href":"https:\/\/webvasco.com\/artigos\/wp-json\/wp\/v2\/categories?post=8211"},{"taxonomy":"post_tag","embeddable":true,"href":"https:\/\/webvasco.com\/artigos\/wp-json\/wp\/v2\/tags?post=8211"}],"curies":[{"name":"wp","href":"https:\/\/api.w.org\/{rel}","templated":true}]}}