{"id":8212,"date":"2017-06-16T08:35:26","date_gmt":"2017-06-16T11:35:26","guid":{"rendered":"http:\/\/webvasco.com\/artigos\/?p=8212"},"modified":"2017-06-16T08:39:40","modified_gmt":"2017-06-16T11:39:40","slug":"elas-o-professor-maria-rachel-lopes","status":"publish","type":"post","link":"https:\/\/webvasco.com\/artigos\/temas\/elas-e-o-professor\/elas-o-professor-maria-rachel-lopes\/","title":{"rendered":"ELAS &#038; O PROFESSOR &#8211; MARIA RACHEL LOPES"},"content":{"rendered":"<p>A entrevista de Junho de 2017, com a fot\u00f3grafa Maria Rachel \u00e9 dedicada \u00e0 minha princesa vasca\u00edna \u00a0\u00darsulla Rocha, meu eterno amor.<\/p>\n<p><strong>MARIA RACHEL LOPES<\/strong>, divorciada, m\u00e3e da Maria Clara, nasceu em 1972, em Petr\u00f3polis (44 anos), jornalista e fot\u00f3grafa, especializada em fotojornalismo, atualmente carioca de Copacabana, do signo de Libra, \u00e9 portelense, apaixonada por rock cl\u00e1ssico, jazz e quase tudo que foi feito em termos musicais antes de 1980.<\/p>\n<p>&nbsp;<\/p>\n<p><strong>Em qual posi\u00e7\u00e3o na tabela do Campeonato Brasileiro voc\u00ea acha que o Vasco da Gama ficar\u00e1, no t\u00e9rmino da competi\u00e7\u00e3o?<\/strong><\/p>\n<p>Espero que se salve da Zona de rebaixamento.<\/p>\n<p>&nbsp;<\/p>\n<p><strong>Qual o ponto fraco da equipe?<\/strong><\/p>\n<p>O conjunto da obra.<\/p>\n<p>&nbsp;<\/p>\n<p><strong>Milton Mendes tem o plantel nas m\u00e3os?\u00a0 <\/strong><\/p>\n<p>Quem \u00e9 Milton Mendes?<\/p>\n<p>&nbsp;<\/p>\n<p><strong>Se o treinador cair ao longo da competi\u00e7\u00e3o, quem seria o substituto ideal?<\/strong><\/p>\n<p>Sempre o Roberto Dinamite. Outro que eu acho que vestiria bem o papel de t\u00e9cnico \u00e9 o Juninho Pernambucano.<\/p>\n<p>&nbsp;<\/p>\n<p><strong>O que voc\u00ea acha do Eurico Miranda como presidente do Cruzmaltino?<\/strong><\/p>\n<p>Nunca fui com a cara dele. O Eurico me passa um astral meio Cosanostra, da m\u00e1fia siciliana, sabe como?<\/p>\n<p>&nbsp;<\/p>\n<p><strong>Ele (Eurico Miranda) merece ser reeleito?<\/strong><\/p>\n<p>N\u00e3o, e n\u00e3o sei como foi tantas vezes, embora desconfie.<\/p>\n<p>&nbsp;<\/p>\n<p><strong>Voc\u00ea conhece as propostas de Alexandre Campelo (o candidato da chapa formada pelos grupos Identidade Vasco, Vira Vasco e Pro Vasco)?<\/strong><\/p>\n<p>N\u00e3o, mas vou procurar conhecer. S\u00f3 de n\u00e3o ser o Eurico, j\u00e1 acho que \u00e9 uma grande coisa.<\/p>\n<p>&nbsp;<\/p>\n<p><strong>Qual a melhor fotografia do Gigante da Colina que voc\u00ea j\u00e1 viu nos grandes di\u00e1rios?<\/strong><\/p>\n<p>Uma do Edmundo abra\u00e7ado com o Rom\u00e1rio. Antes do Edmundo atropelar pessoas e do Rom\u00e1rio virar pol\u00edtico.<\/p>\n<p>&nbsp;<\/p>\n<p><strong>Aquela fotografia do Edmundo, no centro do gramado, do maracan\u00e3, na final do Mundial da Fifa, em 2000, quando perdeu o p\u00eanalti, e o Corinthians sagrou-se campe\u00e3o, te marcou como fot\u00f3grafa e vasca\u00edna?\u00a0\u00a0 <\/strong><\/p>\n<p>Claro, eu acompanhava muito mais o futebol at\u00e9 sofrer essa desilus\u00e3o. Mas mais do que a fotografia at\u00e9, o que marcou foi a express\u00e3o dele, enquanto levava as m\u00e3os ao joelho. Nem ele acreditava que tinha perdido aquele p\u00eanalti. A sequ\u00eancia de imagem daquele final de jogo ficou toda registrada na minha cabe\u00e7a.<\/p>\n<p>&nbsp;<\/p>\n<p><strong>O que voc\u00ea atribui a tanto fracasso nos \u00faltimos 15 anos na vida do Cruzmaltino?<\/strong><\/p>\n<p>Impaci\u00eancia, eu acho. O Dinamite come\u00e7ou a recuperar o clube, mas esse processo \u00e9 devagar, leva tempo. Perder faz parte, at\u00e9 acertar. Mas a\u00ed o vasca\u00edno prefere colocar o Eurico de volta. N\u00e3o entendo. O pior \u00e9 saber que a gente corre o risco disso acontecer de novo.<\/p>\n<p>&nbsp;<\/p>\n<p><strong>O modelo de clube-empresa salvaria o Vasco de uma fal\u00eancia?<\/strong><\/p>\n<p>Nessa crise, acho que ningu\u00e9m est\u00e1 salvo de uma fal\u00eancia, mas creio que \u00e9 uma boa tentativa.<\/p>\n<p>&nbsp;<\/p>\n<p><strong>O fornecedor de material esportivo (Umbro) est\u00e1 no patamar da hist\u00f3ria do clube?<\/strong><\/p>\n<p>N\u00e3o vejo porque n\u00e3o estaria.<\/p>\n<p>&nbsp;<\/p>\n<p><strong>O clube poderia pedir a Umbro para confeccionar uma camisa rosa, especial para as mulheres?<\/strong><\/p>\n<p>Pode pedir, mas acho que um modelo feminino, respeitando as cores do clube \u00e9 sempre mais interessante.<\/p>\n<p>&nbsp;<\/p>\n<p><strong>Quem \u00e9 o jogador mais boa pinta do plantel vasca\u00edno?\u00a0 <\/strong><\/p>\n<p>Atual ou de todos os tempos? Bebeto, Edmundo, Dinamite. Atualmente, acho o Escudero o mais ajeitadinho. Esse povo do futebol tem que perder essa mania de pintar o cabelo, se encher de brinco e de fazer esses cortes de cabelo esquisitos.<\/p>\n<p>&nbsp;<\/p>\n<p><strong><u>FOTOGRAFIAS: DIVULGA\u00c7\u00c3O DA ENTREVISTADA<\/u><\/strong><\/p>\n<p>&nbsp;<\/p>\n<p><a href=\"https:\/\/webvasco.com\/artigos\/wp-content\/uploads\/2017\/06\/19179213_10211822804819388_748652991_o.jpg\"><img loading=\"lazy\" decoding=\"async\" class=\"alignnone size-medium wp-image-8213\" src=\"https:\/\/webvasco.com\/artigos\/wp-content\/uploads\/2017\/06\/19179213_10211822804819388_748652991_o-225x300.jpg\" alt=\"\" width=\"225\" height=\"300\" srcset=\"https:\/\/webvasco.com\/artigos\/wp-content\/uploads\/2017\/06\/19179213_10211822804819388_748652991_o-225x300.jpg 225w, https:\/\/webvasco.com\/artigos\/wp-content\/uploads\/2017\/06\/19179213_10211822804819388_748652991_o-113x150.jpg 113w, https:\/\/webvasco.com\/artigos\/wp-content\/uploads\/2017\/06\/19179213_10211822804819388_748652991_o-768x1024.jpg 768w, https:\/\/webvasco.com\/artigos\/wp-content\/uploads\/2017\/06\/19179213_10211822804819388_748652991_o.jpg 1536w\" sizes=\"auto, (max-width: 225px) 100vw, 225px\" \/><\/a> <a href=\"https:\/\/webvasco.com\/artigos\/wp-content\/uploads\/2017\/06\/19179221_10211822800099270_963428509_o.jpg\"><img loading=\"lazy\" decoding=\"async\" class=\"alignnone size-medium wp-image-8214\" src=\"https:\/\/webvasco.com\/artigos\/wp-content\/uploads\/2017\/06\/19179221_10211822800099270_963428509_o-300x201.jpg\" alt=\"\" width=\"300\" height=\"201\" srcset=\"https:\/\/webvasco.com\/artigos\/wp-content\/uploads\/2017\/06\/19179221_10211822800099270_963428509_o-300x201.jpg 300w, https:\/\/webvasco.com\/artigos\/wp-content\/uploads\/2017\/06\/19179221_10211822800099270_963428509_o-150x100.jpg 150w, https:\/\/webvasco.com\/artigos\/wp-content\/uploads\/2017\/06\/19179221_10211822800099270_963428509_o-768x514.jpg 768w, https:\/\/webvasco.com\/artigos\/wp-content\/uploads\/2017\/06\/19179221_10211822800099270_963428509_o-1024x685.jpg 1024w, https:\/\/webvasco.com\/artigos\/wp-content\/uploads\/2017\/06\/19179221_10211822800099270_963428509_o.jpg 1956w\" sizes=\"auto, (max-width: 300px) 100vw, 300px\" \/><\/a> <a href=\"https:\/\/webvasco.com\/artigos\/wp-content\/uploads\/2017\/06\/19126214_10211822806379427_284156404_o.jpg\"><img loading=\"lazy\" decoding=\"async\" class=\"alignnone size-medium wp-image-8215\" src=\"https:\/\/webvasco.com\/artigos\/wp-content\/uploads\/2017\/06\/19126214_10211822806379427_284156404_o-300x169.jpg\" alt=\"\" width=\"300\" height=\"169\" srcset=\"https:\/\/webvasco.com\/artigos\/wp-content\/uploads\/2017\/06\/19126214_10211822806379427_284156404_o-300x169.jpg 300w, https:\/\/webvasco.com\/artigos\/wp-content\/uploads\/2017\/06\/19126214_10211822806379427_284156404_o-150x84.jpg 150w, https:\/\/webvasco.com\/artigos\/wp-content\/uploads\/2017\/06\/19126214_10211822806379427_284156404_o-768x432.jpg 768w, https:\/\/webvasco.com\/artigos\/wp-content\/uploads\/2017\/06\/19126214_10211822806379427_284156404_o-1024x576.jpg 1024w, https:\/\/webvasco.com\/artigos\/wp-content\/uploads\/2017\/06\/19126214_10211822806379427_284156404_o-777x437.jpg 777w, https:\/\/webvasco.com\/artigos\/wp-content\/uploads\/2017\/06\/19126214_10211822806379427_284156404_o-260x146.jpg 260w, https:\/\/webvasco.com\/artigos\/wp-content\/uploads\/2017\/06\/19126214_10211822806379427_284156404_o-120x67.jpg 120w, https:\/\/webvasco.com\/artigos\/wp-content\/uploads\/2017\/06\/19126214_10211822806379427_284156404_o.jpg 2048w\" sizes=\"auto, (max-width: 300px) 100vw, 300px\" \/><\/a><\/p>\n","protected":false},"excerpt":{"rendered":"<p>A entrevista de Junho de 2017, com a fot\u00f3grafa Maria Rachel \u00e9 dedicada \u00e0 minha&#8230;<\/p>\n","protected":false},"author":7,"featured_media":8216,"comment_status":"open","ping_status":"closed","sticky":false,"template":"","format":"standard","meta":{"footnotes":""},"categories":[27],"tags":[],"class_list":["post-8212","post","type-post","status-publish","format-standard","has-post-thumbnail","hentry","category-elas-e-o-professor"],"_links":{"self":[{"href":"https:\/\/webvasco.com\/artigos\/wp-json\/wp\/v2\/posts\/8212","targetHints":{"allow":["GET"]}}],"collection":[{"href":"https:\/\/webvasco.com\/artigos\/wp-json\/wp\/v2\/posts"}],"about":[{"href":"https:\/\/webvasco.com\/artigos\/wp-json\/wp\/v2\/types\/post"}],"author":[{"embeddable":true,"href":"https:\/\/webvasco.com\/artigos\/wp-json\/wp\/v2\/users\/7"}],"replies":[{"embeddable":true,"href":"https:\/\/webvasco.com\/artigos\/wp-json\/wp\/v2\/comments?post=8212"}],"version-history":[{"count":1,"href":"https:\/\/webvasco.com\/artigos\/wp-json\/wp\/v2\/posts\/8212\/revisions"}],"predecessor-version":[{"id":8217,"href":"https:\/\/webvasco.com\/artigos\/wp-json\/wp\/v2\/posts\/8212\/revisions\/8217"}],"wp:featuredmedia":[{"embeddable":true,"href":"https:\/\/webvasco.com\/artigos\/wp-json\/wp\/v2\/media\/8216"}],"wp:attachment":[{"href":"https:\/\/webvasco.com\/artigos\/wp-json\/wp\/v2\/media?parent=8212"}],"wp:term":[{"taxonomy":"category","embeddable":true,"href":"https:\/\/webvasco.com\/artigos\/wp-json\/wp\/v2\/categories?post=8212"},{"taxonomy":"post_tag","embeddable":true,"href":"https:\/\/webvasco.com\/artigos\/wp-json\/wp\/v2\/tags?post=8212"}],"curies":[{"name":"wp","href":"https:\/\/api.w.org\/{rel}","templated":true}]}}