{"id":8218,"date":"2017-06-18T13:29:55","date_gmt":"2017-06-18T16:29:55","guid":{"rendered":"http:\/\/webvasco.com\/artigos\/?p=8218"},"modified":"2017-06-18T13:42:04","modified_gmt":"2017-06-18T16:42:04","slug":"apagou-o-ava","status":"publish","type":"post","link":"https:\/\/webvasco.com\/artigos\/colunistas\/luizcarlosrocha\/apagou-o-ava\/","title":{"rendered":"APAGOU O AVA&Iacute;!"},"content":{"rendered":"<div>\n<div style=\"color:#000; background-color:#fff; font-family:Helvetica Neue, Helvetica, Arial, Lucida Grande, sans-serif;font-size:32px\">\n<div style=\"text-align:justify\" id=\"yui_3_16_0_ym19_1_1497738936347_35527\"><span style=\"font-size:14.0pt;line-height:107%;font-family:&quot;Arial&quot;,sans-serif\" id=\"yui_3_16_0_ym19_1_1497738936347_35528\">&nbsp; &nbsp; &nbsp;&nbsp;&nbsp;&nbsp;Circula-se na internet que o Vasco n\u00e3o  pagou a conta de luz, e por conta disso houve um apag\u00e3o em S\u00e3o Janu\u00e1rio, ontem,  na partida da contra o Ava\u00ed, pela 8\u00aa Rodada do Campeonato Brasileiro. Mais uma  mentira dos advers\u00e1rios, que desejam ridicularizar o clube (Dom Charuto acha  mesmo que o respeito voltou?). Fato \u00e9 que Yago Pikachu marcou o \u00fanico gol do  jogo apagando ainda mais a equipe catarinense, que passou a ocupar o \u00faltimo  lugar na tabela de classifica\u00e7\u00e3o.<o:p id=\"yui_3_16_0_ym19_1_1497738936347_35529\"><\/o:p><\/span><\/div>\n<div style=\"text-align:justify\" id=\"yui_3_16_0_ym19_1_1497738936347_35530\"><span style=\"font-size:14.0pt;line-height:107%;font-family:&quot;Arial&quot;,sans-serif\" id=\"yui_3_16_0_ym19_1_1497738936347_35531\">&nbsp;&nbsp;&nbsp;&nbsp; J\u00e1 o Cruzmaltino que ocupava a 13\u00aa  posi\u00e7\u00e3o, agora com 12 pontos ganhos est\u00e1 na 6\u00aa casa. Isto, porque, o  complemento da rodada se dar\u00e1 logo mais, e certamente pela combina\u00e7\u00e3o de  resultados o Vasco descer\u00e1 um pouco no gr\u00e1fico do Brasileir\u00e3o. De qualquer forma,  foi bom ver o time atuar em casa, com garra.<o:p id=\"yui_3_16_0_ym19_1_1497738936347_35532\"><\/o:p><\/span><\/div>\n<div style=\"text-align:justify\" id=\"yui_3_16_0_ym19_1_1497738936347_35533\"><span style=\"font-size:14.0pt;line-height:107%;font-family:&quot;Arial&quot;,sans-serif\" id=\"yui_3_16_0_ym19_1_1497738936347_35534\">&nbsp;&nbsp;&nbsp; Foram 27 minutos sem luz na Colina  Hist\u00f3rica. Mas quem ficou est\u00e9rico mesmo foi Dom Charuto, ao ouvir a Imensa  Torcida Bem Feliz gritar: \u201c\u00d4, \u00d4, \u00d4, fora Eurico!\u201d. Tamanho foi o seu descompasso  que acionou o GEPE (Grupo Especial de Policiamento nos Est\u00e1dios) e \u201cmandou\u201d (na  verdade pediu, pois sua for\u00e7a mingua a cada dia) baixar o pau no torcedor, como  demonstra\u00e7\u00e3o da mais l\u00eddima dinastia Miranda. Lament\u00e1vel!<o:p id=\"yui_3_16_0_ym19_1_1497738936347_35535\"><\/o:p><\/span><\/div>\n<div style=\"text-align:justify\" id=\"yui_3_16_0_ym19_1_1497738936347_35536\"><span style=\"font-size:14.0pt;line-height:107%;font-family:&quot;Arial&quot;,sans-serif\" id=\"yui_3_16_0_ym19_1_1497738936347_35537\">&nbsp;&nbsp;&nbsp; O fato \u00e9 que a torcida vasca\u00edna j\u00e1 (j\u00e1? ou  seria ainda?) n\u00e3o aguenta mais essa ditadura! O Vasco da Gama \u00e9 um clube que  sempre lutou contra a injusti\u00e7a e o preconceito. Justamente o clube mais  popular do pa\u00eds (populista \u00e9 o concorrente, o Exclu\u00eddo) tem um Ogro na teoria  do comando, e um aprendiz de Shrek na pr\u00e1tica dando as cartas. Novembro vem a\u00ed.  O s\u00f3cio precisa dar um apag\u00e3o nesta gest\u00e3o incompetente. Quarta-feira, dia 21,  \u00e0s 21h, o Gigante da Colina ir\u00e1 at\u00e9 o Est\u00e1dio Nilton Santos, popularmente  chamado de Engenh\u00e3o, ou at\u00e9 mesmo de Vazi\u00e3o, enfrentar o Botafogo.<o:p id=\"yui_3_16_0_ym19_1_1497738936347_35538\"><\/o:p><\/span><\/div>\n<div style=\"text-align:justify\" id=\"yui_3_16_0_ym19_1_1497738936347_35539\"><b id=\"yui_3_16_0_ym19_1_1497738936347_35540\"><u id=\"yui_3_16_0_ym19_1_1497738936347_35541\"><span style=\"font-size:20.0pt;line-height:107%;font-family:&quot;Arial&quot;,sans-serif\" id=\"yui_3_16_0_ym19_1_1497738936347_35542\">PAI:<\/span><\/u><\/b><span style=\"font-size:14.0pt;line-height:107%;font-family:&quot;Arial&quot;,sans-serif\" id=\"yui_3_16_0_ym19_1_1497738936347_35543\"> A  Cr\u00f4nica de hoje \u00e9 dedicada ao meu pai Luiz Carlos, que partiu muito cedo,  completou ontem seis anos. Era um botafoguense bacana, honesto, leal, divertido  e inteligente. Meu incentivador. Meu her\u00f3i. Meu amigo. Pai te amo! Descanse em  paz.<\/span><b id=\"yui_3_16_0_ym19_1_1497738936347_35544\"><u id=\"yui_3_16_0_ym19_1_1497738936347_35545\"><span style=\"font-size:20.0pt;line-height:107%;font-family:&quot;Arial&quot;,sans-serif\" id=\"yui_3_16_0_ym19_1_1497738936347_35546\"><o:p id=\"yui_3_16_0_ym19_1_1497738936347_35547\"><\/o:p><\/span><\/u><\/b><\/div>\n<div style=\"text-align:justify\" id=\"yui_3_16_0_ym19_1_1497738936347_35548\"><b id=\"yui_3_16_0_ym19_1_1497738936347_35549\"><u id=\"yui_3_16_0_ym19_1_1497738936347_35550\"><span style=\"font-size:20.0pt;line-height:107%;font-family:&quot;Arial&quot;,sans-serif\" id=\"yui_3_16_0_ym19_1_1497738936347_35551\"><o:p id=\"yui_3_16_0_ym19_1_1497738936347_35552\"><span style=\"text-decoration:none\" id=\"yui_3_16_0_ym19_1_1497738936347_35553\">&nbsp;<\/span><\/o:p><\/span><\/u><\/b><\/div>\n<div style=\"text-align:justify\" id=\"yui_3_16_0_ym19_1_1497738936347_35554\"><b id=\"yui_3_16_0_ym19_1_1497738936347_35555\"><u id=\"yui_3_16_0_ym19_1_1497738936347_35556\"><span style=\"font-size:20.0pt;line-height:107%;font-family:&quot;Arial&quot;,sans-serif\" id=\"yui_3_16_0_ym19_1_1497738936347_35557\">VERGONHA  (4 ANOS!):<o:p id=\"yui_3_16_0_ym19_1_1497738936347_35558\"><\/o:p><\/span><\/u><\/b><\/div>\n<div style=\"text-align:justify\" id=\"yui_3_16_0_ym19_1_1497738936347_35559\"><span style=\"font-size:14.0pt;line-height:107%;font-family:&quot;Arial&quot;,sans-serif\" id=\"yui_3_16_0_ym19_1_1497738936347_35560\">DEPOIS DE AGUARDAR <b id=\"yui_3_16_0_ym19_1_1497738936347_35561\">48 MESES, OU SEJA, 4 ANOS!&nbsp; (CARRO DESDE 10 DE JUNHO DE 2013)<\/b> COM O  CARRO PRESO NA OFICINA DA ABOLI\u00c7\u00c3O VE\u00cdCULOS COM APENAS 729 KM RODADOS, EM UM  PROCESSO COM 8 VOLUMES, NA 1\u00aa VARA CIVEL, DA COMARCA DE NITER\u00d3I\/RJ, REGIONAL  OCE\u00c2NICA, A SENTEN\u00c7A FOI INDEFERIR TODOS OS MEUS PEDIDOS E AINDA CONDENAR EM  10% DE CUSTAS JUDICIAIS. OU SEJA, FIQUEI SEM CARRO ESSE TEMPO TODO (MESMO  PAGANDO \u00c0 VISTA POR ELE), JUNTEI PROVAS COMO REGISTRO DE OCORR\u00caNCIA DA POL\u00cdCIA  CIVIL\/RJ, BOLETIM DE OCORR\u00caNCIA DA POLICIA MILITAR\/RJ, ORDENS DE SERVI\u00c7O, MAIS  DE 600 FOTOGRAFIAS, MAIS DE 40 \u00c1UDIOS, NOTAS FISCAIS, NOTAS DE T\u00c1XI,  PRONTU\u00c1RIOS M\u00c9DICOS, POIS NESTE PER\u00cdODO TIVE PROBLEMAS DE SA\u00daDE, BEM COMO MEUS  FAMILIARES, TENDO UMA FILHA QUE HOJE TEM APENAS 5 ANOS, NA \u00c9POCA POUCO MAIS DE  1 ANINHO. VALE LEMBRAR, QUE OS PRIMEIROS DEFEITOS SE DERAM QUANDO O CARRO TINHA  MENOS DE 30 KM RODADOS. TUDO ISSO PARA NADA. QUEM GOSTOU DO RESULTADO DA DOUTA  MAGRISTRADA FORAM AS EMPRESAS R\u00c9S \u2013 QUE ME LESARAM \u2013 ABOLI\u00c7\u00c3O VE\u00cdCULOS E VW DO  BRASIL (PROCESSO: No 0016370-44.2013.8.19.0212).<o:p id=\"yui_3_16_0_ym19_1_1497738936347_35562\"><\/o:p><\/span><\/div>\n<div style=\"text-align:justify\" id=\"yui_3_16_0_ym19_1_1497738936347_35563\"><b id=\"yui_3_16_0_ym19_1_1497738936347_35564\"><span style=\"font-size:14.0pt;line-height:107%;font-family:&quot;Arial&quot;,sans-serif\" id=\"yui_3_16_0_ym19_1_1497738936347_35565\">&nbsp;<o:p id=\"yui_3_16_0_ym19_1_1497738936347_35566\"><\/o:p><\/span><\/b><\/div>\n<div style=\"text-align:justify\" id=\"yui_3_16_0_ym19_1_1497738936347_35567\"><b id=\"yui_3_16_0_ym19_1_1497738936347_35568\"><span style=\"font-size:14.0pt;line-height:107%;font-family:&quot;Arial&quot;,sans-serif\" id=\"yui_3_16_0_ym19_1_1497738936347_35569\">&nbsp;&nbsp;&nbsp;&nbsp;&nbsp;&nbsp;&nbsp;&nbsp;&nbsp;&nbsp;&nbsp;&nbsp;&nbsp;&nbsp; <o:p id=\"yui_3_16_0_ym19_1_1497738936347_35570\"><\/o:p><\/span><\/b><\/div>\n<div style=\"text-align:justify\" id=\"yui_3_16_0_ym19_1_1497738936347_35571\"><b id=\"yui_3_16_0_ym19_1_1497738936347_35572\"><span style=\"font-size:14.0pt;line-height:107%;font-family:&quot;Arial&quot;,sans-serif\" id=\"yui_3_16_0_ym19_1_1497738936347_35573\">&nbsp;&nbsp;&nbsp;&nbsp;&nbsp;&nbsp;&nbsp;&nbsp;&nbsp;&nbsp;&nbsp;&nbsp;&nbsp;&nbsp;&nbsp;&nbsp;&nbsp;&nbsp;&nbsp;&nbsp;&nbsp;&nbsp;&nbsp;&nbsp;&nbsp;&nbsp;&nbsp;&nbsp;&nbsp;&nbsp; <o:p id=\"yui_3_16_0_ym19_1_1497738936347_35574\"><\/o:p><\/span><\/b><\/div>\n<div id=\"yui_3_16_0_ym19_1_1497738936347_35320\">                                            <\/div>\n<div style=\"text-align:justify\" dir=\"ltr\" id=\"yui_3_16_0_ym19_1_1497738936347_35575\"><b id=\"yui_3_16_0_ym19_1_1497738936347_35576\"><span style=\"font-size:14.0pt;line-height:107%;font-family:&quot;Arial&quot;,sans-serif\" id=\"yui_3_16_0_ym19_1_1497738936347_35577\">AP\u00d3S  AS TODAS AS PARTIDAS DO VASC\u00c3O EM MEU PERFIL DO FACEBOOK (QUEM QUISER RECEBER  AS CR\u00d4NICAS DE PRIMEIRA M\u00c3O \u00c9 S\u00d3 ME ADICIONAR), E NO SITE WEBVASCO  (<a href=\"http:\/\/www.webvasco.com\">www.webvasco.com<\/a>), TEM A OPINI\u00c3O DO JORNALISTA LUIZ CARLOS ROCHA. LEIAM!  COMPARTILHEM E CURTAM! VASCA\u00cdNOS UNIDOS JAMAIS SER\u00c3O VENCIDOS.<o:p id=\"yui_3_16_0_ym19_1_1497738936347_35578\"><\/o:p><\/span><\/b><\/div>\n<div id=\"yui_3_16_0_ym19_1_1497738936347_35320\"><span><br \/><\/span><\/div>\n<div id=\"yui_3_16_0_ym19_1_1497738936347_35320\"><span><br \/><\/span><\/div>\n<div id=\"yui_3_16_0_ym19_1_1497738936347_35320\"><span><br \/><\/span><\/div>\n<div><\/div>\n<div id=\"yui_3_16_0_ym19_1_1497738936347_35321\">&nbsp;<\/div>\n<div class=\"signature\" id=\"yui_3_16_0_ym19_1_1497738936347_35328\">\n<div id=\"RTEContent\">\n<div id=\"yui_3_16_0_ym19_1_1497738936347_35327\">\n<div id=\"yui_3_16_0_ym19_1_1497738936347_35326\">\n<div id=\"yui_3_16_0_ym19_1_1497738936347_35325\">\n<div align=\"center\" id=\"yui_3_16_0_ym19_1_1497738936347_35324\"><\/div>\n<\/div>\n<\/div>\n<\/div>\n<\/div>\n<\/div>\n<\/div>\n<\/div>\n<p><\/p>\n","protected":false},"excerpt":{"rendered":"<p>&nbsp; &nbsp; &nbsp;&nbsp;&nbsp;&nbsp;Circula-se na internet que o Vasco n\u00e3o pagou a conta de luz, e&#8230;<\/p>\n","protected":false},"author":7,"featured_media":0,"comment_status":"open","ping_status":"closed","sticky":false,"template":"","format":"standard","meta":{"footnotes":""},"categories":[4],"tags":[],"class_list":["post-8218","post","type-post","status-publish","format-standard","hentry","category-luizcarlosrocha"],"_links":{"self":[{"href":"https:\/\/webvasco.com\/artigos\/wp-json\/wp\/v2\/posts\/8218","targetHints":{"allow":["GET"]}}],"collection":[{"href":"https:\/\/webvasco.com\/artigos\/wp-json\/wp\/v2\/posts"}],"about":[{"href":"https:\/\/webvasco.com\/artigos\/wp-json\/wp\/v2\/types\/post"}],"author":[{"embeddable":true,"href":"https:\/\/webvasco.com\/artigos\/wp-json\/wp\/v2\/users\/7"}],"replies":[{"embeddable":true,"href":"https:\/\/webvasco.com\/artigos\/wp-json\/wp\/v2\/comments?post=8218"}],"version-history":[{"count":0,"href":"https:\/\/webvasco.com\/artigos\/wp-json\/wp\/v2\/posts\/8218\/revisions"}],"wp:attachment":[{"href":"https:\/\/webvasco.com\/artigos\/wp-json\/wp\/v2\/media?parent=8218"}],"wp:term":[{"taxonomy":"category","embeddable":true,"href":"https:\/\/webvasco.com\/artigos\/wp-json\/wp\/v2\/categories?post=8218"},{"taxonomy":"post_tag","embeddable":true,"href":"https:\/\/webvasco.com\/artigos\/wp-json\/wp\/v2\/tags?post=8218"}],"curies":[{"name":"wp","href":"https:\/\/api.w.org\/{rel}","templated":true}]}}