{"id":8219,"date":"2017-06-22T23:28:16","date_gmt":"2017-06-23T02:28:16","guid":{"rendered":"http:\/\/webvasco.com\/artigos\/?p=8219"},"modified":"2017-06-22T23:40:09","modified_gmt":"2017-06-23T02:40:09","slug":"perdeu-sem-respeito","status":"publish","type":"post","link":"https:\/\/webvasco.com\/artigos\/colunistas\/luizcarlosrocha\/perdeu-sem-respeito\/","title":{"rendered":"PERDEU SEM RESPEITO!"},"content":{"rendered":"<div>\n<div style=\"color:#000; background-color:#fff; font-family:Helvetica Neue, Helvetica, Arial, Lucida Grande, sans-serif;font-size:32px\">\n<div style=\"text-align:justify\" id=\"yui_3_16_0_ym19_1_1497938757736_306725\"><span style=\"font-size:14.0pt;line-height:107%;font-family:&quot;Arial&quot;,sans-serif\" id=\"yui_3_16_0_ym19_1_1497938757736_306726\">&nbsp; &nbsp; O Vasco perdeu, ontem, para o Botafogo, por  3 a 1, no Est\u00e1dio Vazi\u00e3o, digo, Engenh\u00e3o (politicamente correto Nilton Santos),  em partida v\u00e1lida pela 9\u00aa Rodada do Campeonato Brasileiro, vers\u00e3o 2017. Os gols  dos donos da casa foram marcados por Roger (duas vezes) e Victor Lu\u00eds. Para os  visitantes descontou Caio Monteiro.<o:p id=\"yui_3_16_0_ym19_1_1497938757736_306727\"><\/o:p><\/span><\/div>\n<div style=\"text-align:justify\" id=\"yui_3_16_0_ym19_1_1497938757736_306728\"><span style=\"font-size:14.0pt;line-height:107%;font-family:&quot;Arial&quot;,sans-serif\" id=\"yui_3_16_0_ym19_1_1497938757736_306729\">&nbsp;&nbsp;&nbsp; Com o resultado houve uma troca. O  cruzmaltino deixou a 6\u00aa posi\u00e7\u00e3o na tabela de classifica\u00e7\u00e3o da competi\u00e7\u00e3o, e agora  ocupa a 9\u00aa, com os mesmos 12 pontos ganhos (em 27). J\u00e1 o Glorioso, que foi a 15  pontos, alocou o 5\u00ba lugar, ou seja, est\u00e1 na Zona que classifica para a  Libertadores 2018.<o:p id=\"yui_3_16_0_ym19_1_1497938757736_306730\"><\/o:p><\/span><\/div>\n<div style=\"text-align:justify\" id=\"yui_3_16_0_ym19_1_1497938757736_306731\"><span style=\"font-size:14.0pt;line-height:107%;font-family:&quot;Arial&quot;,sans-serif\" id=\"yui_3_16_0_ym19_1_1497938757736_306732\">&nbsp;&nbsp;&nbsp; Mas n\u00e3o foi s\u00f3 isso. A peleja marcou o fim  do jejum da equipe de General Severiano, pois n\u00e3o ganhava do Mach\u00e3o da Gama h\u00e1  11 jogos, ou melhor, desde setembro de 2013. H\u00e1 quem diga que a Comiss\u00e3o  T\u00e9cnica do Gigante pouco se importou, porque o planejamento do time \u00e9 vencer as  partidas em S\u00e3o Janu\u00e1rio, as demais se der um empate ser\u00e1 de bom tamanho.<o:p id=\"yui_3_16_0_ym19_1_1497938757736_306733\"><\/o:p><\/span><\/div>\n<div style=\"text-align:justify\" id=\"yui_3_16_0_ym19_1_1497938757736_306734\"><span style=\"font-size:14.0pt;line-height:107%;font-family:&quot;Arial&quot;,sans-serif\" id=\"yui_3_16_0_ym19_1_1497938757736_306735\">&nbsp;&nbsp;&nbsp; Errado. Pois quem ganha a vida trabalhando  em casa \u00e9 empregado dom\u00e9stico! \u00c9 preciso pensar grande. N\u00e3o \u00e9 com a filosofia  de manter-se na Elite do Futebol, e sim ganhar o t\u00edtulo. Quando muito \u2013 em termos  de pensar um pouco menos \u2013 ficar entre os que disputar\u00e3o a Libertadores na  pr\u00f3xima temporada. Assim deveria pensar Dom Charuto e seus disc\u00edpulos.<o:p id=\"yui_3_16_0_ym19_1_1497938757736_306736\"><\/o:p><\/span><\/div>\n<div style=\"text-align:justify\" id=\"yui_3_16_0_ym19_1_1497938757736_306737\"><span style=\"font-size:14.0pt;line-height:107%;font-family:&quot;Arial&quot;,sans-serif\" id=\"yui_3_16_0_ym19_1_1497938757736_306738\">&nbsp;&nbsp;&nbsp; Infelizmente e Gest\u00e3o Eurico Miranda vem  apequenando o Vasco da Gama h\u00e1 anos. De um tempo para c\u00e1 tenta, inclusive, tenta  convencer a Imensa Torcida Bem (Esclarecida) Feliz que isso \u00e9 normal. Um  absurdo! Lament\u00e1vel! Domingo, dia 25, \u00e0s 11h, em S\u00e3o Janu\u00e1rio, o Gigante  enfrentar\u00e1 o Atl\u00e9tico-GO<\/span><b id=\"yui_3_16_0_ym19_1_1497938757736_306739\"><span style=\"font-size:22.0pt;line-height:107%;font-family:&quot;Arial&quot;,sans-serif\" id=\"yui_3_16_0_ym19_1_1497938757736_306740\"><o:p id=\"yui_3_16_0_ym19_1_1497938757736_306741\"><\/o:p><\/span><\/b><\/div>\n<div align=\"center\" style=\"text-align:center\" id=\"yui_3_16_0_ym19_1_1497938757736_306742\"><b id=\"yui_3_16_0_ym19_1_1497938757736_306743\"><span style=\"font-size:22.0pt;line-height:107%;font-family:&quot;Arial&quot;,sans-serif\" id=\"yui_3_16_0_ym19_1_1497938757736_306744\"><o:p id=\"yui_3_16_0_ym19_1_1497938757736_306745\">&nbsp;<\/o:p><\/span><\/b><\/div>\n<div style=\"text-align:justify\" id=\"yui_3_16_0_ym19_1_1497938757736_306746\"><b id=\"yui_3_16_0_ym19_1_1497938757736_306747\"><u id=\"yui_3_16_0_ym19_1_1497938757736_306748\"><span style=\"font-size:20.0pt;line-height:107%;font-family:&quot;Arial&quot;,sans-serif\" id=\"yui_3_16_0_ym19_1_1497938757736_306749\">VERGONHA  (4 ANOS!):<o:p id=\"yui_3_16_0_ym19_1_1497938757736_306750\"><\/o:p><\/span><\/u><\/b><\/div>\n<div style=\"text-align:justify\" id=\"yui_3_16_0_ym19_1_1497938757736_306751\"><span style=\"font-size:14.0pt;line-height:107%;font-family:&quot;Arial&quot;,sans-serif\" id=\"yui_3_16_0_ym19_1_1497938757736_306752\">DEPOIS DE AGUARDAR <b id=\"yui_3_16_0_ym19_1_1497938757736_306753\">48 MESES, OU SEJA, 4 ANOS!&nbsp; (CARRO DESDE 10 DE JUNHO DE 2013)<\/b> COM O  CARRO PRESO NA OFICINA DA ABOLI\u00c7\u00c3O VE\u00cdCULOS COM APENAS 729 KM RODADOS, EM UM  PROCESSO COM 8 VOLUMES, NA 1\u00aa VARA CIVEL, DA COMARCA DE NITER\u00d3I\/RJ, REGIONAL  OCE\u00c2NICA, A SENTEN\u00c7A FOI INDEFERIR TODOS OS MEUS PEDIDOS E AINDA CONDENAR EM  10% DE CUSTAS JUDICIAIS. OU SEJA, FIQUEI SEM CARRO ESSE TEMPO TODO (MESMO  PAGANDO \u00c0 VISTA POR ELE), JUNTEI PROVAS COMO REGISTRO DE OCORR\u00caNCIA DA POL\u00cdCIA  CIVIL\/RJ, BOLETIM DE OCORR\u00caNCIA DA POLICIA MILITAR\/RJ, ORDENS DE SERVI\u00c7O, MAIS  DE 600 FOTOGRAFIAS, MAIS DE 40 \u00c1UDIOS, NOTAS FISCAIS, NOTAS DE T\u00c1XI,  PRONTU\u00c1RIOS M\u00c9DICOS, POIS NESTE PER\u00cdODO TIVE PROBLEMAS DE SA\u00daDE, BEM COMO MEUS  FAMILIARES, TENDO UMA FILHA QUE HOJE TEM APENAS 5 ANOS, NA \u00c9POCA POUCO MAIS DE  1 ANINHO. VALE LEMBRAR, QUE OS PRIMEIROS DEFEITOS SE DERAM QUANDO O CARRO TINHA  MENOS DE 30 KM RODADOS. TUDO ISSO PARA NADA. QUEM GOSTOU DO RESULTADO DA DOUTA  MAGRISTRADA FORAM AS EMPRESAS R\u00c9S \u2013 QUE ME LESARAM \u2013 ABOLI\u00c7\u00c3O VE\u00cdCULOS E VW DO  BRASIL (PROCESSO: No 0016370-44.2013.8.19.0212).<o:p id=\"yui_3_16_0_ym19_1_1497938757736_306754\"><\/o:p><\/span><\/div>\n<div style=\"text-align:justify\" id=\"yui_3_16_0_ym19_1_1497938757736_306755\"><b id=\"yui_3_16_0_ym19_1_1497938757736_306756\"><span style=\"font-size:14.0pt;line-height:107%;font-family:&quot;Arial&quot;,sans-serif\" id=\"yui_3_16_0_ym19_1_1497938757736_306757\">&nbsp;<o:p id=\"yui_3_16_0_ym19_1_1497938757736_306758\"><\/o:p><\/span><\/b><\/div>\n<div style=\"text-align:justify\" id=\"yui_3_16_0_ym19_1_1497938757736_306759\"><b id=\"yui_3_16_0_ym19_1_1497938757736_306760\"><span style=\"font-size:14.0pt;line-height:107%;font-family:&quot;Arial&quot;,sans-serif\" id=\"yui_3_16_0_ym19_1_1497938757736_306761\">&nbsp;&nbsp;&nbsp;&nbsp;&nbsp;&nbsp;&nbsp;&nbsp;&nbsp;&nbsp;&nbsp;&nbsp;&nbsp;&nbsp; <o:p id=\"yui_3_16_0_ym19_1_1497938757736_306762\"><\/o:p><\/span><\/b><\/div>\n<div style=\"text-align:justify\" id=\"yui_3_16_0_ym19_1_1497938757736_306763\"><b id=\"yui_3_16_0_ym19_1_1497938757736_306764\"><span style=\"font-size:14.0pt;line-height:107%;font-family:&quot;Arial&quot;,sans-serif\" id=\"yui_3_16_0_ym19_1_1497938757736_306765\">&nbsp;&nbsp;&nbsp;&nbsp;&nbsp;&nbsp;&nbsp;&nbsp;&nbsp;&nbsp;&nbsp;&nbsp;&nbsp;&nbsp;&nbsp;&nbsp;&nbsp;&nbsp;&nbsp;&nbsp;&nbsp;&nbsp;&nbsp;&nbsp;&nbsp;&nbsp;&nbsp;&nbsp;&nbsp;&nbsp; <o:p id=\"yui_3_16_0_ym19_1_1497938757736_306766\"><\/o:p><\/span><\/b><\/div>\n<div style=\"text-align:justify\" id=\"yui_3_16_0_ym19_1_1497938757736_306767\"><b id=\"yui_3_16_0_ym19_1_1497938757736_306768\"><span style=\"font-size:14.0pt;line-height:107%;font-family:&quot;Arial&quot;,sans-serif\" id=\"yui_3_16_0_ym19_1_1497938757736_306769\">AP\u00d3S  AS TODAS AS PARTIDAS DO VASC\u00c3O EM MEU PERFIL DO FACEBOOK (QUEM QUISER RECEBER  AS CR\u00d4NICAS DE PRIMEIRA M\u00c3O \u00c9 S\u00d3 ME ADICIONAR), E NO SITE WEBVASCO  (<a href=\"http:\/\/www.webvasco.com\">www.webvasco.com<\/a>), TEM A OPINI\u00c3O DO JORNALISTA LUIZ CARLOS ROCHA. LEIAM!  COMPARTILHEM E CURTAM! VASCA\u00cdNOS UNIDOS JAMAIS SER\u00c3O VENCIDOS.<o:p id=\"yui_3_16_0_ym19_1_1497938757736_306770\"><\/o:p><\/span><\/b><\/div>\n<div id=\"yui_3_16_0_ym19_1_1497938757736_306559\">                                                <\/div>\n<div style=\"text-align:justify\" dir=\"ltr\" id=\"yui_3_16_0_ym19_1_1497938757736_306771\"><span style=\"font-size:14.0pt;line-height:107%;font-family:&quot;Arial&quot;,sans-serif\" id=\"yui_3_16_0_ym19_1_1497938757736_306772\"><o:p id=\"yui_3_16_0_ym19_1_1497938757736_306773\">&nbsp;<\/o:p><\/span><\/div>\n<div id=\"yui_3_16_0_ym19_1_1497938757736_306559\"><span><br \/><\/span><\/div>\n<div id=\"yui_3_16_0_ym19_1_1497938757736_306559\"><span><br \/><\/span><\/div>\n<div id=\"yui_3_16_0_ym19_1_1497938757736_306559\"><span><br \/><\/span><\/div>\n<div><\/div>\n<div id=\"yui_3_16_0_ym19_1_1497938757736_306622\">&nbsp;<\/div>\n<div class=\"signature\" id=\"yui_3_16_0_ym19_1_1497938757736_306572\">\n<div id=\"RTEContent\">\n<div id=\"yui_3_16_0_ym19_1_1497938757736_306571\">\n<div id=\"yui_3_16_0_ym19_1_1497938757736_306570\">\n<div id=\"yui_3_16_0_ym19_1_1497938757736_306569\">\n<div align=\"center\" id=\"yui_3_16_0_ym19_1_1497938757736_306568\"><\/div>\n<\/div>\n<\/div>\n<\/div>\n<\/div>\n<\/div>\n<\/div>\n<\/div>\n<p><\/p>\n","protected":false},"excerpt":{"rendered":"<p>&nbsp; &nbsp; O Vasco perdeu, ontem, para o Botafogo, por 3 a 1, no Est\u00e1dio&#8230;<\/p>\n","protected":false},"author":7,"featured_media":0,"comment_status":"open","ping_status":"closed","sticky":false,"template":"","format":"standard","meta":{"footnotes":""},"categories":[4],"tags":[],"class_list":["post-8219","post","type-post","status-publish","format-standard","hentry","category-luizcarlosrocha"],"_links":{"self":[{"href":"https:\/\/webvasco.com\/artigos\/wp-json\/wp\/v2\/posts\/8219","targetHints":{"allow":["GET"]}}],"collection":[{"href":"https:\/\/webvasco.com\/artigos\/wp-json\/wp\/v2\/posts"}],"about":[{"href":"https:\/\/webvasco.com\/artigos\/wp-json\/wp\/v2\/types\/post"}],"author":[{"embeddable":true,"href":"https:\/\/webvasco.com\/artigos\/wp-json\/wp\/v2\/users\/7"}],"replies":[{"embeddable":true,"href":"https:\/\/webvasco.com\/artigos\/wp-json\/wp\/v2\/comments?post=8219"}],"version-history":[{"count":0,"href":"https:\/\/webvasco.com\/artigos\/wp-json\/wp\/v2\/posts\/8219\/revisions"}],"wp:attachment":[{"href":"https:\/\/webvasco.com\/artigos\/wp-json\/wp\/v2\/media?parent=8219"}],"wp:term":[{"taxonomy":"category","embeddable":true,"href":"https:\/\/webvasco.com\/artigos\/wp-json\/wp\/v2\/categories?post=8219"},{"taxonomy":"post_tag","embeddable":true,"href":"https:\/\/webvasco.com\/artigos\/wp-json\/wp\/v2\/tags?post=8219"}],"curies":[{"name":"wp","href":"https:\/\/api.w.org\/{rel}","templated":true}]}}