{"id":822,"date":"2014-04-07T23:37:48","date_gmt":"2014-04-08T02:37:48","guid":{"rendered":"http:\/\/webvasco.com\/artigos\/?p=822"},"modified":"2014-04-07T23:39:55","modified_gmt":"2014-04-08T02:39:55","slug":"obstinao-como-referncia","status":"publish","type":"post","link":"https:\/\/webvasco.com\/artigos\/colunistas\/obstinao-como-referncia\/","title":{"rendered":"Obstina&ccedil;&atilde;o como refer&ecirc;ncia"},"content":{"rendered":"<div dir=\"ltr\">\n<div>\n<p style=\"margin:0px 0px 10px;padding:0px;border:0px;outline:0px;font-size:15px;vertical-align:baseline;color:rgb(51,51,51);line-height:21px\">E, mais uma vez infelizmente, o Vasco deixou de bater seu arquirrival, tecnicamente, mais enfraquecido no dia de ontem! E, mais uma vez, em circunst\u00e2ncias tal como j\u00e1 v\u00edramos em ocasi\u00f5es de outrora: quando teve o dom\u00ednio do jogo, foi incapaz de converter tal controle em gols. Quando foi dominado, deixou o advers\u00e1rio n\u00e3o somente jogar, mas praticamente &ldquo;apitar&rdquo; o jogo, com as constantes reclama\u00e7\u00f5es dos jogadores advers\u00e1rios.<\/p>\n<p><\/p>\n<p style=\"margin:0px 0px 10px;padding:0px;border:0px;outline:0px;font-size:15px;vertical-align:baseline;color:rgb(51,51,51);line-height:21px\">Em que pese os erros vasca\u00ednos (mais adiante, comento), o que presenciamos foi um empate arrancado no grito de Alecsandro, L\u00e9o, \u00c9verton, Felipe e companhia. N\u00e3o havia uma falta a favor do Vasco n\u00e3o contestada, assim como n\u00e3o havia um lance contra o Vasco em que n\u00e3o fosse pedido um cart\u00e3o para nossos jogadores. E o fraqu\u00edssimo \u00e1rbitro Rodrigo Nunes de S\u00e1 &ndash; mais um que faz parte dessa trupe de incompetentes (no m\u00ednimo) da comiss\u00e3o de arbitragem da FFERJ &ndash; se deixando levar, de forma parcial e passiva.<\/p>\n<p><\/p>\n<p style=\"margin:0px 0px 10px;padding:0px;border:0px;outline:0px;font-size:15px;vertical-align:baseline;color:rgb(51,51,51);line-height:21px\">Como &ldquo;pr\u00eamio&rdquo; por tanta press\u00e3o, tivemos um jogador expulso e um empate que n\u00e3o refletiu os mais de sessenta por cento de posse de bola que esse time do Vasco se acostumou a ter perante seus advers\u00e1rios. Tal como n\u00e3o se refletiu tal rigorosidade aplicada contra os jogadores vasca\u00ednos em n\u00fameros, onde no retrospecto geral do pr\u00e9lio, ainda o advers\u00e1rio cometeu duas faltas a mais do que nossa equipe durante os mais de noventa minutos (Vasco 26 vs 28 Flamengo, em n\u00famero de faltas cometidas, segundo&nbsp;<a href=\"http:\/\/esportes.r7.com\/futebol\/jogo-ao-vivo\/campeonato-carioca-2014-fase-final\/vasco-x-flamengo-06042014\" style=\"margin:0px;padding:0px;border:0px;outline:0px;vertical-align:baseline;color:rgb(235,16,20);letter-spacing:0px\"><\/a><a href=\"http:\/\/esportes.r7.com\/futebol\/jogo-ao-vivo\/campeonato-carioca-2014-fase-final\/vasco-x-flamengo-06042014\" >http:\/\/esportes.r7.com\/futebol\/jogo-ao-vivo\/campeonato-carioca-2014-fase-final\/vasco-x-flamengo-06042014<\/a>&nbsp;).<\/p>\n<p><\/p>\n<p style=\"margin:0px 0px 10px;padding:0px;border:0px;outline:0px;font-size:15px;vertical-align:baseline;color:rgb(51,51,51);line-height:21px\">E l\u00e1 iremos de novo, para um novo e decisivo pr\u00e9lio no pr\u00f3ximo domingo! Sabendo que os advers\u00e1rios ser\u00e3o os mesmos, e ainda mais refor\u00e7ados. Provavelmente, tr\u00eas dos quatro jogadores do rival que foram desfalques ontem estar\u00e3o em campo. Estaremos sem o jogador mais voluntarioso de nosso ataque, Everton Costa. Para completar, Marcelo de Lima Henrique &ndash; mais uma vez, o pr\u00f3prio &ndash; estar\u00e1 no apito, e s\u00f3 sua presen\u00e7a em jogos do Vasco j\u00e1 \u00e9 um motivo de preocupa\u00e7\u00e3o; contra o Flamengo, ent\u00e3o, no qual o pr\u00f3prio Marcelo j\u00e1 possui sua foto compartilhada pelas redes sociais com a camisa do oponente h\u00e1 tempos&#8230;<\/p>\n<p><\/p>\n<p style=\"margin:0px 0px 10px;padding:0px;border:0px;outline:0px;font-size:15px;vertical-align:baseline;color:rgb(51,51,51);line-height:21px\">Tudo isso s\u00f3 nos leva a uma certeza, dentre tantas incertezas que temos nesse momento: fortes emo\u00e7\u00f5es h\u00e3o de vir! Mas o \u00faltimo cap\u00edtulo, apesar do resultado &ldquo;brochante&rdquo; para a nossa torcida ontem, ainda n\u00e3o acabou e est\u00e1 LONGE de ser decidido! Contudo, para um final MUITO mais feliz, algumas provid\u00eancias ser\u00e3o essenciais&#8230;<\/p>\n<p><\/p>\n<p style=\"margin:0px 0px 10px;padding:0px;border:0px;outline:0px;font-size:15px;vertical-align:baseline;color:rgb(51,51,51);line-height:21px\"><strong style=\"margin:0px;padding:0px;border:0px;outline:0px;vertical-align:baseline;color:rgb(68,68,68);font-family:Arial,&#39;Times New Roman&#39;,serif\">O erro fatal<\/strong><\/p>\n<p><\/p>\n<p style=\"margin:0px 0px 10px;padding:0px;border:0px;outline:0px;font-size:15px;vertical-align:baseline;color:rgb(51,51,51);line-height:21px\">Tal como em um jogo de xadrez, qualquer movimento desnecess\u00e1rio, fora de hora ou omiss\u00e3o do mesmo dado por um jogador pode provocar sua pr\u00f3pria derrota. Assim foi nosso t\u00e9cnico (mais uma vez!), Ad\u00edlson Batista, ontem. Como &ldquo;dono do lado do tabuleiro vasca\u00edno&rdquo;, foi talvez o \u00daNICO a perceber que \u00c9verton Costa seria expulso a qualquer momento, em face \u00e0 press\u00e3o exercida sobre a arbitragem e \u00e0 pr\u00f3pria displic\u00eancia do pr\u00f3prio \u00c9verton, que n\u00e3o evitou o contato em lances que poderia ter evitado, N\u00e3o tenho d\u00favidas de que foram ambos n\u00e3o os \u00fanicos, mas os principais respons\u00e1veis pelo empate, pois deram a &ldquo;lenha na fogueira&rdquo; necess\u00e1ria para que o \u00e1rbitro fizesse algo que j\u00e1 estava sendo induzido a fazer.<\/p>\n<p><\/p>\n<p style=\"margin:0px 0px 10px;padding:0px;border:0px;outline:0px;font-size:15px;vertical-align:baseline;color:rgb(51,51,51);line-height:21px\">Al\u00e9m disso, Ad\u00edlson parece que possui uma avers\u00e3o em mudar os rumos do time durante os jogos. Ou, simplesmente e \u00e9 essa a hip\u00f3tese no qual mais acredito, enxerga mal aos jogos, al\u00e9m de n\u00e3o possuir um auxiliar capaz de alert\u00e1-lo, pelo menos, do \u00f3bvio, que seria a expuls\u00e3o natural do citado jogador em face \u00e0s observ\u00e2ncias acerca do clima do jogo e da forma como o mesmo estava sendo conduzido. Est\u00e1 em suas m\u00e3os, agora, achar um substituto para \u00c9verton Costa, que passa MUITO LONGE de ser algum craque, mas que sem d\u00favida vinha sendo a pe\u00e7a ofensiva que mais incomodava \u00e0 dupla Fla-Flu nessa fase decisiva do campeonato.<\/p>\n<p><\/p>\n<p style=\"margin:0px 0px 10px;padding:0px;border:0px;outline:0px;font-size:15px;vertical-align:baseline;color:rgb(51,51,51);line-height:21px\"><strong style=\"margin:0px;padding:0px;border:0px;outline:0px;vertical-align:baseline;color:rgb(68,68,68);font-family:Arial,&#39;Times New Roman&#39;,serif\">Como proceder?<\/strong><\/p>\n<p><\/p>\n<p style=\"margin:0px 0px 10px;padding:0px;border:0px;outline:0px;font-size:15px;vertical-align:baseline;color:rgb(51,51,51);line-height:21px\">Cessada a partida, sob o ponto de vista campo-e-bola, cheguei a pensar e a refletir durante alguns momentos. A primeira ideia que pairou em minha mente foi a de se criar um fato novo para o pr\u00f3ximo domingo. E esse fato novo seria advindo de uma mudan\u00e7a radical em certos elementos do time que deixaram a desejar, e que tamb\u00e9m contribu\u00edram para a n\u00e3o-vit\u00f3ria de ontem.<\/p>\n<p><\/p>\n<p style=\"margin:0px 0px 10px;padding:0px;border:0px;outline:0px;font-size:15px;vertical-align:baseline;color:rgb(51,51,51);line-height:21px\">Tal mudan\u00e7a radical eu tiro como inspira\u00e7\u00e3o a decis\u00e3o de 1982, e um novo &ldquo;efeito Lopes&rdquo;, quando na \u00e9poca o referido treinador sacou logo CINCO jogadores para a segunda partida, e que no final deu o resultado que todos desejavam. N\u00e3o \u00e0 toa pensei dessa forma, pois Marlon, Pedro Ken e Reginaldo me deram os argumentos necess\u00e1rios em defesa dessa ideia, al\u00e9m de \u00c9verton Costa que, suspenso, n\u00e3o jogar\u00e1.<\/p>\n<p><\/p>\n<p style=\"margin:0px 0px 10px;padding:0px;border:0px;outline:0px;font-size:15px;vertical-align:baseline;color:rgb(51,51,51);line-height:21px\">Apesar de n\u00e3o acreditar que Ad\u00edlson far\u00e1 o que penso &ndash; e pautado em sua declara\u00e7\u00e3o publicada no site agora de manh\u00e3 cedo, de que n\u00e3o far\u00e1 muitas mexidas &ndash; creio que nenhum torcedor vasca\u00edno acharia algum absurdo se Ad\u00edlson escalasse, respectivamente, em seus lugares Diego Renan, Aranda e Montoya de in\u00edcio nesse confronto decisivo. A d\u00favida seria quanto ao jogador capaz de fazer a fun\u00e7\u00e3o de lado direito de campo que \u00c9verton Costa faria. Confiar em Bernardo \u00e9 t\u00e3o incerto quanto mudar o esquema do time, pois assim seria em caso de que Thalles come\u00e7asse jogando, e portanto na d\u00favida de qual incerteza apostar, daria (mais uma) chance a Bernardo, mantendo o esquema t\u00e1tico que vem agradando.<\/p>\n<p><\/p>\n<p style=\"margin:0px 0px 10px;padding:0px;border:0px;outline:0px;font-size:15px;vertical-align:baseline;color:rgb(51,51,51);line-height:21px\">Mas a principal postura que espero de mude \u00e9 a dos pr\u00f3prios jogadores. N\u00e3o que eles tivessem sido &ldquo;frouxos&rdquo;, no entanto, poderiam ter chegado mais junto quanto \u00e0s reclama\u00e7\u00f5es do advers\u00e1rio, tomando as mesmas atitudes dos jogadores do Flamengo e n\u00e3o deixando que os mesmos comandassem a partida de forma deliberada e soberana. N\u00e3o sou um fil\u00f3sofo que ache que jogador tem que jogar somente futebol e que somente dessa forma o jogo \u00e9 resolvido: a maior prova disso foi o quanto o time do Flamengo &ldquo;ganhou no grito&rdquo; nesse \u00faltimo confronto.<\/p>\n<p>Portanto e sendo bem verdadeiro: em face de tudo isso que aconteceu e que sabemos que acontece no futebol, o Vasco ter\u00e1 que &ldquo;gritar&rdquo; t\u00e3o forte conforme seu advers\u00e1rio se quiser sair campe\u00e3o do Maracan\u00e3, no pr\u00f3ximo domingo.<\/p>\n<p><\/p>\n<p style=\"margin:0px 0px 10px;padding:0px;border:0px;outline:0px;font-size:15px;vertical-align:baseline;color:rgb(51,51,51);line-height:21px\"><strong style=\"margin:0px;padding:0px;border:0px;outline:0px;vertical-align:baseline;color:rgb(68,68,68);font-family:Arial,&#39;Times New Roman&#39;,serif\">O fator extracampo<\/strong><\/p>\n<p><\/p>\n<p style=\"margin:0px 0px 10px;padding:0px;border:0px;outline:0px;font-size:15px;vertical-align:baseline;color:rgb(51,51,51);line-height:21px\">Afora os cuidados a serem tomados em campo, jogando com atitude, sem medo tal como ontem e sabendo reclamar na hora certa, impedindo de o Flamengo envolver mais uma vez o \u00e1rbitro em suas contesta\u00e7\u00f5es, fora de campo deve-se manter vig\u00edlia sobre a FFERJ e sobre a pr\u00f3pria m\u00eddia esportiva. Na primeira, externar mais uma vez todo descontentamento quanto ao tratamento dado ao Vasco pelos ju\u00edzes, culminado em preju\u00edzo ao time em quase todo jogo. Sobre a m\u00eddia esportiva, rebater de forma veemente cada ind\u00edcio de reclama\u00e7\u00e3o que brotar (de maneira injustific\u00e1vel) pela G\u00e1vea, e n\u00e3o deixar de responder \u00e0 altura \u00e0 alguma eventual mat\u00e9ria depreciativa que surja durante a semana.<\/p>\n<p><\/p>\n<p style=\"margin:0px 0px 10px;padding:0px;border:0px;outline:0px;font-size:15px;vertical-align:baseline;color:rgb(51,51,51);line-height:21px\">Al\u00e9m disso, cabe a Rodrigo Caetano &ndash; como diretor-executivo de futebol &ndash; o DEVER de &ldquo;blindar&rdquo; a esse elenco durante essa semana de trabalho. N\u00e3o deixar que alguma provoca\u00e7\u00e3o ou que alguma mat\u00e9ria do mau jornalismo esportivo dando conta de eventuais &ldquo;crises&rdquo;, atrasos de sal\u00e1rios entre outras cause instabilidade no grupo, mantendo-o focado somente na decis\u00e3o que pode significar o rompimento de um jejum de onze anos sem o referido t\u00edtulo, e ainda &ldquo;de quebra&rdquo; dar \u00e0 gera\u00e7\u00e3o de vasca\u00ednos nascidos de 1990 para c\u00e1 o prazer de presenciar sua primeira conquista sobre o Flamengo em finais.<\/p>\n<p><\/p>\n<p style=\"margin:0px 0px 10px;padding:0px;border:0px;outline:0px;font-size:15px;vertical-align:baseline;color:rgb(51,51,51);line-height:21px\"><strong style=\"margin:0px;padding:0px;border:0px;outline:0px;vertical-align:baseline;color:rgb(68,68,68);font-family:Arial,&#39;Times New Roman&#39;,serif\">Tributo a Barbosa, a carta hist\u00f3rica e o Vasco de hoje<\/strong><\/p>\n<p><\/p>\n<p style=\"margin:0px 0px 10px;padding:0px;border:0px;outline:0px;font-size:15px;vertical-align:baseline;color:rgb(51,51,51);line-height:21px\">Na data de hoje h\u00e1 quatorze anos, falecia um dos maiores goleiros que o Brasil j\u00e1 conhecera. Barbosa era a cara do Vasco em TODOS os sentidos: vasca\u00edno, negro e injusti\u00e7ado. Esquecido, desprezado logo ap\u00f3s a decis\u00e3o de 1950 e a ele, de forma INJUSTA, atribu\u00edda toda a culpa por aquela derrota brasileira.<\/p>\n<p><\/p>\n<p style=\"margin:0px 0px 10px;padding:0px;border:0px;outline:0px;font-size:15px;vertical-align:baseline;color:rgb(51,51,51);line-height:21px\">Foi tamb\u00e9m na data do dia 07 de abril que o Presidente vasca\u00edno Jos\u00e9 Augusto Prestes enviou a carta hist\u00f3rica \u00e0 antiga federa\u00e7\u00e3o, em que repudiava o pedido de se tirar os atletas negros e menos favorecidos socialmente de seu time, ainda que a pena fosse a exclus\u00e3o do campeonato, num gesto lembrado COM ORGULHO por todos os vasca\u00ednos, at\u00e9 hoje (Fonte:<a href=\"http:\/\/www.vasco.com.br\/site\/index.php\/noticia\/conteudo\/4715\/#.U0K2FvldXp4\" style=\"margin:0px;padding:0px;border:0px;outline:0px;vertical-align:baseline;color:rgb(235,16,20);letter-spacing:0px\"><\/a><a href=\"http:\/\/www.vasco.com.br\/site\/index.php\/noticia\/conteudo\/4715\/#.U0K2FvldXp4\" >http:\/\/www.vasco.com.br\/site\/index.php\/noticia\/conteudo\/4715\/#.U0K2FvldXp4<\/a>)<\/p>\n<p><\/p>\n<p style=\"margin:0px 0px 10px;padding:0px;border:0px;outline:0px;font-size:15px;vertical-align:baseline;color:rgb(51,51,51);line-height:21px\">N\u00e3o seria nenhum absurdo e com certeza compreens\u00edvel se o Vasco utilizasse tal presente data que j\u00e1 \u00e9 o marco de dois acontecimentos que jamais ser\u00e3o esquecidos se o Vasco enviasse uma nova carta, dessa vez, \u00e0 FFERJ em rep\u00fadio total a toda essa bandalheira que dominou o futebol, em especial, o carioca, e comprometendo-se a n\u00e3o disputar mais nenhum torneio promovido futuramente por ela dependendo da forma de como a decis\u00e3o do pr\u00f3ximo domingo ser\u00e1 conduzida.<\/p>\n<p><\/p>\n<p style=\"margin:0px 0px 10px;padding:0px;border:0px;outline:0px;font-size:15px;vertical-align:baseline;color:rgb(51,51,51);line-height:21px\"><strong style=\"margin:0px;padding:0px;border:0px;outline:0px;vertical-align:baseline;color:rgb(68,68,68);font-family:Arial,&#39;Times New Roman&#39;,serif\">&ldquo;Toques finais&rdquo;<\/strong><\/p>\n<p><\/p>\n<p style=\"margin:0px 0px 10px;padding:0px;border:0px;outline:0px;font-size:15px;vertical-align:baseline;color:rgb(51,51,51);line-height:21px\">1\u00ba) N\u00e3o tenho d\u00favidas de que Rodrigo fora, disparado, a MELHOR contrata\u00e7\u00e3o do Vasco para esse ano. Zagueiro experiente, voluntarioso, \u00f3timo nas bolas altas e que passa tranquilidade para todos! N\u00e3o \u00e9 a toa que Luan, jovem zagueiro promissor, est\u00e1 se firmando a cada jogo mais, mostrando o zagueiro que SEMPRE foi quando nas divis\u00f5es de base do clube.<\/p>\n<p><\/p>\n<p style=\"margin:0px 0px 10px;padding:0px;border:0px;outline:0px;font-size:15px;vertical-align:baseline;color:rgb(51,51,51);line-height:21px\">2\u00ba) A maior prova da for\u00e7a de nosso sistema defensivo \u00e9 que Mart\u00edn Silva s\u00f3 foi amea\u00e7ado no chute indefens\u00e1vel de Paulinho quando no gol de empate do advers\u00e1rio. Sobre isso, ser\u00e1 que algu\u00e9m ainda vai sustentar a ideia de &ldquo;falha&rdquo; (sic!) de nosso camisa um mesmo quando um chute bem calibrado sai a 103 KM \/ H?!<\/p>\n<p><\/p>\n<p style=\"margin:0px 0px 10px;padding:0px;border:0px;outline:0px;font-size:15px;vertical-align:baseline;color:rgb(51,51,51);line-height:21px\">3\u00aa) Lament\u00e1vel a falta de qu\u00f3rum do Conselho Deliberativo do Vasco quando, na \u00faltima quarta-feira, por esse motivo deixou de votar a emenda no estatuto que impediria a propaga\u00e7\u00e3o do &ldquo;coronelismo&rdquo; na pol\u00edtica do Vasco, raz\u00e3o pela qual o Vasco s\u00f3 teve apenas cinco Presidentes nos \u00faltimos quarenta anos de hist\u00f3ria.<\/p>\n<p><\/p>\n<p style=\"margin:0px 0px 10px;padding:0px;border:0px;outline:0px;font-size:15px;vertical-align:baseline;color:rgb(51,51,51);line-height:21px\">4\u00aa) Ao contr\u00e1rio de todas as adversidades, a torcida do Vasco deve estar em peso no Maracan\u00e3 nesse embate final. Dar for\u00e7a em busca desse t\u00edtulo que na minha intui\u00e7\u00e3o vir\u00e1, cantar os parab\u00e9ns ao anivers\u00e1rio do Presidente Roberto e, &ldquo;como sobremesa&rdquo;, ainda ganhar do pr\u00f3prio como presente seu an\u00fancio da n\u00e3o-candidatura \u00e0 Presid\u00eancia por sua parte para as pr\u00f3ximas elei\u00e7\u00f5es, como forma de sair de forma mais digna de um mandato HORROROSO que nos levou a dois rebaixamentos em campo e a outros tantos institucionais.<\/p>\n<p><\/p>\n<p style=\"margin:0px 0px 10px;padding:0px;border:0px;outline:0px;font-size:15px;vertical-align:baseline;color:rgb(51,51,51);line-height:21px\">5) Para refletir: esse lance a favor do Flamengo, ainda em 2010, resultou em p\u00eanalti sobre L\u00e9o Moura, gol de Adriano e derrota de nossa parte (Fonte:&nbsp;<a href=\"https:\/\/www.youtube.com\/watch?v=gLvZqgK6Xp0\" style=\"margin:0px;padding:0px;border:0px;outline:0px;vertical-align:baseline;color:rgb(235,16,20);letter-spacing:0px\">[youtube gLvZqgK6Xp0]<\/a>&nbsp;). O p\u00eanalti &quot;Claro&quot; (com patroc\u00ednio, inclusive) de ontem visto com detalhe exclusivo abaixo em que muitos n\u00e3o consideraram p\u00eanalti sobre \u00c9verton Costa rendeu ao pr\u00f3prio um injusto cart\u00e3o amarelo.<\/p>\n<p><\/p>\n<p style=\"margin:0px 0px 10px;padding:0px;border:0px;outline:0px;font-size:15px;vertical-align:baseline;color:rgb(51,51,51);line-height:21px\"><img decoding=\"async\" alt=\"P\u00eanalti &quot;Claro&quot;!\" src=\"https:\/\/fbcdn-sphotos-b-a.akamaihd.net\/hphotos-ak-frc3\/t1.0-9\/10150643_10201819737317015_5357678789001986210_n.jpg\" style=\"margin: 0px; padding: 0px; border: none; outline: 0px; vertical-align: baseline; width: 438px; height: 766px;\"\/><\/p>\n<p><\/p>\n<p style=\"margin:0px 0px 10px;padding:0px;border:0px;outline:0px;font-size:15px;vertical-align:baseline;color:rgb(51,51,51);line-height:21px\"><em style=\"margin:0px;padding:0px;border:none;outline:0px;vertical-align:baseline\"><strong style=\"margin:0px;padding:0px;border:0px;outline:0px;vertical-align:baseline;color:rgb(68,68,68);font-family:Arial,&#39;Times New Roman&#39;,serif\">&quot;A luta parece ser ingl\u00f3ria, mas para os justos de cora\u00e7\u00e3o, ainda que tarde a vit\u00f3ria \u00e9 certa&quot;.<\/strong><\/em><\/p>\n<p>\n<\/div>\n<p>\n<\/div>\n<p><\/p>\n","protected":false},"excerpt":{"rendered":"<p>E, mais uma vez infelizmente, o Vasco deixou de bater seu arquirrival, tecnicamente, mais enfraquecido&#8230;<\/p>\n","protected":false},"author":12,"featured_media":823,"comment_status":"open","ping_status":"closed","sticky":false,"template":"","format":"standard","meta":{"footnotes":""},"categories":[3],"tags":[],"class_list":["post-822","post","type-post","status-publish","format-standard","has-post-thumbnail","hentry","category-colunistas"],"_links":{"self":[{"href":"https:\/\/webvasco.com\/artigos\/wp-json\/wp\/v2\/posts\/822","targetHints":{"allow":["GET"]}}],"collection":[{"href":"https:\/\/webvasco.com\/artigos\/wp-json\/wp\/v2\/posts"}],"about":[{"href":"https:\/\/webvasco.com\/artigos\/wp-json\/wp\/v2\/types\/post"}],"author":[{"embeddable":true,"href":"https:\/\/webvasco.com\/artigos\/wp-json\/wp\/v2\/users\/12"}],"replies":[{"embeddable":true,"href":"https:\/\/webvasco.com\/artigos\/wp-json\/wp\/v2\/comments?post=822"}],"version-history":[{"count":0,"href":"https:\/\/webvasco.com\/artigos\/wp-json\/wp\/v2\/posts\/822\/revisions"}],"wp:featuredmedia":[{"embeddable":true,"href":"https:\/\/webvasco.com\/artigos\/wp-json\/wp\/v2\/media\/823"}],"wp:attachment":[{"href":"https:\/\/webvasco.com\/artigos\/wp-json\/wp\/v2\/media?parent=822"}],"wp:term":[{"taxonomy":"category","embeddable":true,"href":"https:\/\/webvasco.com\/artigos\/wp-json\/wp\/v2\/categories?post=822"},{"taxonomy":"post_tag","embeddable":true,"href":"https:\/\/webvasco.com\/artigos\/wp-json\/wp\/v2\/tags?post=822"}],"curies":[{"name":"wp","href":"https:\/\/api.w.org\/{rel}","templated":true}]}}