{"id":8220,"date":"2017-06-25T15:59:04","date_gmt":"2017-06-25T18:59:04","guid":{"rendered":"http:\/\/webvasco.com\/artigos\/?p=8220"},"modified":"2017-06-25T16:14:05","modified_gmt":"2017-06-25T19:14:05","slug":"s-deu-drago","status":"publish","type":"post","link":"https:\/\/webvasco.com\/artigos\/colunistas\/luizcarlosrocha\/s-deu-drago\/","title":{"rendered":"S&Oacute; DEU DRAG&Atilde;O!"},"content":{"rendered":"<div>\n<div style=\"color:#000; background-color:#fff; font-family:Helvetica Neue, Helvetica, Arial, Lucida Grande, sans-serif;font-size:32px\">\n<div style=\"text-align:justify\" id=\"yui_3_16_0_ym19_1_1497938757736_481062\"><span style=\"font-size:14.0pt;line-height:107%;font-family:&quot;Arial&quot;,sans-serif\" id=\"yui_3_16_0_ym19_1_1497938757736_481063\">&nbsp; &nbsp; Por incr\u00edvel que pare\u00e7a o Drag\u00e3o foi pe\u00e7a  chave, hoje, em S\u00e3o Janu\u00e1rio. Personagem encontrado facilmente por todos os  cantos do referido est\u00e1dio. Mas para alegria da Imensa Torcida Bem Feliz, o Vasco  venceu por 1 a 0 o Monstro de Goi\u00e1s, com gol de Nen\u00ea, chegando agora a quarta  posi\u00e7\u00e3o na tabela de classifica\u00e7\u00e3o, do Campeonato Brasileiro, com 15 pontos  ganhos (em 30 disputados, com aproveitamento de apenas 50%).<o:p id=\"yui_3_16_0_ym19_1_1497938757736_481064\"><\/o:p><\/span><\/div>\n<div style=\"text-align:justify\" id=\"yui_3_16_0_ym19_1_1497938757736_481065\"><span style=\"font-size:14.0pt;line-height:107%;font-family:&quot;Arial&quot;,sans-serif\" id=\"yui_3_16_0_ym19_1_1497938757736_481066\">&nbsp;&nbsp;&nbsp; A 10\u00aa Rodada foi mesmo marcada pelo Drag\u00e3o.  A quantidade de mulher feia nas arquibancadas jamais vista na Colina foi  minuciosamente observada. Beijar tais beldades era tarefa \u00e1rdua. Tem quem diga,  inclusive, que algumas criancinhas olhavam para as \u201ctchutchucas\u201d e disparavam a  frase: \u201cN\u00e3o \u00e9 a mam\u00e3e\u201d, em alus\u00e3o ao drag\u00e3ozinho da Fam\u00edlia Dinossauro. A quantidade  de \u201cMal\u00e9volas\u201d por metro quadrado era um absurdo!<o:p id=\"yui_3_16_0_ym19_1_1497938757736_481067\"><\/o:p><\/span><\/div>\n<div style=\"text-align:justify\" id=\"yui_3_16_0_ym19_1_1497938757736_481068\"><span style=\"font-size:14.0pt;line-height:107%;font-family:&quot;Arial&quot;,sans-serif\" id=\"yui_3_16_0_ym19_1_1497938757736_481069\">&nbsp;&nbsp;&nbsp; Mas pr\u00e9-hist\u00f3rica mesma \u00e9 a fase da  Confedera\u00e7\u00e3o Brasileira de Futebol administrar as partidas contra o Vasco da  Gama. A CBF evita a todo custo apontar penalidade m\u00e1xima contra aquele que um  dia foi Gigante, hoje An\u00e3o (com o apequenamento muito bem feito pelas gest\u00f5es Roberto  Bombinha e Dom Charuto). \u00c9 imposs\u00edvel que o \u00e1rbitro n\u00e3o tenha visto Andr\u00e9  Castro derrubar Nen\u00ea, na \u00e1rea, aos 22 minutos da etapa complementar.&nbsp;&nbsp;&nbsp; <o:p id=\"yui_3_16_0_ym19_1_1497938757736_481070\"><\/o:p><\/span><\/div>\n<div style=\"text-align:justify\" id=\"yui_3_16_0_ym19_1_1497938757736_481071\"><span style=\"font-size:14.0pt;line-height:107%;font-family:&quot;Arial&quot;,sans-serif\" id=\"yui_3_16_0_ym19_1_1497938757736_481072\">&nbsp;&nbsp;&nbsp; Respeito? Deixa pra l\u00e1.<o:p id=\"yui_3_16_0_ym19_1_1497938757736_481073\"><\/o:p><\/span><\/div>\n<div style=\"text-align:justify\" id=\"yui_3_16_0_ym19_1_1497938757736_481074\"><span style=\"font-size:14.0pt;line-height:107%;font-family:&quot;Arial&quot;,sans-serif\" id=\"yui_3_16_0_ym19_1_1497938757736_481075\">&nbsp;&nbsp;&nbsp; Muito embora a situa\u00e7\u00e3o do Cruzmaltino se  d\u00ea por conta de atitudes dolosas do Drag\u00e3o mais conhecido do mundo, aquele que  sempre est\u00e1 embaixo do cavalo de S\u00e3o Jorge (nem preciso escrever a analogia. Ou  h\u00e1 a necessidade?), o clube ainda tem salva\u00e7\u00e3o. Isto, porque, temos espalhados  dentro e fora das depend\u00eancias vasca\u00ednas pessoas que realmente amam o Vasco sem  querer nada em troca ou pensam em explorar a marca em benef\u00edcio pr\u00f3prio. S\u00e3o os  Hor\u00e1cios da vida, em compara\u00e7\u00e3o ao dinossauro fofinho de Maur\u00edcio de Souza. <o:p id=\"yui_3_16_0_ym19_1_1497938757736_481076\"><\/o:p><\/span><\/div>\n<div style=\"text-align:justify\" id=\"yui_3_16_0_ym19_1_1497938757736_481077\"><span style=\"font-size:14.0pt;line-height:107%;font-family:&quot;Arial&quot;,sans-serif\" id=\"yui_3_16_0_ym19_1_1497938757736_481078\">&nbsp;&nbsp;&nbsp; Domingo, dia 02 de julho, \u00e0s 19h, no  Est\u00e1dio Couto Pereira, em Curitiba, o Mach\u00e3o da Gama enfrentar\u00e1 o Coxa, visando  trazer 3 pontos para o Rio de Janeiro.<o:p id=\"yui_3_16_0_ym19_1_1497938757736_481079\"><\/o:p><\/span><\/div>\n<div style=\"text-align:justify\" id=\"yui_3_16_0_ym19_1_1497938757736_481080\"><span style=\"font-size:14.0pt;line-height:107%;font-family:&quot;Arial&quot;,sans-serif\" id=\"yui_3_16_0_ym19_1_1497938757736_481081\"><o:p id=\"yui_3_16_0_ym19_1_1497938757736_481082\">&nbsp;<\/o:p><\/span><\/div>\n<div style=\"text-align:justify\" id=\"yui_3_16_0_ym19_1_1497938757736_481083\"><b id=\"yui_3_16_0_ym19_1_1497938757736_481084\"><u id=\"yui_3_16_0_ym19_1_1497938757736_481085\"><span style=\"font-size:20.0pt;line-height:107%;font-family:&quot;Arial&quot;,sans-serif\" id=\"yui_3_16_0_ym19_1_1497938757736_481086\">VERGONHA  (4 ANOS!):<o:p id=\"yui_3_16_0_ym19_1_1497938757736_481087\"><\/o:p><\/span><\/u><\/b><\/div>\n<div style=\"text-align:justify\" id=\"yui_3_16_0_ym19_1_1497938757736_481088\"><span style=\"font-size:14.0pt;line-height:107%;font-family:&quot;Arial&quot;,sans-serif\" id=\"yui_3_16_0_ym19_1_1497938757736_481089\">DEPOIS DE AGUARDAR <b id=\"yui_3_16_0_ym19_1_1497938757736_481090\">48 MESES, OU SEJA, 4 ANOS!&nbsp; (CARRO DESDE 10 DE JUNHO DE 2013)<\/b> COM O  CARRO PRESO NA OFICINA DA ABOLI\u00c7\u00c3O VE\u00cdCULOS COM APENAS 729 KM RODADOS, EM UM  PROCESSO COM 8 VOLUMES, NA 1\u00aa VARA CIVEL, DA COMARCA DE NITER\u00d3I\/RJ, REGIONAL  OCE\u00c2NICA, A SENTEN\u00c7A FOI INDEFERIR TODOS OS MEUS PEDIDOS E AINDA CONDENAR EM  10% DE CUSTAS JUDICIAIS. OU SEJA, FIQUEI SEM CARRO ESSE TEMPO TODO (MESMO  PAGANDO \u00c0 VISTA POR ELE), JUNTEI PROVAS COMO REGISTRO DE OCORR\u00caNCIA DA POL\u00cdCIA  CIVIL\/RJ, BOLETIM DE OCORR\u00caNCIA DA POLICIA MILITAR\/RJ, ORDENS DE SERVI\u00c7O, MAIS  DE 600 FOTOGRAFIAS, MAIS DE 40 \u00c1UDIOS, NOTAS FISCAIS, NOTAS DE T\u00c1XI,  PRONTU\u00c1RIOS M\u00c9DICOS, POIS NESTE PER\u00cdODO TIVE PROBLEMAS DE SA\u00daDE, BEM COMO MEUS  FAMILIARES, TENDO UMA FILHA QUE HOJE TEM APENAS 5 ANOS, NA \u00c9POCA POUCO MAIS DE  1 ANINHO. VALE LEMBRAR, QUE OS PRIMEIROS DEFEITOS SE DERAM QUANDO O CARRO TINHA  MENOS DE 30 KM RODADOS. TUDO ISSO PARA NADA. QUEM GOSTOU DO RESULTADO DA DOUTA  MAGRISTRADA FORAM AS EMPRESAS R\u00c9S \u2013 QUE ME LESARAM \u2013 ABOLI\u00c7\u00c3O VE\u00cdCULOS E VW DO  BRASIL (PROCESSO: No 0016370-44.2013.8.19.0212).<o:p id=\"yui_3_16_0_ym19_1_1497938757736_481091\"><\/o:p><\/span><\/div>\n<div style=\"text-align:justify\" id=\"yui_3_16_0_ym19_1_1497938757736_481092\"><b id=\"yui_3_16_0_ym19_1_1497938757736_481093\"><span style=\"font-size:14.0pt;line-height:107%;font-family:&quot;Arial&quot;,sans-serif\" id=\"yui_3_16_0_ym19_1_1497938757736_481094\">&nbsp;<o:p id=\"yui_3_16_0_ym19_1_1497938757736_481095\"><\/o:p><\/span><\/b><\/div>\n<div style=\"text-align:justify\" id=\"yui_3_16_0_ym19_1_1497938757736_481096\"><b id=\"yui_3_16_0_ym19_1_1497938757736_481097\"><span style=\"font-size:14.0pt;line-height:107%;font-family:&quot;Arial&quot;,sans-serif\" id=\"yui_3_16_0_ym19_1_1497938757736_481098\">&nbsp;&nbsp;&nbsp;&nbsp;&nbsp;&nbsp;&nbsp;&nbsp;&nbsp;&nbsp;&nbsp;&nbsp;&nbsp;&nbsp; <o:p id=\"yui_3_16_0_ym19_1_1497938757736_481099\"><\/o:p><\/span><\/b><\/div>\n<div style=\"text-align:justify\" id=\"yui_3_16_0_ym19_1_1497938757736_481100\"><b id=\"yui_3_16_0_ym19_1_1497938757736_481101\"><span style=\"font-size:14.0pt;line-height:107%;font-family:&quot;Arial&quot;,sans-serif\" id=\"yui_3_16_0_ym19_1_1497938757736_481102\">&nbsp;&nbsp;&nbsp;&nbsp;&nbsp;&nbsp;&nbsp;&nbsp;&nbsp;&nbsp;&nbsp;&nbsp;&nbsp;&nbsp;&nbsp;&nbsp;&nbsp;&nbsp;&nbsp;&nbsp;&nbsp;&nbsp;&nbsp;&nbsp;&nbsp;&nbsp;&nbsp;&nbsp;&nbsp;&nbsp; <o:p id=\"yui_3_16_0_ym19_1_1497938757736_481103\"><\/o:p><\/span><\/b><\/div>\n<div style=\"text-align:justify\" id=\"yui_3_16_0_ym19_1_1497938757736_481104\"><b id=\"yui_3_16_0_ym19_1_1497938757736_481105\"><span style=\"font-size:14.0pt;line-height:107%;font-family:&quot;Arial&quot;,sans-serif\" id=\"yui_3_16_0_ym19_1_1497938757736_481106\">AP\u00d3S  AS TODAS AS PARTIDAS DO VASC\u00c3O EM MEU PERFIL DO FACEBOOK (QUEM QUISER RECEBER  AS CR\u00d4NICAS DE PRIMEIRA M\u00c3O \u00c9 S\u00d3 ME ADICIONAR), E NO SITE WEBVASCO  (<a href=\"http:\/\/www.webvasco.com\">www.webvasco.com<\/a>), TEM A OPINI\u00c3O DO JORNALISTA LUIZ CARLOS ROCHA. LEIAM!  COMPARTILHEM E CURTAM! VASCA\u00cdNOS UNIDOS JAMAIS SER\u00c3O VENCIDOS.<\/span><\/b><span style=\"font-size:14.0pt;line-height:107%;font-family:&quot;Arial&quot;,sans-serif\" id=\"yui_3_16_0_ym19_1_1497938757736_481107\"><o:p id=\"yui_3_16_0_ym19_1_1497938757736_481108\"><\/o:p><\/span><\/div>\n<div id=\"yui_3_16_0_ym19_1_1497938757736_480868\">                                                    <\/div>\n<div style=\"text-align:justify\" dir=\"ltr\" id=\"yui_3_16_0_ym19_1_1497938757736_481109\"><span style=\"font-size:14.0pt;line-height:107%;font-family:&quot;Arial&quot;,sans-serif\" id=\"yui_3_16_0_ym19_1_1497938757736_481110\"><o:p id=\"yui_3_16_0_ym19_1_1497938757736_481111\">&nbsp;<\/o:p><\/span><\/div>\n<div id=\"yui_3_16_0_ym19_1_1497938757736_480868\"><span><br \/><\/span><\/div>\n<div id=\"yui_3_16_0_ym19_1_1497938757736_480868\"><span><br \/><\/span><\/div>\n<div id=\"yui_3_16_0_ym19_1_1497938757736_480868\"><span><br \/><\/span><\/div>\n<div><\/div>\n<div id=\"yui_3_16_0_ym19_1_1497938757736_480869\">&nbsp;<\/div>\n<div class=\"signature\" id=\"yui_3_16_0_ym19_1_1497938757736_480874\">\n<div id=\"RTEContent\">\n<div id=\"yui_3_16_0_ym19_1_1497938757736_480873\">\n<div id=\"yui_3_16_0_ym19_1_1497938757736_480872\">\n<div id=\"yui_3_16_0_ym19_1_1497938757736_480871\">\n<div align=\"center\" id=\"yui_3_16_0_ym19_1_1497938757736_480870\"><\/div>\n<\/div>\n<\/div>\n<\/div>\n<\/div>\n<\/div>\n<\/div>\n<\/div>\n<p><\/p>\n","protected":false},"excerpt":{"rendered":"<p>&nbsp; &nbsp; Por incr\u00edvel que pare\u00e7a o Drag\u00e3o foi pe\u00e7a chave, hoje, em S\u00e3o Janu\u00e1rio&#8230;.<\/p>\n","protected":false},"author":7,"featured_media":0,"comment_status":"open","ping_status":"closed","sticky":false,"template":"","format":"standard","meta":{"footnotes":""},"categories":[4],"tags":[],"class_list":["post-8220","post","type-post","status-publish","format-standard","hentry","category-luizcarlosrocha"],"_links":{"self":[{"href":"https:\/\/webvasco.com\/artigos\/wp-json\/wp\/v2\/posts\/8220","targetHints":{"allow":["GET"]}}],"collection":[{"href":"https:\/\/webvasco.com\/artigos\/wp-json\/wp\/v2\/posts"}],"about":[{"href":"https:\/\/webvasco.com\/artigos\/wp-json\/wp\/v2\/types\/post"}],"author":[{"embeddable":true,"href":"https:\/\/webvasco.com\/artigos\/wp-json\/wp\/v2\/users\/7"}],"replies":[{"embeddable":true,"href":"https:\/\/webvasco.com\/artigos\/wp-json\/wp\/v2\/comments?post=8220"}],"version-history":[{"count":0,"href":"https:\/\/webvasco.com\/artigos\/wp-json\/wp\/v2\/posts\/8220\/revisions"}],"wp:attachment":[{"href":"https:\/\/webvasco.com\/artigos\/wp-json\/wp\/v2\/media?parent=8220"}],"wp:term":[{"taxonomy":"category","embeddable":true,"href":"https:\/\/webvasco.com\/artigos\/wp-json\/wp\/v2\/categories?post=8220"},{"taxonomy":"post_tag","embeddable":true,"href":"https:\/\/webvasco.com\/artigos\/wp-json\/wp\/v2\/tags?post=8220"}],"curies":[{"name":"wp","href":"https:\/\/api.w.org\/{rel}","templated":true}]}}