{"id":8222,"date":"2017-06-30T23:14:10","date_gmt":"2017-07-01T02:14:10","guid":{"rendered":"http:\/\/webvasco.com\/artigos\/?p=8222"},"modified":"2017-07-01T08:04:48","modified_gmt":"2017-07-01T11:04:48","slug":"webvasco-entrevista-faues-cherene-jassus-mussa","status":"publish","type":"post","link":"https:\/\/webvasco.com\/artigos\/temas\/entrevista\/webvasco-entrevista-faues-cherene-jassus-mussa\/","title":{"rendered":"Webvasco Entrevista: FAUES CHERENE JASSUS (MUSSA)"},"content":{"rendered":"<p>O Webvasco entrevistou Faues Cherene Jassus, s\u00f3cio\u00a0Benem\u00e9rito do Club de Regatas Vasco da Gama, mais\u00a0conhecido no meio vasca\u00edno\u00a0como &#8220;Mussa&#8221;, em refer\u00eancia a seu pai, o saudoso Mussa Chaim Jassus.<\/p>\n<p>Mussa \u00e9 um membro atuante da vida social e pol\u00edtica do clube, sendo conselheiro pela primeira vez em 1979. J\u00e1 foi, inclusive, Vice Presidente do Departamento Social da nossa amada institui\u00e7\u00e3o. Fora do Vasco \u00e9 um conhecido Empres\u00e1rio no ramo de confec\u00e7\u00f5es, foi Diretor da Casa de Espanha, \u00e9 s\u00f3cio do Clube Monte L\u00edbano e foi honrosamente contemplado com\u00a0a medalha de M\u00e9rito Pedro Ernesto pela C\u00e2mara Municipal do Rio de Janeiro em 2011. Est\u00e1 na linha de\u00a0frente dos recentes encontros que v\u00eam acontecendo com as lideran\u00e7as das oposi\u00e7\u00f5es vasca\u00ednas no Clube Monte L\u00edbano e nos brindou com uma entrevista sobre a atual situa\u00e7\u00e3o das elei\u00e7\u00f5es cruzmaltinas.<\/p>\n<p>[WV] <em><strong>O Sr. vem realizando reuni\u00f5es que visam a uni\u00e3o das oposi\u00e7\u00f5es e, pelas recentes entrevistas, mostra que acredita firmemente nisso. O que o levou a buscar essa coaliz\u00e3o das oposi\u00e7\u00f5es<\/strong>?<\/em><\/p>\n<p>[Mussa]\u00a0O que me levou a buscar \u00a0essa coaliz\u00e3o das oposi\u00e7\u00f5es foi primeiro amar o Vasco, e, sabendo que mais de um candidato ser\u00e1 a nossa derrota. O\u00a0Vasco n\u00e3o suporta mais tr\u00eas anos com Eurico, e com o Vasco unido n\u00f3s venceremos.<\/p>\n<p>[WV] <em><strong>O Estatuto do Club de Regatas Vasco da Gama \u00e9 antigo e muitos afirmam que ele est\u00e1 fora de sintonia com o s\u00e9culo XXI. O Sr. concorda com isso? A reforma do Estatuto \u00e9 realmente necess\u00e1ria para a nossa institui\u00e7\u00e3o<\/strong>?<\/em><\/p>\n<p>[Mussa] O\u00a0estatuto do Vasco \u00e9\u00a0sem d\u00favida uma das primeiras coisas a serem feitas pela nova administra\u00e7\u00e3o. A\u00a0reforma do estatuto \u00e9, de fato, urgent\u00edssima.<\/p>\n<p>[WV] <em><strong>A situa\u00e7\u00e3o financeira do Vasco dificulta a revitaliza\u00e7\u00e3o de nosso est\u00e1dio. O grupo volunt\u00e1rio que luta pela Revitaliza\u00e7\u00e3o do Entorno de S\u00e3o Janu\u00e1rio prega que essa revitaliza\u00e7\u00e3o do entorno, pelo poder p\u00fablico, \u00e9 fundamental para viabilizar a revitaliza\u00e7\u00e3o do nosso est\u00e1dio. O Sr. concorda com isso? Qual sua opini\u00e3o sobre a revitaliza\u00e7\u00e3o, tanto do entorno, como do pr\u00f3prio est\u00e1dio<\/strong>?<\/em><\/p>\n<p>[Mussa] Sobre a\u00a0revitaliza\u00e7\u00e3o do entorno de S\u00e3o Janu\u00e1rio eu concordo! Sem d\u00favida \u00e9 um dos meus sonhos.<\/p>\n<p>[WV] <em><strong>Temos hoje, no cen\u00e1rio pol\u00edtico do clube, tr\u00eas\u00a0chapas lan\u00e7adas (Alexandre Campello, Julio Brant e Otto Carvalho). Al\u00e9m disso, a m\u00eddia noticia que Horta e Jos\u00e9 Luiz Moreira podem tamb\u00e9m lan\u00e7ar uma chapa. Embora n\u00e3o seja consenso no meio vasca\u00edno, muitos s\u00f3cios v\u00eaem Otto, Horta e Jos\u00e9 Luiz Moreira como &#8220;chapa branca&#8221;. O Sr. acredita na coaliz\u00e3o das oposi\u00e7\u00f5es, mas caso estes vasca\u00ednos que trabalharam na administra\u00e7\u00e3o do Eurico queiram participar do pleito, seria poss\u00edvel uma uni\u00e3o de modo a formar uma chapa &#8220;supra-partid\u00e1ria&#8221;, unindo todas essas correntes vasca\u00ednas em prol do clube? Como o Sr. enxerga essa possibilidade<\/strong>?<\/em><\/p>\n<p>[Mussa]\u00a0Hoje n\u00f3s temos praticamente tr\u00eas candidatos, Campello, Julio Brant \u00a0e Otto &#8211; todos s\u00e3o bons candidatos, mas eu acho que at\u00e9 o fim de julho deve aparecer mais um ou dois candidatos. Vamos aguardar.<\/p>\n<figure id=\"attachment_8232\" aria-describedby=\"caption-attachment-8232\" style=\"width: 300px\" class=\"wp-caption alignright\"><a href=\"https:\/\/webvasco.com\/artigos\/wp-content\/uploads\/2017\/06\/WhatsApp-Image-2017-06-30-at-11.06.00-PM.jpeg\"><img loading=\"lazy\" decoding=\"async\" class=\"wp-image-8232 size-medium\" src=\"https:\/\/webvasco.com\/artigos\/wp-content\/uploads\/2017\/06\/WhatsApp-Image-2017-06-30-at-11.06.00-PM-300x180.jpeg\" alt=\"\" width=\"300\" height=\"180\" srcset=\"https:\/\/webvasco.com\/artigos\/wp-content\/uploads\/2017\/06\/WhatsApp-Image-2017-06-30-at-11.06.00-PM-300x180.jpeg 300w, https:\/\/webvasco.com\/artigos\/wp-content\/uploads\/2017\/06\/WhatsApp-Image-2017-06-30-at-11.06.00-PM-150x90.jpeg 150w, https:\/\/webvasco.com\/artigos\/wp-content\/uploads\/2017\/06\/WhatsApp-Image-2017-06-30-at-11.06.00-PM.jpeg 495w\" sizes=\"auto, (max-width: 300px) 100vw, 300px\" \/><\/a><figcaption id=\"caption-attachment-8232\" class=\"wp-caption-text\">Vis\u00e3o geral do local da elei\u00e7\u00e3o de 2014. Fonte: Internet<\/figcaption><\/figure>\n<p>[WV] <em><strong>Nos \u00faltimos anos a torcida vasca\u00edna tem visto as elei\u00e7\u00f5es do Vasco sendo questionadas pela oposi\u00e7\u00e3o, inclusive na esfera judicial, como a de 2006 que acabou resultando na elei\u00e7\u00e3o de 2008. Como o Sr. enxerga o processo eleitoral deste ano? Ser\u00e1 uma elei\u00e7\u00e3o limpa ou pesar\u00e1 suspeitas sobre ela<\/strong>?<\/em><\/p>\n<p>[Mussa]\u00a0O processo eleitoral deste ano infelizmente n\u00e3o deve ser diferente. O que n\u00f3s gostar\u00edamos \u00e9 que as elei\u00e7\u00f5es fossem transparentes, mas com Eurico n\u00f3s ficamos muito preocupados. Vamos tentar urnas eletr\u00f4nicas e a mudan\u00e7a de S\u00e3o Janu\u00e1rio para o Calabou\u00e7o.<\/p>\n<p>[WV] <em><strong>A torcida vasca\u00edna n\u00e3o tem unanimidade no perfil ideal para o candidato a presid\u00eancia. Muitos falam em um Perfil de Gest\u00e3o Empresarial, outros em um perfil pol\u00edtico para unir os vasca\u00ednos, outros defendem um perfil mais &#8220;forte&#8221; e centralizador. Na sua vis\u00e3o, qual o perfil ideal para um candidato a presid\u00eancia do Vasco<\/strong>?<\/em><\/p>\n<p>[Mussa]\u00a0O perfil ideal para um presidente: primeiro amar o Vasco. Servir o Vasco e n\u00e3o se servir dele. Procurar Profissionais competentes. Tem que ter paix\u00e3o e profissionalismo.<\/p>\n<p>[WV] <em><strong>Na \u00faltima elei\u00e7\u00e3o, de 2014, tivemos v\u00e1rias pesquisas eleitorais. O Webvasco teve, inclusive, a honra de publicar uma pesquisa que ficou muito pr\u00f3xima ao resultado final da elei\u00e7\u00e3o. Este ano fala-se em contratar institutos de pesquisa para avaliar qual nome de oposi\u00e7\u00e3o est\u00e1 mais bem posicionado para se tentar uma uni\u00e3o em torno desse nome. Como o Sr. avalia essas pesquisas eleitorais, bem como essa possibilidade da uni\u00e3o ser formada com base em uma pesquisa<\/strong>?<\/em><\/p>\n<p>[Mussa] As pesquisas t\u00eam que ser independentes com duas ou tr\u00eas empresas e todos os candidatos participando do pagamento e tamb\u00e9m os desempenhos\u00a0dos candidatos.<\/p>\n<p>[WV] <em><strong>O Sr. declarou em entrevistas recentes que est\u00e1 muito preocupado com a situa\u00e7\u00e3o atual do Vasco. Pode nos dizer quais s\u00e3o seus maiores temores? E como resolver essas quest\u00f5es<\/strong>?<\/em><\/p>\n<p>[Mussa]\u00a0Preocupa\u00e7\u00e3o todos n\u00f3s estamos muito preocupados! O\u00a0Vasco tem que ser administrado com amor e compet\u00eancia. Um presidente que declara que o projeto dele para o Vasco \u00e9\u00a0ele, n\u00e3o precisa falar mais nada.<\/p>\n<p>[WV] <em><strong>Para finalizar, gostar\u00edamos de uma mensagem sua aos milh\u00f5es de torcedores vasca\u00ednos. O Sr. \u00e9 otimista em rela\u00e7\u00e3o ao clube? Como o Sr. enxerga o futuro do Vasco<\/strong>?<\/em><\/p>\n<p>[Mussa]\u00a0Eu sempre fui otimista! O\u00a0Vasco tem jeito. N\u00f3s n\u00e3o podemos mais errar. Se Deus quiser vamos encontrar um candidato \u00e0 altura do nosso querido Vasco da Gama. Sauda\u00e7\u00f5es Vasca\u00ednas! Faues Mussa Jassus.<\/p>\n","protected":false},"excerpt":{"rendered":"<p>O Webvasco entrevistou Faues Cherene Jassus, s\u00f3cio\u00a0Benem\u00e9rito do Club de Regatas Vasco da Gama, mais\u00a0conhecido&#8230;<\/p>\n","protected":false},"author":1,"featured_media":8223,"comment_status":"open","ping_status":"closed","sticky":false,"template":"","format":"standard","meta":{"footnotes":""},"categories":[18],"tags":[],"class_list":["post-8222","post","type-post","status-publish","format-standard","has-post-thumbnail","hentry","category-entrevista"],"_links":{"self":[{"href":"https:\/\/webvasco.com\/artigos\/wp-json\/wp\/v2\/posts\/8222","targetHints":{"allow":["GET"]}}],"collection":[{"href":"https:\/\/webvasco.com\/artigos\/wp-json\/wp\/v2\/posts"}],"about":[{"href":"https:\/\/webvasco.com\/artigos\/wp-json\/wp\/v2\/types\/post"}],"author":[{"embeddable":true,"href":"https:\/\/webvasco.com\/artigos\/wp-json\/wp\/v2\/users\/1"}],"replies":[{"embeddable":true,"href":"https:\/\/webvasco.com\/artigos\/wp-json\/wp\/v2\/comments?post=8222"}],"version-history":[{"count":12,"href":"https:\/\/webvasco.com\/artigos\/wp-json\/wp\/v2\/posts\/8222\/revisions"}],"predecessor-version":[{"id":8236,"href":"https:\/\/webvasco.com\/artigos\/wp-json\/wp\/v2\/posts\/8222\/revisions\/8236"}],"wp:featuredmedia":[{"embeddable":true,"href":"https:\/\/webvasco.com\/artigos\/wp-json\/wp\/v2\/media\/8223"}],"wp:attachment":[{"href":"https:\/\/webvasco.com\/artigos\/wp-json\/wp\/v2\/media?parent=8222"}],"wp:term":[{"taxonomy":"category","embeddable":true,"href":"https:\/\/webvasco.com\/artigos\/wp-json\/wp\/v2\/categories?post=8222"},{"taxonomy":"post_tag","embeddable":true,"href":"https:\/\/webvasco.com\/artigos\/wp-json\/wp\/v2\/tags?post=8222"}],"curies":[{"name":"wp","href":"https:\/\/api.w.org\/{rel}","templated":true}]}}