{"id":8237,"date":"2017-07-03T23:42:07","date_gmt":"2017-07-04T02:42:07","guid":{"rendered":"http:\/\/webvasco.com\/artigos\/?p=8237"},"modified":"2017-07-03T23:51:00","modified_gmt":"2017-07-04T02:51:00","slug":"time-vagabundo","status":"publish","type":"post","link":"https:\/\/webvasco.com\/artigos\/colunistas\/luizcarlosrocha\/time-vagabundo\/","title":{"rendered":"TIME VAGABUNDO!"},"content":{"rendered":"<div>\n<div style=\"color:#000; background-color:#fff; font-family:Helvetica Neue, Helvetica, Arial, Lucida Grande, sans-serif;font-size:32px\">\n<div style=\"text-align:justify\" id=\"yui_3_16_0_ym19_1_1497938757736_1189790\"><span style=\"font-size:14.0pt;line-height:107%;font-family:&quot;Arial&quot;,sans-serif\" id=\"yui_3_16_0_ym19_1_1497938757736_1189791\">&nbsp; &nbsp; Time vagabundo. Diretoria sem vergonha.  Torcida&#8230; Ah, n\u00e3o, a Imensa Torcida Bem (in) Feliz, \u00e9 apenas iludida. Em ano  eleitoral Dom Charuto est\u00e1 com os nervos \u00e0 flor da pele, pois o Vasco n\u00e3o  emplacou mais uma vez fora de casa. O empate por 2 a 2 teve sabor de derrota.<o:p id=\"yui_3_16_0_ym19_1_1497938757736_1189792\"><\/o:p><\/span><\/div>\n<div style=\"text-align:justify\" id=\"yui_3_16_0_ym19_1_1497938757736_1189793\"><span style=\"font-size:14.0pt;line-height:107%;font-family:&quot;Arial&quot;,sans-serif\" id=\"yui_3_16_0_ym19_1_1497938757736_1189794\">&nbsp;&nbsp;&nbsp; O Cruzmaltino saiu na frente com gol do  gordinho (politicamente desprovido de corpo de atleta) Thalles. Kleber  Gladiador deixou tudo igual, e posteriormente marcou o gol de virada que seria da  vit\u00f3ria. Mas Wagner aos 45 do segundo tempo salvou a pele do treinador Milton  Mendes. Com o resultado de ontem, a equipe vasca\u00edna soma 16 pontos ganhos (dos  33 disputados) na tabela de classifica\u00e7\u00e3o e ocupa a sexta posi\u00e7\u00e3o.<o:p id=\"yui_3_16_0_ym19_1_1497938757736_1189795\"><\/o:p><\/span><\/div>\n<div style=\"text-align:justify\" id=\"yui_3_16_0_ym19_1_1497938757736_1189796\"><span style=\"font-size:14.0pt;line-height:107%;font-family:&quot;Arial&quot;,sans-serif\" id=\"yui_3_16_0_ym19_1_1497938757736_1189797\">&nbsp;&nbsp;&nbsp; Um dos problemas foi o terceiro cart\u00e3o de  Douglas, que n\u00e3o atuar\u00e1 contra os Exclu\u00eddos na pr\u00f3xima rodada (12\u00aa). Muito  embora o volante n\u00e3o tenha mostrado aquele futebol todo que o destacou. Anda  meio mascarado. De qualquer forma \u00e9 uma aus\u00eancia significativa. <o:p id=\"yui_3_16_0_ym19_1_1497938757736_1189798\"><\/o:p><\/span><\/div>\n<div style=\"text-align:justify\" id=\"yui_3_16_0_ym19_1_1497938757736_1189799\"><span style=\"font-size:14.0pt;line-height:107%;font-family:&quot;Arial&quot;,sans-serif\" id=\"yui_3_16_0_ym19_1_1497938757736_1189800\">&nbsp;&nbsp;&nbsp; De preocupante mesmo \u00e9 saber que o time que  um dia foi temido por advers\u00e1rios e admirado pelos torcedores hoje \u00e9 apenas um  An\u00e3o da Colina, brigando mediocremente por uma vaga na Copa Sul Americana.  Lament\u00e1vel! Por\u00e9m, Dom Charuto sempre disse que Vasco e Flamengo fazem um  campeonato \u00e0 parte. Logo, s\u00e1bado, dia 08 de julho, \u00e0s 18h, em S\u00e3o Janu\u00e1rio  precisamos \u201clevantar mais esse caneco\u201d para dar moral ao plantel, e quem sabe  progredir na competi\u00e7\u00e3o oficial, que \u00e9 o Campeonato Brasileiro.<o:p id=\"yui_3_16_0_ym19_1_1497938757736_1189801\"><\/o:p><\/span><\/div>\n<div style=\"text-align:justify\" id=\"yui_3_16_0_ym19_1_1497938757736_1189802\"><span style=\"font-size:14.0pt;line-height:107%;font-family:&quot;Arial&quot;,sans-serif\" id=\"yui_3_16_0_ym19_1_1497938757736_1189803\"><o:p id=\"yui_3_16_0_ym19_1_1497938757736_1189804\">&nbsp;<\/o:p><\/span><\/div>\n<div style=\"text-align:justify\" id=\"yui_3_16_0_ym19_1_1497938757736_1189805\"><span style=\"font-size:14.0pt;line-height:107%;font-family:&quot;Arial&quot;,sans-serif\" id=\"yui_3_16_0_ym19_1_1497938757736_1189806\"><o:p id=\"yui_3_16_0_ym19_1_1497938757736_1189807\">&nbsp;<\/o:p><\/span><\/div>\n<div style=\"text-align:justify\" id=\"yui_3_16_0_ym19_1_1497938757736_1189808\"><span style=\"font-size:14.0pt;line-height:107%;font-family:&quot;Arial&quot;,sans-serif\" id=\"yui_3_16_0_ym19_1_1497938757736_1189809\"><o:p id=\"yui_3_16_0_ym19_1_1497938757736_1189810\">&nbsp;<\/o:p><\/span><\/div>\n<div style=\"text-align:justify\" id=\"yui_3_16_0_ym19_1_1497938757736_1189811\"><b id=\"yui_3_16_0_ym19_1_1497938757736_1189812\"><u id=\"yui_3_16_0_ym19_1_1497938757736_1189813\"><span style=\"font-size:20.0pt;line-height:107%;font-family:&quot;Arial&quot;,sans-serif\" id=\"yui_3_16_0_ym19_1_1497938757736_1189814\">VERGONHA  (4 ANOS!):<o:p id=\"yui_3_16_0_ym19_1_1497938757736_1189815\"><\/o:p><\/span><\/u><\/b><\/div>\n<div style=\"text-align:justify\" id=\"yui_3_16_0_ym19_1_1497938757736_1189816\"><span style=\"font-size:14.0pt;line-height:107%;font-family:&quot;Arial&quot;,sans-serif\" id=\"yui_3_16_0_ym19_1_1497938757736_1189817\">DEPOIS DE AGUARDAR <b id=\"yui_3_16_0_ym19_1_1497938757736_1189818\">48 MESES, OU SEJA, 4 ANOS!&nbsp; (CARRO DESDE 10 DE JUNHO DE 2013)<\/b> COM O  CARRO PRESO NA OFICINA DA ABOLI\u00c7\u00c3O VE\u00cdCULOS COM APENAS 729 KM RODADOS, EM UM  PROCESSO COM 8 VOLUMES, NA 1\u00aa VARA CIVEL, DA COMARCA DE NITER\u00d3I\/RJ, REGIONAL  OCE\u00c2NICA, A SENTEN\u00c7A FOI INDEFERIR TODOS OS MEUS PEDIDOS E AINDA CONDENAR EM  10% DE CUSTAS JUDICIAIS. OU SEJA, FIQUEI SEM CARRO ESSE TEMPO TODO (MESMO  PAGANDO \u00c0 VISTA POR ELE), JUNTEI PROVAS COMO REGISTRO DE OCORR\u00caNCIA DA POL\u00cdCIA  CIVIL\/RJ, BOLETIM DE OCORR\u00caNCIA DA POLICIA MILITAR\/RJ, ORDENS DE SERVI\u00c7O, MAIS  DE 600 FOTOGRAFIAS, MAIS DE 40 \u00c1UDIOS, NOTAS FISCAIS, NOTAS DE T\u00c1XI,  PRONTU\u00c1RIOS M\u00c9DICOS, POIS NESTE PER\u00cdODO TIVE PROBLEMAS DE SA\u00daDE, BEM COMO MEUS  FAMILIARES, TENDO UMA FILHA QUE HOJE TEM APENAS 5 ANOS, NA \u00c9POCA POUCO MAIS DE  1 ANINHO. VALE LEMBRAR, QUE OS PRIMEIROS DEFEITOS SE DERAM QUANDO O CARRO TINHA  MENOS DE 30 KM RODADOS. TUDO ISSO PARA NADA. QUEM GOSTOU DO RESULTADO DA DOUTA  MAGRISTRADA FORAM AS EMPRESAS R\u00c9S \u2013 QUE ME LESARAM \u2013 ABOLI\u00c7\u00c3O VE\u00cdCULOS E VW DO  BRASIL (PROCESSO: No 0016370-44.2013.8.19.0212).<o:p id=\"yui_3_16_0_ym19_1_1497938757736_1189819\"><\/o:p><\/span><\/div>\n<div style=\"text-align:justify\" id=\"yui_3_16_0_ym19_1_1497938757736_1189820\"><b id=\"yui_3_16_0_ym19_1_1497938757736_1189821\"><span style=\"font-size:14.0pt;line-height:107%;font-family:&quot;Arial&quot;,sans-serif\" id=\"yui_3_16_0_ym19_1_1497938757736_1189822\">&nbsp;<o:p id=\"yui_3_16_0_ym19_1_1497938757736_1189823\"><\/o:p><\/span><\/b><\/div>\n<div style=\"text-align:justify\" id=\"yui_3_16_0_ym19_1_1497938757736_1189824\"><b id=\"yui_3_16_0_ym19_1_1497938757736_1189825\"><span style=\"font-size:14.0pt;line-height:107%;font-family:&quot;Arial&quot;,sans-serif\" id=\"yui_3_16_0_ym19_1_1497938757736_1189826\">&nbsp;&nbsp; &nbsp;&nbsp;&nbsp;&nbsp;&nbsp;&nbsp;&nbsp;&nbsp;&nbsp;&nbsp;&nbsp;&nbsp;<o:p id=\"yui_3_16_0_ym19_1_1497938757736_1189827\"><\/o:p><\/span><\/b><\/div>\n<div style=\"text-align:justify\" id=\"yui_3_16_0_ym19_1_1497938757736_1189828\"><b id=\"yui_3_16_0_ym19_1_1497938757736_1189829\"><span style=\"font-size:14.0pt;line-height:107%;font-family:&quot;Arial&quot;,sans-serif\" id=\"yui_3_16_0_ym19_1_1497938757736_1189830\">&nbsp;&nbsp;&nbsp;&nbsp;&nbsp;&nbsp;&nbsp;&nbsp;&nbsp;&nbsp;&nbsp;&nbsp;&nbsp;&nbsp;&nbsp;&nbsp;&nbsp;&nbsp;&nbsp;&nbsp;&nbsp;&nbsp;&nbsp;&nbsp;&nbsp;&nbsp;&nbsp;&nbsp;&nbsp;&nbsp; <o:p id=\"yui_3_16_0_ym19_1_1497938757736_1189831\"><\/o:p><\/span><\/b><\/div>\n<div style=\"text-align:justify\" id=\"yui_3_16_0_ym19_1_1497938757736_1189832\"><b id=\"yui_3_16_0_ym19_1_1497938757736_1189833\"><span style=\"font-size:14.0pt;line-height:107%;font-family:&quot;Arial&quot;,sans-serif\" id=\"yui_3_16_0_ym19_1_1497938757736_1189834\">AP\u00d3S  AS TODAS AS PARTIDAS DO VASC\u00c3O EM MEU PERFIL DO FACEBOOK (QUEM QUISER RECEBER  AS CR\u00d4NICAS DE PRIMEIRA M\u00c3O \u00c9 S\u00d3 ME ADICIONAR), E NO SITE WEBVASCO  (<a href=\"http:\/\/www.webvasco.com\">www.webvasco.com<\/a>), TEM A OPINI\u00c3O DO JORNALISTA LUIZ CARLOS ROCHA. LEIAM!  COMPARTILHEM E CURTAM! VASCA\u00cdNOS UNIDOS JAMAIS SER\u00c3O VENCIDOS.<\/span><\/b><span style=\"font-size:14.0pt;line-height:107%;font-family:&quot;Arial&quot;,sans-serif\" id=\"yui_3_16_0_ym19_1_1497938757736_1189835\"><o:p id=\"yui_3_16_0_ym19_1_1497938757736_1189836\"><\/o:p><\/span><\/div>\n<div id=\"yui_3_16_0_ym19_1_1497938757736_1189548\">                                                    <\/div>\n<div style=\"text-align:justify\" dir=\"ltr\" id=\"yui_3_16_0_ym19_1_1497938757736_1189837\"><span style=\"font-size:14.0pt;line-height:107%;font-family:&quot;Arial&quot;,sans-serif\" id=\"yui_3_16_0_ym19_1_1497938757736_1189838\"><o:p id=\"yui_3_16_0_ym19_1_1497938757736_1189839\">&nbsp;<\/o:p><\/span><\/div>\n<div id=\"yui_3_16_0_ym19_1_1497938757736_1189548\"><span><br \/><\/span><\/div>\n<div id=\"yui_3_16_0_ym19_1_1497938757736_1189548\"><span><br \/><\/span><\/div>\n<div id=\"yui_3_16_0_ym19_1_1497938757736_1189548\"><span><br \/><\/span><\/div>\n<div id=\"yui_3_16_0_ym19_1_1497938757736_1189548\"><span><br \/><\/span><\/div>\n<div><\/div>\n<div id=\"yui_3_16_0_ym19_1_1497938757736_1189549\">&nbsp;<\/div>\n<div class=\"signature\" id=\"yui_3_16_0_ym19_1_1497938757736_1189557\">\n<div id=\"RTEContent\">\n<div id=\"yui_3_16_0_ym19_1_1497938757736_1189556\">\n<div id=\"yui_3_16_0_ym19_1_1497938757736_1189555\">\n<div id=\"yui_3_16_0_ym19_1_1497938757736_1189554\">\n<div align=\"center\" id=\"yui_3_16_0_ym19_1_1497938757736_1189569\">\n<div align=\"center\" id=\"yui_3_16_0_ym19_1_1497938757736_1189631\"><\/div>\n<\/div>\n<\/div>\n<\/div>\n<\/div>\n<\/div>\n<\/div>\n<\/div>\n<\/div>\n<p><\/p>\n","protected":false},"excerpt":{"rendered":"<p>&nbsp; &nbsp; Time vagabundo. Diretoria sem vergonha. Torcida&#8230; Ah, n\u00e3o, a Imensa Torcida Bem (in)&#8230;<\/p>\n","protected":false},"author":7,"featured_media":0,"comment_status":"open","ping_status":"closed","sticky":false,"template":"","format":"standard","meta":{"footnotes":""},"categories":[4],"tags":[],"class_list":["post-8237","post","type-post","status-publish","format-standard","hentry","category-luizcarlosrocha"],"_links":{"self":[{"href":"https:\/\/webvasco.com\/artigos\/wp-json\/wp\/v2\/posts\/8237","targetHints":{"allow":["GET"]}}],"collection":[{"href":"https:\/\/webvasco.com\/artigos\/wp-json\/wp\/v2\/posts"}],"about":[{"href":"https:\/\/webvasco.com\/artigos\/wp-json\/wp\/v2\/types\/post"}],"author":[{"embeddable":true,"href":"https:\/\/webvasco.com\/artigos\/wp-json\/wp\/v2\/users\/7"}],"replies":[{"embeddable":true,"href":"https:\/\/webvasco.com\/artigos\/wp-json\/wp\/v2\/comments?post=8237"}],"version-history":[{"count":0,"href":"https:\/\/webvasco.com\/artigos\/wp-json\/wp\/v2\/posts\/8237\/revisions"}],"wp:attachment":[{"href":"https:\/\/webvasco.com\/artigos\/wp-json\/wp\/v2\/media?parent=8237"}],"wp:term":[{"taxonomy":"category","embeddable":true,"href":"https:\/\/webvasco.com\/artigos\/wp-json\/wp\/v2\/categories?post=8237"},{"taxonomy":"post_tag","embeddable":true,"href":"https:\/\/webvasco.com\/artigos\/wp-json\/wp\/v2\/tags?post=8237"}],"curies":[{"name":"wp","href":"https:\/\/api.w.org\/{rel}","templated":true}]}}