{"id":8238,"date":"2017-07-05T17:42:26","date_gmt":"2017-07-05T20:42:26","guid":{"rendered":"http:\/\/webvasco.com\/artigos\/?p=8238"},"modified":"2017-07-05T21:37:45","modified_gmt":"2017-07-06T00:37:45","slug":"conselho-deliberativo-nao-foi-feito-para-deliberar","status":"publish","type":"post","link":"https:\/\/webvasco.com\/artigos\/colunistas\/andrepedro\/conselho-deliberativo-nao-foi-feito-para-deliberar\/","title":{"rendered":"Conselho Deliberativo n\u00e3o foi feito para deliberar?"},"content":{"rendered":"<p><a href=\"https:\/\/webvasco.com\/artigos\/wp-content\/uploads\/2017\/07\/Screen-Shot-07-05-17-at-11.40-AM.png\"><img loading=\"lazy\" decoding=\"async\" class=\"alignright size-full wp-image-8240\" src=\"https:\/\/webvasco.com\/artigos\/wp-content\/uploads\/2017\/07\/Screen-Shot-07-05-17-at-11.40-AM.png\" alt=\"\" width=\"264\" height=\"211\" srcset=\"https:\/\/webvasco.com\/artigos\/wp-content\/uploads\/2017\/07\/Screen-Shot-07-05-17-at-11.40-AM.png 264w, https:\/\/webvasco.com\/artigos\/wp-content\/uploads\/2017\/07\/Screen-Shot-07-05-17-at-11.40-AM-150x120.png 150w\" sizes=\"auto, (max-width: 264px) 100vw, 264px\" \/><\/a>Amigos vasca\u00ednos,<\/p>\n<p>Conforme o dicion\u00e1rio &#8220;Priberam&#8221; (imagem anexa), o significado de &#8220;Deliberar&#8221; pode ser entendido como um ato pensado, discutido, ponderado, e que, ao final, se produz uma decis\u00e3o, fruto dessa pondera\u00e7\u00e3o.<\/p>\n<p>Um &#8220;Conselho Deliberativo&#8221;, portanto, pela pr\u00f3pria acep\u00e7\u00e3o da palavra, tem essa fun\u00e7\u00e3o. Portanto, <strong>para que serve um Conselho Deliberativo que n\u00e3o delibera<\/strong>?<\/p>\n<p>Hoje est\u00e1 circulando nas redes sociais um texto relatando fatos ocorridos na reuni\u00e3o de ontem (04\/07\/2017) do Conselho Deliberativo do Vasco. Os fatos narrados s\u00e3o t\u00e3o graves que me motivaram a escrever este artigo.<\/p>\n<p>Antes de mais nada \u00e9 preciso se esclarecer alguns pontos. O primeiro \u00e9 que o autor deste artigo n\u00e3o estava presente no local. Tudo o que for escrito aqui \u00e9, portanto, baseado em informa\u00e7\u00f5es coletadas. O segundo ponto \u00e9 que tamb\u00e9m se buscou confirma\u00e7\u00f5es dos fatos narrados com conselheiros presentes no local, tanto de situa\u00e7\u00e3o, como de oposi\u00e7\u00e3o, de modo a embasar o que est\u00e1 sendo descrito aqui e tentar, o m\u00e1ximo poss\u00edvel, se basear em fatos.<\/p>\n<p>A noite de ontem, que era apenas para ser um ato formal de vota\u00e7\u00e3o de pautas cotidianas, acabou se tornando\u00a0especial para o clube como um todo e para todos os s\u00f3cios e torcedores. E porque isso? Porque\u00a0a pauta principal era a aprova\u00e7\u00e3o de alguns t\u00edtulos de benemer\u00eancia para nomes aprovados pelo Conselho de Benem\u00e9ritos do clube. Para n\u00e3o nos alongarmos em explica\u00e7\u00f5es detalhadas, e resumindo o procedimento, um t\u00edtulo de Em\u00e9rito, por exemplo, \u00e9 dado a partir de uma indica\u00e7\u00e3o, passando por uma avalia\u00e7\u00e3o pelo Conselho de Benem\u00e9ritos onde, havendo parecer favor\u00e1vel, encaminha-se o nome para vota\u00e7\u00e3o no Conselho Deliberativo (esta vota\u00e7\u00e3o \u00e9 individual, feita nome a nome proposto).<\/p>\n<p>Na vota\u00e7\u00e3o da noite de ontem, a oposi\u00e7\u00e3o havia detectado uma s\u00e9rie de problemas e, objetivando dar lume a eles, tentou um pedido de ordem. Segundo relatos de conselheiros com quem conversei (e repito, tanto de situa\u00e7\u00e3o, como oposi\u00e7\u00e3o), foi solicitado\u00a0pelo presidente do Conselho Deliberativo, Luiz Manoel Rebelo Fernandes, qual artigo do Estatuto sustentaria esse pedido. Neste ponto houve diverg\u00eancias sobre se foi dado ou n\u00e3o o artigo ao Presidente, mas o fato \u00e9 que <strong>n\u00e3o foi deferido o pedido de Ordem<\/strong> (havia 3 documentos protocolados alertando os erros, segundo fontes) e a sess\u00e3o seguiu para vota\u00e7\u00e3o.<\/p>\n<p>Cabe aqui uma reflex\u00e3o: O nosso presidente do Conselho Deliberativo \u00e9 uma pessoa qualificada. Foi Secret\u00e1rio Executivo do Minist\u00e9rio dos Esportes, \u00e9 formado em Rela\u00e7\u00f5es Internacionais pela Universidade de Georgetown (EUA) e tamb\u00e9m Mestre e Doutor em Ci\u00eancias Pol\u00edticas pelo IUPERJ. Uma pessoa com toda essa qualifica\u00e7\u00e3o, presidindo um Conselho Deliberativo de uma Institui\u00e7\u00e3o Centen\u00e1ria como a nossa, onde decis\u00f5es s\u00e3o tomadas que afetam a vida n\u00e3o apenas dos associados, como tamb\u00e9m dos torcedores, \u00e9 no m\u00ednimo surreal <strong>n\u00e3o ter dado voz a den\u00fancias de irregularidades<\/strong>, mesmo acreditando\u00a0se tratar apenas de um pretenso ato pol\u00edtico (SIC). O m\u00ednimo que poder\u00edamos esperar era ter dado voz a essas den\u00fancias, at\u00e9 para se <strong>garantir total lisura do procedimento<\/strong>. Confesso que n\u00e3o consigo entender as motiva\u00e7\u00f5es dessa decis\u00e3o.<\/p>\n<p>O fato \u00e9 que a sess\u00e3o deu prosseguimento e os nomes foram votados, sendo um deles muito controverso e bem discutido entre os s\u00f3cios do Vasco, pois trata-se de um flamenguista declarado (nas redes sociais \u00e9 frequente seus ataques provocativos e zoa\u00e7\u00f5es ao Vasco) e que, al\u00e9m de ter recebido o t\u00edtulo de Em\u00e9rito, ainda \u00e9 profissional contratado pelo Vasco no Departamento Infanto-Juvenil!!!! <strong>Isso \u00e9 um acinte contra os s\u00f3cios do clube<\/strong>! Tanto \u00e9 verdade que, ao conversar com um Conselheiro da Situa\u00e7\u00e3o, este me confidenciou\u00a0que <strong>votou contra e diversos companheiros dele tamb\u00e9m o fizeram<\/strong>! A vergonha foi tanta que a frase que mais me marcou durante a conversa com ele foi: &#8220;<em>Se eu votasse a favor do t\u00edtulo de Em\u00e9rito a esse cidad\u00e3o, eu n\u00e3o teria coragem hoje de olhar nos olhos de minha filha<\/em>&#8220;. Segundo esse conselheiro ainda, esse t\u00edtulo n\u00e3o foi proposto pelo Eurico. Mas, sendo verdade isso, e n\u00e3o tenho raz\u00f5es para duvidar disso, essa quest\u00e3o est\u00e1 na m\u00eddia h\u00e1 muito tempo (pelo menos desde dezembro). Porque o Eurico n\u00e3o se posicionou nisso? <strong>N\u00e3o \u00e9 cr\u00edvel que nem o Eurico, e nem os conselheiros que votaram a favor estivessem sem saber disso<\/strong>! Voc\u00ea, amigo leitor, daria um t\u00edtulo de Em\u00e9rito do clube para uma pessoa que zomba do Vasco constantemente na internet? Mais ainda: daria um cargo\u00a0de confian\u00e7a a ele justamente na forma\u00e7\u00e3o da base do clube, onde as crian\u00e7as aprendem a amar a institui\u00e7\u00e3o? Que conversas ele tem com essas crian\u00e7as para motiv\u00e1-las a amar a institui\u00e7\u00e3o vasca\u00edna, sendo ele flamenguista declarado?<\/p>\n<p>Conv\u00e9m tamb\u00e9m alertar ao leitor\u00a0que S\u00f3cios Em\u00e9ritos n\u00e3o precisam mais pagar mensalidades ao clube. Este detalhe pode parecer pequeno, mas\u00a0n\u00e3o \u00e9&#8230;<\/p>\n<p>Continuando, ap\u00f3s a vota\u00e7\u00e3o os t\u00edtulos, a sess\u00e3o continuou e havia 6 inscritos para a pauta de &#8220;assuntos gerais&#8221;, onde esses problemas teriam a possibilidade de serem expostos novamente. Segundo fontes da situa\u00e7\u00e3o tamb\u00e9m, temendo que a pauta se tornasse meramente discuss\u00f5es pol\u00edticas, o Presidente do Conselho recomendou que essa parte da pauta fosse suprimida, sendo severamente contestado pelo conselheiro e candidato Otto de Carvalho. Da\u00ed se seguiu a discuss\u00e3o e a sess\u00e3o foi encerrada por decis\u00e3o monocr\u00e1tica do Presidente. No relato abaixo coletado nas redes sociais h\u00e1 detalhes dessas discuss\u00f5es. Segundo minhas fontes, todos confirmaram os relatos, havendo apenas diverg\u00eancia sobre o bate-boca entre Eurico e Otto.<\/p>\n<p>Tendo em vista tudo o que foi escrito acima, e abstraindo-se a\u00ed o contexto pol\u00edtico do clube, seja situa\u00e7\u00e3o ou oposi\u00e7\u00e3o, voltamos ao t\u00edtulo deste artigo:<strong>\u00a0Conselho Deliberativo n\u00e3o foi feito para deliberar<\/strong>? De que serve um poder institu\u00eddo de um clube se a fun\u00e7\u00e3o prec\u00edpua desse poder n\u00e3o est\u00e1 sendo cumprida? Qual ser\u00e1 a atitude que os dirigentes do Vasco ir\u00e3o tomar diante dessas graves acusa\u00e7\u00f5es que est\u00e3o sendo feitas pelos grupos de oposi\u00e7\u00e3o e sendo expostas nas redes sociais vasca\u00ednas?<\/p>\n<p><strong>O Vasco precisa ser revisto, repensado<\/strong>. Hoje temos em nosso clube algo que n\u00e3o deveria nunca fazer parte de nossa hist\u00f3ria, que \u00e9 o <strong>acirramento de \u00e2nimos<\/strong> entre grupos pol\u00edticos. Oras, <strong>somos todos vasca\u00ednos<\/strong>!!! N\u00e3o \u00e9 poss\u00edvel que n\u00e3o haja di\u00e1logo entre dois vasca\u00ednos apenas porque um apoia o Eurico e outro n\u00e3o! Isso \u00e9 inadmiss\u00edvel! Esse di\u00e1logo tem que ser retomado e as arestas precisam ser lapidadas!!! N\u00e3o d\u00e1 para se aprovar quest\u00f5es importantes para o clube sem o devido di\u00e1logo e o esgotamento da exposi\u00e7\u00e3o de todas as diverg\u00eancias, para s\u00f3 ent\u00e3o se votar! O Vasco nasceu sendo\u00a0um clube de inclus\u00e3o, de respeito ao contradit\u00f3rio e essencialmente democr\u00e1tico! Onde foram parar esses valores?<\/p>\n<p>Independente de voc\u00ea, leitor, ser a favor de Fulano ou Beltrano, de grupo A, B ou C, ou ter ideologia tal ou qual, lembre-se que <strong>voc\u00ea \u00e9 vasca\u00edno<\/strong>! Vasca\u00edno n\u00e3o torce pelo Vasco apenas pelos t\u00edtulos do passado!<strong> Vasca\u00edno de verdade age e defende os valores centen\u00e1rios de nossa institui\u00e7\u00e3o<\/strong>! Esque\u00e7a nomes, candidatos e dirigentes do Vasco! Pergunte a si mesmo: <strong>Que valores voc\u00ea defende<\/strong>? <strong>Que valores vasca\u00ednos voc\u00ea quer que seus filhos tenham<\/strong>?<\/p>\n<p>Sauda\u00e7\u00f5es Vasca\u00ednas<\/p>\n<p>Andr\u00e9 Pedro<\/p>\n<p>&nbsp;<\/p>\n<p>Segue reprodu\u00e7\u00e3o do texto que est\u00e1 circulando nas redes sociais. Tive conhecimento que h\u00e1 outras vers\u00f5es. Pe\u00e7o desculpas antecipadas se houver alguma diverg\u00eancia da vers\u00e3o que o leitor tiver conhecimento.<\/p>\n<blockquote><p><strong><em>Reuni\u00e3o Conselho Deliberativo do Vasco &#8211; Sede N\u00e1utica da Lagoa -Dia 04\/07\/2017<\/em><\/strong><\/p>\n<p><em>Sem a presen\u00e7a do Horta, em nova reuni\u00e3o para aprova\u00e7\u00e3o de s\u00f3cios em\u00e9ritos e Benem\u00e9ritos, Luis Manoel abriu a sess\u00e3o sem dar possibilidade para que o mulambo fosse denunciado para aqueles velhinhos alheios \u00e0 tudo.<\/em><\/p>\n<p><em>Muitos conselheiros da Situa\u00e7\u00e3o, alheios \u00e0 tudo, desconheciam o fato de o Eurico ter indicado um s\u00f3cio Em\u00e9rito flamenguista.<\/em><br \/>\n<em>Assim come\u00e7ou a vota\u00e7\u00e3o e todos foram aprovados como era de se esperar.<\/em><\/p>\n<p><em>Ao final, havia ainda os &#8220;assuntos gerais&#8221; previstos na convoca\u00e7\u00e3o. Mas com um discurso pilantra de n\u00e3o deixar os \u00e2nimos de acirrarem com antecipa\u00e7\u00e3o de debates eleitorais e a fim de manter a cordialidade, o Luis Manoel quis encerrar a reuni\u00e3o sem os &#8220;assuntos gerais&#8221;.<\/em><\/p>\n<p><em>Neste momento o Otto come\u00e7ou a falar alto, contr\u00e1rio a decis\u00e3o. Ficou em p\u00e9 e o Luis Manoel come\u00e7ou a berrar, apelando para o rito na tentativa de calar o Otto.<\/em><\/p>\n<p><em>Otto prosseguiu e Luis Manoel se levantou. Come\u00e7aram a berrar um com outro. Sem argumentos, Luis Manoel mandava o Otto se sentar aos berros e dizendo n\u00e3o ter lhe dado a palavra. Otto prosseguia criticando a atitude ditatorial do Luis Manoel.<\/em><\/p>\n<p><em>Todos os conselheiros se aproximaram da mesa para ver a briga de perto. Luis Manoel encerrou a reuni\u00e3o. Eurico puxou o Casaca, mas a briga prosseguiu. Eurico se levantou e foi pra cima do Otto aos berros. Ficaram frente a frente gritando um com o outro.<\/em><\/p>\n<p><em>Mour\u00e3o se aproximou da mesa gritando com o Otto. Eurico viu N\u00e9lson Medrado Dias pr\u00f3ximo \u00e0 mesa e berrou repetidas vezes: &#8220;Voce n\u00e3o vai me foder, n\u00e3o. Voc\u00ea n\u00e3o vai me foder&#8221;.<\/em><\/p>\n<p><em>Euriquinho se aproximou da mesa, mas surpreendentemente ou propositalmente mostrava-se calmo.<\/em><\/p>\n<p><em>Um conselheiro micr\u00f3bio, pertencente ao Casaca, come\u00e7ou a berrar com Otto, mas Otto continuou direcionando sua revolta ao Luis Manoel, chamando-o de ditador do partido comunista.<\/em><\/p>\n<p><em>Antonio Porfiro entrou na briga chamando Otto de traidor. Dizendo ter sido tra\u00eddo pelo Otto. Gritando que ele (Porfiro) havia indicado Otto para a presid\u00eancia do CF.<\/em><\/p>\n<p><em>Do lado de fora as organizadas gritavam palavras de ordem. A PM estava\u00a0no local.<\/em><\/p>\n<p><em>Enquanto isso, a confus\u00e3o seguia no sal\u00e3o, com o Micr\u00f3bio Casaquista chamando o Otto de traidor. Otto se recusava a discutir com o projeto de bact\u00e9ria Casaquista dizendo apenas: &#8220;voc\u00ea \u00e9 novato&#8221;, um elogio para um sujeito com 3 entradas pra careca.<\/em><\/p>\n<p><em>Ao final, a turma do deixa disso apartou. A descida foi tensa. Euriquinho passou r\u00e1pido pelas escadas repetindo: &#8220;deixa eu descer para que este cara n\u00e3o tome um pau&#8221;. Parecia um discurso oportunista se apaziguador.<\/em><\/p>\n<p><em>J\u00e1 na sa\u00edda, a cal\u00e7ada estava ocupada por membros de organizadas que nos encaravam. O grupo se reuniu na cal\u00e7ada entre o port\u00e3o e os membros das organizadas que nos cercavam e seguiu junto.<\/em><\/p><\/blockquote>\n","protected":false},"excerpt":{"rendered":"<p>Amigos vasca\u00ednos, Conforme o dicion\u00e1rio &#8220;Priberam&#8221; (imagem anexa), o significado de &#8220;Deliberar&#8221; pode ser entendido&#8230;<\/p>\n","protected":false},"author":5,"featured_media":8240,"comment_status":"open","ping_status":"closed","sticky":false,"template":"","format":"standard","meta":{"footnotes":""},"categories":[2],"tags":[],"class_list":["post-8238","post","type-post","status-publish","format-standard","has-post-thumbnail","hentry","category-andrepedro"],"_links":{"self":[{"href":"https:\/\/webvasco.com\/artigos\/wp-json\/wp\/v2\/posts\/8238","targetHints":{"allow":["GET"]}}],"collection":[{"href":"https:\/\/webvasco.com\/artigos\/wp-json\/wp\/v2\/posts"}],"about":[{"href":"https:\/\/webvasco.com\/artigos\/wp-json\/wp\/v2\/types\/post"}],"author":[{"embeddable":true,"href":"https:\/\/webvasco.com\/artigos\/wp-json\/wp\/v2\/users\/5"}],"replies":[{"embeddable":true,"href":"https:\/\/webvasco.com\/artigos\/wp-json\/wp\/v2\/comments?post=8238"}],"version-history":[{"count":8,"href":"https:\/\/webvasco.com\/artigos\/wp-json\/wp\/v2\/posts\/8238\/revisions"}],"predecessor-version":[{"id":8248,"href":"https:\/\/webvasco.com\/artigos\/wp-json\/wp\/v2\/posts\/8238\/revisions\/8248"}],"wp:featuredmedia":[{"embeddable":true,"href":"https:\/\/webvasco.com\/artigos\/wp-json\/wp\/v2\/media\/8240"}],"wp:attachment":[{"href":"https:\/\/webvasco.com\/artigos\/wp-json\/wp\/v2\/media?parent=8238"}],"wp:term":[{"taxonomy":"category","embeddable":true,"href":"https:\/\/webvasco.com\/artigos\/wp-json\/wp\/v2\/categories?post=8238"},{"taxonomy":"post_tag","embeddable":true,"href":"https:\/\/webvasco.com\/artigos\/wp-json\/wp\/v2\/tags?post=8238"}],"curies":[{"name":"wp","href":"https:\/\/api.w.org\/{rel}","templated":true}]}}