{"id":825,"date":"2014-04-17T02:37:35","date_gmt":"2014-04-17T05:37:35","guid":{"rendered":"http:\/\/webvasco.com\/artigos\/?p=825"},"modified":"2014-04-17T02:46:31","modified_gmt":"2014-04-17T05:46:31","slug":"sem-ttulo-sem-vergonha-e-sem-rumo","status":"publish","type":"post","link":"https:\/\/webvasco.com\/artigos\/colunistas\/luizcarlosrocha\/sem-ttulo-sem-vergonha-e-sem-rumo\/","title":{"rendered":"SEM T&Iacute;TULO, SEM VERGONHA E SEM RUMO!"},"content":{"rendered":"<p>    O Vasco bateu o Resende nesta noite, em S\u00e3o Janu\u00e1rio, com o \u00fanico gol da partida de p\u00eanalti bem cobrado por Douglas e garantiu uma vaga na pr\u00f3xima fase da Copa do Brasil. O Cruzmaltino enfrentar\u00e1 o Treze\/PB, o jogo ser\u00e1 l\u00e1, mas ainda n\u00e3o h\u00e1 data definida pela CBF.<br \/>\n    No \u00faltimo domingo o Gigante da Colina perdeu o t\u00edtulo do Campeonato Carioca para o Povo do Gueto, com aquele gol impedido que deveria ser anulado pelo Sr. Marcelo de Lima Henrique (\u00e1rbitro- torcedor molambo assumido) porque o presidente Roberto Bombinha \u00e9 um bosta! Permitir tantos \u201croubos\u201d de arbitragem contra o Vasco \u00e9 n\u00e3o ter voz de comando, tampouco prest\u00edgio e muito menos moral na FERJ.<br \/>\n    A equipe de S\u00e3o Janu\u00e1rio infelizmente j\u00e1 est\u00e1 se acostumando com tantos fracassos. Desde que assumiu a cadeira 01 do clube, em 2008, o \u00fanico triunfo foi o t\u00edtulo da Copa do Brasil, em 2011, fora isso, al\u00e9m de dois rebaixamentos no Campeonato Brasileiro, fracassos no Campeonato Carioca.  <br \/>\n    Em pleno ano da Copa do Mundo, no Brasil \u2013 pa\u00eds do futebol \u2013 o Vasco disputar\u00e1 a reles S\u00e9rie B do Brasileir\u00e3o 2014! Que mancha! Obrigado Bombinha por destruir uma entidade respeitada e temida por advers\u00e1rios em outras \u00e9pocas. Hoje, n\u00e3o assusta mais ningu\u00e9m, nem mesmo o time de gar\u00e7ons (com todo o respeito \u00e0 categoria) no Aterro do Flamengo\/RJ.<br \/>\n    Sem rumo! Torre de Babel! Nau \u00e0 Deriva! Samba do Crioulo \u2013 agora politicamente correto afro descendente \u2013 Doido! Casa da M\u00e3e Joana! Qualquer que seja a m\u00e1xima usada para explicar a atual gest\u00e3o vasca\u00edna ainda \u00e9 longe de qualquer semelhan\u00e7a. A coisa est\u00e1 muito pior do que o torcedor imagina. N\u00e3o \u00e9 de agora que venho escrevendo isso. Ganhamos hoje de uma equipe fraca e provavelmente ganharemos do Treze\/PB, porque tamb\u00e9m \u00e9 fraca. Quando chegar o momento em que enfrentaremos times de grande express\u00e3o certamente daremos adeus \u00e0 competi\u00e7\u00e3o. O time do Vasco \u00e9 fraco, precisa de refor\u00e7os em TODOS OS SETORES. Precisa de um treinador de ponta, o Adilson \u00e9 bonzinho, mas para comandar um time como o Gigante da Colina precisa ser \u00f3timo.<br \/>\n    Boa parte da cartolagem do Vasco n\u00e3o serve para nada, a n\u00e3o ser para enriquecer a custa do clube. Os poucos dirigentes que se salvam, que est\u00e3o ali realmente para defender os objetivos e interesses do Vasco n\u00e3o conseguem trabalhar como deveria, pois est\u00e3o em menor n\u00famero. \u00c9 preciso banir o Sr. Roberto Bombinha e sua trupe incompetente do Vasco antes que nosso amado time fique ainda mais apequenado, a ponto de ser mais um Am\u00e9rica da vida!<br \/>\n    Que fiquem esses diretores s\u00e9rios na pr\u00f3xima gest\u00e3o. E que o s\u00f3cio analise minuciosamente as propostas dos candidatos para que o futuro presidente possa ser um marco positivo. Agora \u00e9 o momento de a torcida cobrar e cobrar com muita vontade. S\u00e1bado a estreia na S\u00e9rie B do Campeonato Brasileiro, \u00e0s 16h20m, contra o Am\u00e9rica\/MG, em casa.<\/p>\n<p>\nAP\u00d3S AS TODAS AS PARTIDAS DO VASC\u00c3O EM MEU PERFIL DO FACEBOOK (QUEM QUISER RECEBER AS CR\u00d4NICAS DE PRIMEIRA M\u00c3O \u00c9 S\u00d3 ME ADICIONAR), E NOS SITES WEBVASCO (www.webvasco.com), E VASCA\u00cdNOS UNIDOS (www.vascainosunidos.com.br) TEM A OPINI\u00c3O DO JORNALISTA LUIZ CARLOS ROCHA. LEIAM! COMPARTILHEM E CURTAM! VASCA\u00cdNOS UNIDOS JAMAIS SER\u00c3O VENCIDOS.<\/p>\n<p><\/p>\n","protected":false},"excerpt":{"rendered":"<p>O Vasco bateu o Resende nesta noite, em S\u00e3o Janu\u00e1rio, com o \u00fanico gol da&#8230;<\/p>\n","protected":false},"author":7,"featured_media":58,"comment_status":"open","ping_status":"closed","sticky":false,"template":"","format":"standard","meta":{"footnotes":""},"categories":[4],"tags":[],"class_list":["post-825","post","type-post","status-publish","format-standard","has-post-thumbnail","hentry","category-luizcarlosrocha"],"_links":{"self":[{"href":"https:\/\/webvasco.com\/artigos\/wp-json\/wp\/v2\/posts\/825","targetHints":{"allow":["GET"]}}],"collection":[{"href":"https:\/\/webvasco.com\/artigos\/wp-json\/wp\/v2\/posts"}],"about":[{"href":"https:\/\/webvasco.com\/artigos\/wp-json\/wp\/v2\/types\/post"}],"author":[{"embeddable":true,"href":"https:\/\/webvasco.com\/artigos\/wp-json\/wp\/v2\/users\/7"}],"replies":[{"embeddable":true,"href":"https:\/\/webvasco.com\/artigos\/wp-json\/wp\/v2\/comments?post=825"}],"version-history":[{"count":0,"href":"https:\/\/webvasco.com\/artigos\/wp-json\/wp\/v2\/posts\/825\/revisions"}],"wp:featuredmedia":[{"embeddable":true,"href":"https:\/\/webvasco.com\/artigos\/wp-json\/wp\/v2\/media\/58"}],"wp:attachment":[{"href":"https:\/\/webvasco.com\/artigos\/wp-json\/wp\/v2\/media?parent=825"}],"wp:term":[{"taxonomy":"category","embeddable":true,"href":"https:\/\/webvasco.com\/artigos\/wp-json\/wp\/v2\/categories?post=825"},{"taxonomy":"post_tag","embeddable":true,"href":"https:\/\/webvasco.com\/artigos\/wp-json\/wp\/v2\/tags?post=825"}],"curies":[{"name":"wp","href":"https:\/\/api.w.org\/{rel}","templated":true}]}}