{"id":8250,"date":"2017-07-09T17:48:00","date_gmt":"2017-07-09T20:48:00","guid":{"rendered":"http:\/\/webvasco.com\/artigos\/?p=8250"},"modified":"2017-07-09T19:13:17","modified_gmt":"2017-07-09T22:13:17","slug":"derrota-interna","status":"publish","type":"post","link":"https:\/\/webvasco.com\/artigos\/colunistas\/luizcarlosrocha\/derrota-interna\/","title":{"rendered":"DERROTA INTERNA!"},"content":{"rendered":"<div>\n<div style=\"color:#000; background-color:#fff; font-family:Helvetica Neue, Helvetica, Arial, Lucida Grande, sans-serif;font-size:32px\">\n<div style=\"text-align:justify\" id=\"yui_3_16_0_ym19_1_1499626909363_8520\"><span style=\"font-size:14.0pt;line-height:107%;font-family:&quot;Arial&quot;,sans-serif\" id=\"yui_3_16_0_ym19_1_1499626909363_8521\">&nbsp; &nbsp; Quem acha que o Vasco da Gama perdeu ontem  (pelo placar de 1 a 0, gol de \u00c9verton), para o Flamengo, em pleno Est\u00e1dio de  S\u00e3o Janu\u00e1rio \u2013 caindo uma invencibilidade em casa de 44 anos \u2013 se engana. A  partida v\u00e1lida pela 12\u00aa Rodada, do Campeonato Brasileiro, vers\u00e3o 2017 foi  perdida internamente, devendo o torcedor cobrar (e muito) da p\u00e9ssima gest\u00e3o de  Dom Charuto. Estagnamos nos 16 pontos ganhos.<o:p id=\"yui_3_16_0_ym19_1_1499626909363_8522\"><\/o:p><\/span><\/div>\n<div style=\"text-align:justify\" id=\"yui_3_16_0_ym19_1_1499626909363_8523\"><span style=\"font-size:14.0pt;line-height:107%;font-family:&quot;Arial&quot;,sans-serif\" id=\"yui_3_16_0_ym19_1_1499626909363_8524\">&nbsp;&nbsp;&nbsp; Isto, porque, h\u00e1 tempos o \u201ctodo poderoso\u201d  da Colina vem apequenando o Cruzmaltino com a\u00e7\u00f5es de baixo poder  administrativo, e, sobretudo, social. Com isso, os patrocinadores, bem como os  investidores afastaram-se. Automaticamente o n\u00edvel econ\u00f4mico do clube \u00e9  equiparado aos chamados de pequeno porte.<o:p id=\"yui_3_16_0_ym19_1_1499626909363_8525\"><\/o:p><\/span><\/div>\n<div style=\"text-align:justify\" id=\"yui_3_16_0_ym19_1_1499626909363_8526\"><span style=\"font-size:14.0pt;line-height:107%;font-family:&quot;Arial&quot;,sans-serif\" id=\"yui_3_16_0_ym19_1_1499626909363_8527\">&nbsp;&nbsp;&nbsp; A confus\u00e3o \u2013 formada pela pr\u00f3pria torcida  vasca\u00edna \u2013 teve cunho pol\u00edtico. Mas independentemente deste fato, Vasco X  Flamengo se n\u00e3o for bem planejado ter\u00e1 confus\u00e3o em qualquer est\u00e1dio do mundo. Tem  de haver tamb\u00e9m policiamento em pontos cruciais (dentro e fora de SJ). \u00c9 ano  eleitoral no Vasco, a Imensa Torcida Bem Sofrida, digo, Feliz est\u00e1 dividida  entre o Bem e o Mal, ou seja, entre a Oposi\u00e7\u00e3o e a Situa\u00e7\u00e3o, talvez <u id=\"yui_3_16_0_ym19_1_1499626909363_8528\">respectivamente<\/u>.  <o:p id=\"yui_3_16_0_ym19_1_1499626909363_8529\"><\/o:p><\/span><\/div>\n<div style=\"text-align:justify\" id=\"yui_3_16_0_ym19_1_1499626909363_8530\"><span style=\"font-size:14.0pt;line-height:107%;font-family:&quot;Arial&quot;,sans-serif\" id=\"yui_3_16_0_ym19_1_1499626909363_8531\">&nbsp;&nbsp;&nbsp; O problema \u00e9 que o Gigante da Colina vive  dias de turbul\u00eancia. O liame entre o certo e o errado faz-se presente em todas  as depend\u00eancias do clube. Aquele que deveria chamar para si a responsabilidade  quer imput\u00e1-la a outros! Dom Charuto ao declarar que garante n\u00e3o perder o mando  de campo, n\u00e3o merece seu depoimento prosperar qualquer tipo de confian\u00e7a.<o:p id=\"yui_3_16_0_ym19_1_1499626909363_8532\"><\/o:p><\/span><\/div>\n<div style=\"text-align:justify\" id=\"yui_3_16_0_ym19_1_1499626909363_8533\"><span style=\"font-size:14.0pt;line-height:107%;font-family:&quot;Arial&quot;,sans-serif\" id=\"yui_3_16_0_ym19_1_1499626909363_8534\">&nbsp;&nbsp;&nbsp; Em um passado recente, este mesmo senhor  descompensado afirmou que o Vasco jamais disputaria a S\u00e9rie B em sua gest\u00e3o,  que caso acontecesse isso moraria na Sib\u00e9ria. Lament\u00e1vel! Foi no m\u00ednimo fazer  os ouvidos da torcida vasca\u00edna de pinico! Dentre outras fal\u00e1cias sem nexo.<o:p id=\"yui_3_16_0_ym19_1_1499626909363_8535\"><\/o:p><\/span><\/div>\n<div style=\"text-align:justify\" id=\"yui_3_16_0_ym19_1_1499626909363_8536\"><span style=\"font-size:14.0pt;line-height:107%;font-family:&quot;Arial&quot;,sans-serif\" id=\"yui_3_16_0_ym19_1_1499626909363_8537\">&nbsp;&nbsp;&nbsp; Na loucura do cartola, talvez ele se garanta  no art. 26, da Lei 10.741\/03 (Estatuto do Idoso), que trata: O idoso tem  direito ao exerc\u00edcio de atividade profissional, <b id=\"yui_3_16_0_ym19_1_1499626909363_8538\"><u id=\"yui_3_16_0_ym19_1_1499626909363_8539\">RESPEITADAS SUAS CONDI\u00c7\u00d5ES<\/u><\/b> f\u00edsicas, <b id=\"yui_3_16_0_ym19_1_1499626909363_8540\"><u id=\"yui_3_16_0_ym19_1_1499626909363_8541\">INTELECTUAIS E PS\u00cdQUICAS.<\/u><\/b> Pois \u00e9. O problema \u00e9 que tanta  insanidade feita pela atual diretoria, percebo que a legisla\u00e7\u00e3o \u00e9 outra. O  n\u00famero do artigo tamb\u00e9m \u00e9 26, mas do C\u00f3digo Penal Brasileiro. Segundo os  apontamentos: \u00c9 isento de pena o agente que, por doen\u00e7a mental ou  desenvolvimento mental incompleto ou retardado, era, ao tempo da a\u00e7\u00e3o ou da  omiss\u00e3o, inteiramente incapaz de entender o car\u00e1ter il\u00edcito do fato ou de  determinar-se de acordo com esse entendimento. O \u201cDout\u00f4\u201d deveria saber diferenciar,  afinal, \u00e9 advogado!<o:p id=\"yui_3_16_0_ym19_1_1499626909363_8542\"><\/o:p><\/span><\/div>\n<div style=\"text-align:justify\" id=\"yui_3_16_0_ym19_1_1499626909363_8543\"><span style=\"font-size:14.0pt;line-height:107%;font-family:&quot;Arial&quot;,sans-serif\" id=\"yui_3_16_0_ym19_1_1499626909363_8544\">&nbsp;&nbsp;&nbsp;&nbsp;&nbsp; A diferen\u00e7a entre Velho e Idoso \u00e9 que o velho  \u00e9 o sujeito prepotente e arrogante que n\u00e3o escuta o pr\u00f3ximo achando que sabe  tudo. J\u00e1 o idoso \u00e9 aquele que com toda a sua sabedoria, ouve e pensa antes de  agir. Mas do que isso, ser um senhor de idade \u00e9 ser humilde e sagaz ao mesmo  tempo. \u00c9 admitir os erros e chamar para si, a fim de consert\u00e1-los. E n\u00e3o tentar  achar um culpado para seus fracassos. Como tamb\u00e9m saborear a vit\u00f3ria, mas em  companhia da sua equipe, sabendo que decis\u00f5es importantes n\u00e3o tomamos sozinhos.  Est\u00e1 a\u00ed diferen\u00e7a significativa entre o pejorativo e o carinhoso da palavra  Velho. &nbsp;<o:p id=\"yui_3_16_0_ym19_1_1499626909363_8545\"><\/o:p><\/span><\/div>\n<div style=\"text-align:justify\" id=\"yui_3_16_0_ym19_1_1499626909363_8546\"><span style=\"font-size:14.0pt;line-height:107%;font-family:&quot;Arial&quot;,sans-serif\" id=\"yui_3_16_0_ym19_1_1499626909363_8547\">&nbsp;&nbsp;&nbsp;&nbsp;&nbsp; \u00c9 preciso avisar ao nobre operador de  direito que armas letais, foram usadas no epis\u00f3dio de ontem, maculando o  Princ\u00edpio Constitucional da Dignidade da Pessoa Humana. Que ele deve cobrar do  Minist\u00e9rio Publico rigorosa apura\u00e7\u00e3o dos fatos, mesmo sabendo que o mesmo deu  causa a parte dela. Tamb\u00e9m est\u00e1 na conta do cartola os insucessos adquiridos ao  longo dos anos que est\u00e1 \u00e0 frente da administra\u00e7\u00e3o do clube.<o:p id=\"yui_3_16_0_ym19_1_1499626909363_8548\"><\/o:p><\/span><\/div>\n<div style=\"text-align:justify\" id=\"yui_3_16_0_ym19_1_1499626909363_8549\"><span style=\"font-size:14.0pt;line-height:107%;font-family:&quot;Arial&quot;,sans-serif\" id=\"yui_3_16_0_ym19_1_1499626909363_8550\">&nbsp;&nbsp;&nbsp; Vale lembrar, que os Exclu\u00eddos mataram um  botafoguense, no Est\u00e1dio do Engenh\u00e3o, este ano. Logo, o problema n\u00e3o est\u00e1 no  Est\u00e1dio de S\u00e3o Janu\u00e1rio e sim da forma que \u00e9 preparado para receber um cl\u00e1ssico  desta magnitude. Infelizmente quase 20.000 presentes testemunharam um  espet\u00e1culo negativo, na qual a derrota surgiu de dentro para fora. Agora \u00e9  pensar no Vit\u00f3ria, quarta-feira, dia 12, \u00e0s 21h40m, no Est\u00e1dio do Barrad\u00e3o.<o:p id=\"yui_3_16_0_ym19_1_1499626909363_8551\"><\/o:p><\/span><\/div>\n<div style=\"text-align:justify\" id=\"yui_3_16_0_ym19_1_1499626909363_8552\"><span style=\"font-size:14.0pt;line-height:107%;font-family:&quot;Arial&quot;,sans-serif\" id=\"yui_3_16_0_ym19_1_1499626909363_8553\"><o:p id=\"yui_3_16_0_ym19_1_1499626909363_8554\">&nbsp;<\/o:p><\/span><\/div>\n<div style=\"text-align:justify\" id=\"yui_3_16_0_ym19_1_1499626909363_8555\"><span style=\"font-size:14.0pt;line-height:107%;font-family:&quot;Arial&quot;,sans-serif\" id=\"yui_3_16_0_ym19_1_1499626909363_8556\"><o:p id=\"yui_3_16_0_ym19_1_1499626909363_8557\">&nbsp;<\/o:p><\/span><\/div>\n<div style=\"text-align:justify\" id=\"yui_3_16_0_ym19_1_1499626909363_8558\"><span style=\"font-size:14.0pt;line-height:107%;font-family:&quot;Arial&quot;,sans-serif\" id=\"yui_3_16_0_ym19_1_1499626909363_8559\"><o:p id=\"yui_3_16_0_ym19_1_1499626909363_8560\">&nbsp;<\/o:p><\/span><\/div>\n<div style=\"text-align:justify\" id=\"yui_3_16_0_ym19_1_1499626909363_8561\"><b id=\"yui_3_16_0_ym19_1_1499626909363_8562\"><u id=\"yui_3_16_0_ym19_1_1499626909363_8563\"><span style=\"font-size:20.0pt;line-height:107%;font-family:&quot;Arial&quot;,sans-serif\" id=\"yui_3_16_0_ym19_1_1499626909363_8564\">VERGONHA  (4 ANOS!):<o:p id=\"yui_3_16_0_ym19_1_1499626909363_8565\"><\/o:p><\/span><\/u><\/b><\/div>\n<div style=\"text-align:justify\" id=\"yui_3_16_0_ym19_1_1499626909363_8566\"><span style=\"font-size:14.0pt;line-height:107%;font-family:&quot;Arial&quot;,sans-serif\" id=\"yui_3_16_0_ym19_1_1499626909363_8567\">DEPOIS DE AGUARDAR <b id=\"yui_3_16_0_ym19_1_1499626909363_8568\">48 MESES, OU SEJA, 4 ANOS!&nbsp; (CARRO DESDE 10 DE JUNHO DE 2013)<\/b> COM O  CARRO PRESO NA OFICINA DA ABOLI\u00c7\u00c3O VE\u00cdCULOS COM APENAS 729 KM RODADOS, EM UM  PROCESSO COM 8 VOLUMES, NA 1\u00aa VARA CIVEL, DA COMARCA DE NITER\u00d3I\/RJ, REGIONAL  OCE\u00c2NICA, A SENTEN\u00c7A FOI INDEFERIR TODOS OS MEUS PEDIDOS E AINDA CONDENAR EM  10% DE CUSTAS JUDICIAIS. OU SEJA, FIQUEI SEM CARRO ESSE TEMPO TODO (MESMO  PAGANDO \u00c0 VISTA POR ELE), JUNTEI PROVAS COMO REGISTRO DE OCORR\u00caNCIA DA POL\u00cdCIA  CIVIL\/RJ, BOLETIM DE OCORR\u00caNCIA DA POLICIA MILITAR\/RJ, ORDENS DE SERVI\u00c7O, MAIS  DE 600 FOTOGRAFIAS, MAIS DE 40 \u00c1UDIOS, NOTAS FISCAIS, NOTAS DE T\u00c1XI,  PRONTU\u00c1RIOS M\u00c9DICOS, POIS NESTE PER\u00cdODO TIVE PROBLEMAS DE SA\u00daDE, BEM COMO MEUS  FAMILIARES, TENDO UMA FILHA QUE HOJE TEM APENAS 5 ANOS, NA \u00c9POCA POUCO MAIS DE  1 ANINHO. VALE LEMBRAR, QUE OS PRIMEIROS DEFEITOS SE DERAM QUANDO O CARRO TINHA  MENOS DE 30 KM RODADOS. TUDO ISSO PARA NADA. QUEM GOSTOU DO RESULTADO DA DOUTA  MAGRISTRADA FORAM AS EMPRESAS R\u00c9S \u2013 QUE ME LESARAM \u2013 ABOLI\u00c7\u00c3O VE\u00cdCULOS E VW DO  BRASIL (PROCESSO: No 0016370-44.2013.8.19.0212).<o:p id=\"yui_3_16_0_ym19_1_1499626909363_8569\"><\/o:p><\/span><\/div>\n<div style=\"text-align:justify\" id=\"yui_3_16_0_ym19_1_1499626909363_8570\"><b id=\"yui_3_16_0_ym19_1_1499626909363_8571\"><span style=\"font-size:14.0pt;line-height:107%;font-family:&quot;Arial&quot;,sans-serif\" id=\"yui_3_16_0_ym19_1_1499626909363_8572\">&nbsp;<o:p id=\"yui_3_16_0_ym19_1_1499626909363_8573\"><\/o:p><\/span><\/b><\/div>\n<div style=\"text-align:justify\" id=\"yui_3_16_0_ym19_1_1499626909363_8574\"><b id=\"yui_3_16_0_ym19_1_1499626909363_8575\"><span style=\"font-size:14.0pt;line-height:107%;font-family:&quot;Arial&quot;,sans-serif\" id=\"yui_3_16_0_ym19_1_1499626909363_8576\">&nbsp;&nbsp;&nbsp;&nbsp;&nbsp;&nbsp;&nbsp;&nbsp;&nbsp;&nbsp;&nbsp;&nbsp;&nbsp;&nbsp; <o:p id=\"yui_3_16_0_ym19_1_1499626909363_8577\"><\/o:p><\/span><\/b><\/div>\n<div style=\"text-align:justify\" id=\"yui_3_16_0_ym19_1_1499626909363_8578\"><b id=\"yui_3_16_0_ym19_1_1499626909363_8579\"><span style=\"font-size:14.0pt;line-height:107%;font-family:&quot;Arial&quot;,sans-serif\" id=\"yui_3_16_0_ym19_1_1499626909363_8580\">&nbsp;&nbsp;&nbsp;&nbsp;&nbsp;&nbsp;&nbsp;&nbsp;&nbsp;&nbsp;&nbsp;&nbsp;&nbsp;&nbsp;&nbsp;&nbsp;&nbsp;&nbsp;&nbsp;&nbsp;&nbsp;&nbsp;&nbsp;&nbsp;&nbsp;&nbsp;&nbsp;&nbsp;&nbsp;&nbsp; <o:p id=\"yui_3_16_0_ym19_1_1499626909363_8581\"><\/o:p><\/span><\/b><\/div>\n<div id=\"yui_3_16_0_ym19_1_1499626909363_8286\">                                                                    <\/div>\n<div style=\"text-align:justify\" dir=\"ltr\" id=\"yui_3_16_0_ym19_1_1499626909363_8582\"><b id=\"yui_3_16_0_ym19_1_1499626909363_8583\"><span style=\"font-size:14.0pt;line-height:107%;font-family:&quot;Arial&quot;,sans-serif\" id=\"yui_3_16_0_ym19_1_1499626909363_8584\">AP\u00d3S  AS TODAS AS PARTIDAS DO VASC\u00c3O EM MEU PERFIL DO FACEBOOK (QUEM QUISER RECEBER  AS CR\u00d4NICAS DE PRIMEIRA M\u00c3O \u00c9 S\u00d3 ME ADICIONAR), E NO SITE WEBVASCO  (<a href=\"http:\/\/www.webvasco.com\">www.webvasco.com<\/a>), TEM A OPINI\u00c3O DO JORNALISTA LUIZ CARLOS ROCHA. LEIAM!  COMPARTILHEM E CURTAM! VASCA\u00cdNOS UNIDOS JAMAIS SER\u00c3O VENCIDOS.<\/span><\/b><span style=\"font-size:14.0pt;line-height:107%;font-family:&quot;Arial&quot;,sans-serif\" id=\"yui_3_16_0_ym19_1_1499626909363_8585\"><o:p id=\"yui_3_16_0_ym19_1_1499626909363_8586\"><\/o:p><\/span><\/div>\n<div id=\"yui_3_16_0_ym19_1_1499626909363_8286\"><span><br \/><\/span><\/div>\n<div id=\"yui_3_16_0_ym19_1_1499626909363_8286\"><span><br \/><\/span><\/div>\n<div id=\"yui_3_16_0_ym19_1_1499626909363_8286\"><span><br \/><\/span><\/div>\n<div id=\"yui_3_16_0_ym19_1_1499626909363_8286\"><span><br \/><\/span><\/div>\n<div id=\"yui_3_16_0_ym19_1_1499626909363_8286\"><span><br \/><\/span><\/div>\n<div><\/div>\n<div id=\"yui_3_16_0_ym19_1_1499626909363_8287\">&nbsp;<\/div>\n<div class=\"signature\" id=\"yui_3_16_0_ym19_1_1499626909363_8294\">\n<div id=\"RTEContent\">\n<div id=\"yui_3_16_0_ym19_1_1499626909363_8293\">\n<div id=\"yui_3_16_0_ym19_1_1499626909363_8292\">\n<div id=\"yui_3_16_0_ym19_1_1499626909363_8291\">\n<div align=\"center\" id=\"yui_3_16_0_ym19_1_1499626909363_8290\"><\/div>\n<\/div>\n<\/div>\n<\/div>\n<\/div>\n<\/div>\n<\/div>\n<\/div>\n<p><\/p>\n","protected":false},"excerpt":{"rendered":"<p>&nbsp; &nbsp; Quem acha que o Vasco da Gama perdeu ontem (pelo placar de 1&#8230;<\/p>\n","protected":false},"author":7,"featured_media":0,"comment_status":"open","ping_status":"closed","sticky":false,"template":"","format":"standard","meta":{"footnotes":""},"categories":[4],"tags":[],"class_list":["post-8250","post","type-post","status-publish","format-standard","hentry","category-luizcarlosrocha"],"_links":{"self":[{"href":"https:\/\/webvasco.com\/artigos\/wp-json\/wp\/v2\/posts\/8250","targetHints":{"allow":["GET"]}}],"collection":[{"href":"https:\/\/webvasco.com\/artigos\/wp-json\/wp\/v2\/posts"}],"about":[{"href":"https:\/\/webvasco.com\/artigos\/wp-json\/wp\/v2\/types\/post"}],"author":[{"embeddable":true,"href":"https:\/\/webvasco.com\/artigos\/wp-json\/wp\/v2\/users\/7"}],"replies":[{"embeddable":true,"href":"https:\/\/webvasco.com\/artigos\/wp-json\/wp\/v2\/comments?post=8250"}],"version-history":[{"count":0,"href":"https:\/\/webvasco.com\/artigos\/wp-json\/wp\/v2\/posts\/8250\/revisions"}],"wp:attachment":[{"href":"https:\/\/webvasco.com\/artigos\/wp-json\/wp\/v2\/media?parent=8250"}],"wp:term":[{"taxonomy":"category","embeddable":true,"href":"https:\/\/webvasco.com\/artigos\/wp-json\/wp\/v2\/categories?post=8250"},{"taxonomy":"post_tag","embeddable":true,"href":"https:\/\/webvasco.com\/artigos\/wp-json\/wp\/v2\/tags?post=8250"}],"curies":[{"name":"wp","href":"https:\/\/api.w.org\/{rel}","templated":true}]}}