{"id":8251,"date":"2017-07-17T16:19:21","date_gmt":"2017-07-17T19:19:21","guid":{"rendered":"http:\/\/webvasco.com\/artigos\/?p=8251"},"modified":"2017-07-17T16:29:42","modified_gmt":"2017-07-17T19:29:42","slug":"sem-pblico-sem-gols-sem-graa","status":"publish","type":"post","link":"https:\/\/webvasco.com\/artigos\/colunistas\/luizcarlosrocha\/sem-pblico-sem-gols-sem-graa\/","title":{"rendered":"SEM P&Uacute;BLICO, SEM GOLS, SEM GRA&Ccedil;A!"},"content":{"rendered":"<div>\n<div style=\"color:#000; background-color:#fff; font-family:Helvetica Neue, Helvetica, Arial, Lucida Grande, sans-serif;font-size:32px\">\n<div style=\"text-align:justify\" id=\"yui_3_16_0_ym19_1_1500314463259_45995\"><span style=\"font-size:14.0pt;line-height:107%;font-family:&quot;Arial&quot;,sans-serif\" id=\"yui_3_16_0_ym19_1_1500314463259_45996\">&nbsp; &nbsp; \u00c9 impressionante como a atual diretoria do  Vasco da Gama est\u00e1 reduzindo o prest\u00edgio de uma institui\u00e7\u00e3o centen\u00e1ria. Ontem,  no Est\u00e1dio Nilton Santos (com port\u00f5es fechados por determina\u00e7\u00e3o da CBF), o  Cruzmaltino n\u00e3o saiu do 0 a 0, contra o Santos, em partida v\u00e1lida pela 14\u00aa  Rodada, do Campeonato Brasileiro, 2017.<o:p id=\"yui_3_16_0_ym19_1_1500314463259_45997\"><\/o:p><\/span><\/div>\n<div style=\"text-align:justify\" id=\"yui_3_16_0_ym19_1_1500314463259_45998\"><span style=\"font-size:14.0pt;line-height:107%;font-family:&quot;Arial&quot;,sans-serif\" id=\"yui_3_16_0_ym19_1_1500314463259_45999\">&nbsp;&nbsp;&nbsp; Com o resultado amargo, o Vasco chegou aos  20 pontos ganhos, em 42 disputados, ou seja, menos de 50%! Que absurdo para um  clube que outrora era conhecido como Gigante da Colina. Em um passado nem t\u00e3o  distante assim era temido por advers\u00e1rios e idolatrado por seus torcedores. A  equipe ocupa a 8\u00aa posi\u00e7\u00e3o na tabela de classifica\u00e7\u00e3o da competi\u00e7\u00e3o.<o:p id=\"yui_3_16_0_ym19_1_1500314463259_46000\"><\/o:p><\/span><\/div>\n<div style=\"text-align:justify\" id=\"yui_3_16_0_ym19_1_1500314463259_46001\"><span style=\"font-size:14.0pt;line-height:107%;font-family:&quot;Arial&quot;,sans-serif\" id=\"yui_3_16_0_ym19_1_1500314463259_46002\">&nbsp;&nbsp;&nbsp; Tal puni\u00e7\u00e3o pela Entidade Futebol\u00edstica se  deu devido a confus\u00f5es, tendo inclusive na conta da baderna o \u00f3bito de um  torcedor. \u00c9 sabido por todos que h\u00e1 muito tempo Dom Charuto faz apologia a  viol\u00eancia, tendo em vista que algumas torcidas organizadas se prevalecem com favores  pessoais, em troca de \u201capoiar\u201d e fazer a \u201cseguran\u00e7a\u201d, gest\u00e3o e pessoal,  respectivamente, do \u201cmafeioso\u201d. Isso precisa acabar, antes que ele acabe com o  Vasco!<o:p id=\"yui_3_16_0_ym19_1_1500314463259_46003\"><\/o:p><\/span><\/div>\n<div style=\"text-align:justify\" id=\"yui_3_16_0_ym19_1_1500314463259_46004\"><span style=\"font-size:14.0pt;line-height:107%;font-family:&quot;Arial&quot;,sans-serif\" id=\"yui_3_16_0_ym19_1_1500314463259_46005\">&nbsp;&nbsp;&nbsp; N\u00e3o entendo \u2013 ou melhor sei mas n\u00e3o tenho  provas \u2013 como essa diretoria p\u00edfia se perpetua no comando do clube, sem fazer  nada de \u00fatil, pelo contr\u00e1rio, \u00e9 uma administra\u00e7\u00e3o nociva, destruindo cada dia  mais a imagem do Vasco da Gama. Mas o cartola n\u00e3o se emenda, depois de macular  a rela\u00e7\u00e3o com a TV Globo, em 2000, causando inclusive um mal estar, estampando  gratuitamente a logomarca do SBT no uniforme por pura vaidade, arrog\u00e2ncia,  prepot\u00eancia e, sobretudo, vontade de alfinetar a maior emissora do pa\u00eds, o  p\u00edfio dirigente entrou em mais um embate com a Galera da Plim Plim:<o:p id=\"yui_3_16_0_ym19_1_1500314463259_46006\"><\/o:p><\/span><\/div>\n<div style=\"text-align:justify\" id=\"yui_3_16_0_ym19_1_1500314463259_46007\"><span style=\"font-size:14.0pt;line-height:107%;font-family:&quot;Arial&quot;,sans-serif\" id=\"yui_3_16_0_ym19_1_1500314463259_46008\">&nbsp;&nbsp;&nbsp; \u201cTenho que deixar aqui o meu protesto a  Rede Globo de Televis\u00e3o e todas as suas afiliadas. Fez uma mat\u00e9ria tendenciosa.  Pediram para ter uma entrevista comigo. Eu sou contra entrevistas gravadas.  Colocaram o que interessava, determinadas coloca\u00e7\u00f5es que s\u00e3o minhas, mas no  contexto n\u00e3o&#8221;, criticou Eurico, que concedeu entrevista ap\u00f3s o empate sem  gols com o Santos &#8211; ele ocupou o lugar do auxiliar Ednelson Silva, que  conversaria com a imprensa, no lugar do suspenso treinador Milton Mendes. <o:p id=\"yui_3_16_0_ym19_1_1500314463259_46009\"><\/o:p><\/span><\/div>\n<div style=\"text-align:justify\" id=\"yui_3_16_0_ym19_1_1500314463259_46010\"><span style=\"font-size:14.0pt;line-height:107%;font-family:&quot;Arial&quot;,sans-serif\" id=\"yui_3_16_0_ym19_1_1500314463259_46011\">&nbsp;&nbsp;&nbsp; Agora o Vasco aguardar\u00e1 a retalia\u00e7\u00e3o da  Globo, que certamente vir\u00e1. Foi assim nesses 17 anos. O inteligente Eurico  Miranda s\u00f3 refor\u00e7ou o \u00f3dio do ve\u00edculo de comunica\u00e7\u00e3o. Ou seja, \u00e9 mal gestor, mal  educado por tomar a vez do auxiliar t\u00e9cnico (que certamente n\u00e3o defecaria pela  boca), \u00e9 mal de marketing porque est\u00e1 afundando cada vez mais o clube (nem cito  a imagem pessoal que h\u00e1 muito acabou), e \u00e9 mal coach! Fora Eurico!<o:p id=\"yui_3_16_0_ym19_1_1500314463259_46012\"><\/o:p><\/span><\/div>\n<div style=\"text-align:justify\" id=\"yui_3_16_0_ym19_1_1500314463259_46013\"><span style=\"font-size:14.0pt;line-height:107%;font-family:&quot;Arial&quot;,sans-serif\" id=\"yui_3_16_0_ym19_1_1500314463259_46014\">&nbsp;&nbsp;&nbsp; O pr\u00f3ximo jogo do Cruzmaltino ser\u00e1  quarta-feira, dia 19, \u00e0s 21h45m, no Est\u00e1dio do Morumbi, contra o S\u00e3o Paulo. Nem  pensar em empatar. Somente a vit\u00f3ria interessa. \u00c9 obriga\u00e7\u00e3o, uma vez, que o  Tricolor Paulista anda \u2013 literalmente \u2013 mau das pernas.<\/span><b id=\"yui_3_16_0_ym19_1_1500314463259_46015\"><span style=\"font-size:22.0pt;line-height:107%;font-family:&quot;Arial&quot;,sans-serif\" id=\"yui_3_16_0_ym19_1_1500314463259_46016\"><o:p id=\"yui_3_16_0_ym19_1_1500314463259_46017\"><\/o:p><\/span><\/b><\/div>\n<div style=\"text-align:justify\" id=\"yui_3_16_0_ym19_1_1500314463259_46018\"><b id=\"yui_3_16_0_ym19_1_1500314463259_46019\"><span style=\"font-size:22.0pt;line-height:107%;font-family:&quot;Arial&quot;,sans-serif\" id=\"yui_3_16_0_ym19_1_1500314463259_46020\"><o:p id=\"yui_3_16_0_ym19_1_1500314463259_46021\">&nbsp;<\/o:p><\/span><\/b><\/div>\n<div style=\"text-align:justify\" id=\"yui_3_16_0_ym19_1_1500314463259_46022\"><span style=\"font-size:14.0pt;line-height:107%;font-family:&quot;Arial&quot;,sans-serif\" id=\"yui_3_16_0_ym19_1_1500314463259_46023\"><o:p id=\"yui_3_16_0_ym19_1_1500314463259_46024\">&nbsp;<\/o:p><\/span><\/div>\n<div style=\"text-align:justify\" id=\"yui_3_16_0_ym19_1_1500314463259_46025\"><b id=\"yui_3_16_0_ym19_1_1500314463259_46026\"><u id=\"yui_3_16_0_ym19_1_1500314463259_46027\"><span style=\"font-size:20.0pt;line-height:107%;font-family:&quot;Arial&quot;,sans-serif\" id=\"yui_3_16_0_ym19_1_1500314463259_46028\">VERGONHA  (MAIS DE 4 ANOS!):<o:p id=\"yui_3_16_0_ym19_1_1500314463259_46029\"><\/o:p><\/span><\/u><\/b><\/div>\n<div style=\"text-align:justify\" id=\"yui_3_16_0_ym19_1_1500314463259_46030\"><span style=\"font-size:14.0pt;line-height:107%;font-family:&quot;Arial&quot;,sans-serif\" id=\"yui_3_16_0_ym19_1_1500314463259_46031\">DEPOIS DE AGUARDAR <b id=\"yui_3_16_0_ym19_1_1500314463259_46032\">49 MESES, OU SEJA, 4 ANOS E 1 MES!&nbsp; (CARRO DESDE 10 DE JUNHO DE 2013)<\/b> COM O  CARRO PRESO NA OFICINA DA ABOLI\u00c7\u00c3O VE\u00cdCULOS COM APENAS 729 KM RODADOS, EM UM  PROCESSO COM 8 VOLUMES, NA 1\u00aa VARA CIVEL, DA COMARCA DE NITER\u00d3I\/RJ, REGIONAL  OCE\u00c2NICA, A SENTEN\u00c7A FOI INDEFERIR TODOS OS MEUS PEDIDOS E AINDA CONDENAR EM  10% DE CUSTAS JUDICIAIS. OU SEJA, FIQUEI SEM CARRO ESSE TEMPO TODO (MESMO  PAGANDO \u00c0 VISTA POR ELE), JUNTEI PROVAS COMO REGISTRO DE OCORR\u00caNCIA DA POL\u00cdCIA  CIVIL\/RJ, BOLETIM DE OCORR\u00caNCIA DA POLICIA MILITAR\/RJ, ORDENS DE SERVI\u00c7O, MAIS  DE 600 FOTOGRAFIAS, MAIS DE 40 \u00c1UDIOS, NOTAS FISCAIS, NOTAS DE T\u00c1XI,  PRONTU\u00c1RIOS M\u00c9DICOS, POIS NESTE PER\u00cdODO TIVE PROBLEMAS DE SA\u00daDE, BEM COMO MEUS  FAMILIARES, TENDO UMA FILHA QUE HOJE TEM APENAS 5 ANOS, NA \u00c9POCA POUCO MAIS DE  1 ANINHO. VALE LEMBRAR, QUE OS PRIMEIROS DEFEITOS SE DERAM QUANDO O CARRO TINHA  MENOS DE 30 KM RODADOS. TUDO ISSO PARA NADA. QUEM GOSTOU DO RESULTADO DA DOUTA  MAGRISTRADA FORAM AS EMPRESAS R\u00c9S \u2013 QUE ME LESARAM \u2013 ABOLI\u00c7\u00c3O VE\u00cdCULOS E VW DO  BRASIL (PROCESSO: No 0016370-44.2013.8.19.0212).<o:p id=\"yui_3_16_0_ym19_1_1500314463259_46033\"><\/o:p><\/span><\/div>\n<div style=\"text-align:justify\" id=\"yui_3_16_0_ym19_1_1500314463259_46034\"><b id=\"yui_3_16_0_ym19_1_1500314463259_46035\"><span style=\"font-size:14.0pt;line-height:107%;font-family:&quot;Arial&quot;,sans-serif\" id=\"yui_3_16_0_ym19_1_1500314463259_46036\">&nbsp;<o:p id=\"yui_3_16_0_ym19_1_1500314463259_46037\"><\/o:p><\/span><\/b><\/div>\n<div style=\"text-align:justify\" id=\"yui_3_16_0_ym19_1_1500314463259_46038\"><b id=\"yui_3_16_0_ym19_1_1500314463259_46039\"><span style=\"font-size:14.0pt;line-height:107%;font-family:&quot;Arial&quot;,sans-serif\" id=\"yui_3_16_0_ym19_1_1500314463259_46040\">&nbsp;&nbsp;&nbsp;&nbsp;&nbsp;&nbsp;&nbsp;&nbsp;&nbsp;&nbsp;&nbsp;&nbsp;&nbsp;&nbsp; <o:p id=\"yui_3_16_0_ym19_1_1500314463259_46041\"><\/o:p><\/span><\/b><\/div>\n<div style=\"text-align:justify\" id=\"yui_3_16_0_ym19_1_1500314463259_46042\"><b id=\"yui_3_16_0_ym19_1_1500314463259_46043\"><span style=\"font-size:14.0pt;line-height:107%;font-family:&quot;Arial&quot;,sans-serif\" id=\"yui_3_16_0_ym19_1_1500314463259_46044\">&nbsp;&nbsp;&nbsp;&nbsp;&nbsp;&nbsp;&nbsp;&nbsp;&nbsp;&nbsp;&nbsp;&nbsp;&nbsp;&nbsp;&nbsp;&nbsp;&nbsp;&nbsp;&nbsp;&nbsp;&nbsp;&nbsp;&nbsp;&nbsp;&nbsp;&nbsp;&nbsp;&nbsp;&nbsp;&nbsp; <o:p id=\"yui_3_16_0_ym19_1_1500314463259_46045\"><\/o:p><\/span><\/b><\/div>\n<div id=\"yui_3_16_0_ym19_1_1500314463259_45763\">                                                        <\/div>\n<div style=\"text-align:justify\" dir=\"ltr\" id=\"yui_3_16_0_ym19_1_1500314463259_46046\"><b id=\"yui_3_16_0_ym19_1_1500314463259_46047\"><span style=\"font-size:14.0pt;line-height:107%;font-family:&quot;Arial&quot;,sans-serif\" id=\"yui_3_16_0_ym19_1_1500314463259_46048\">AP\u00d3S  AS TODAS AS PARTIDAS DO VASC\u00c3O EM MEU PERFIL DO FACEBOOK (QUEM QUISER RECEBER  AS CR\u00d4NICAS DE PRIMEIRA M\u00c3O \u00c9 S\u00d3 ME ADICIONAR), E NO SITE WEBVASCO  (<a href=\"http:\/\/www.webvasco.com\">www.webvasco.com<\/a>), TEM A OPINI\u00c3O DO JORNALISTA LUIZ CARLOS ROCHA. LEIAM!  COMPARTILHEM E CURTAM! VASCA\u00cdNOS UNIDOS JAMAIS SER\u00c3O VENCIDOS.<\/span><\/b><span style=\"font-size:14.0pt;line-height:107%;font-family:&quot;Arial&quot;,sans-serif\" id=\"yui_3_16_0_ym19_1_1500314463259_46049\"><o:p id=\"yui_3_16_0_ym19_1_1500314463259_46050\"><\/o:p><\/span><\/div>\n<div id=\"yui_3_16_0_ym19_1_1500314463259_45763\"><span><br \/><\/span><\/div>\n<div id=\"yui_3_16_0_ym19_1_1500314463259_45763\"><span><br \/><\/span><\/div>\n<div id=\"yui_3_16_0_ym19_1_1500314463259_45763\"><span><br \/><\/span><\/div>\n<div><\/div>\n<div id=\"yui_3_16_0_ym19_1_1500314463259_45741\">&nbsp;<\/div>\n<div class=\"signature\" id=\"yui_3_16_0_ym19_1_1500314463259_45740\">\n<div id=\"RTEContent\">\n<div id=\"yui_3_16_0_ym19_1_1500314463259_45739\">\n<div id=\"yui_3_16_0_ym19_1_1500314463259_45738\">\n<div id=\"yui_3_16_0_ym19_1_1500314463259_45737\">\n<div align=\"center\" id=\"yui_3_16_0_ym19_1_1500314463259_45736\"><\/div>\n<\/div>\n<\/div>\n<\/div>\n<\/div>\n<\/div>\n<\/div>\n<\/div>\n<p><\/p>\n","protected":false},"excerpt":{"rendered":"<p>&nbsp; &nbsp; \u00c9 impressionante como a atual diretoria do Vasco da Gama est\u00e1 reduzindo o&#8230;<\/p>\n","protected":false},"author":7,"featured_media":0,"comment_status":"open","ping_status":"closed","sticky":false,"template":"","format":"standard","meta":{"footnotes":""},"categories":[4],"tags":[],"class_list":["post-8251","post","type-post","status-publish","format-standard","hentry","category-luizcarlosrocha"],"_links":{"self":[{"href":"https:\/\/webvasco.com\/artigos\/wp-json\/wp\/v2\/posts\/8251","targetHints":{"allow":["GET"]}}],"collection":[{"href":"https:\/\/webvasco.com\/artigos\/wp-json\/wp\/v2\/posts"}],"about":[{"href":"https:\/\/webvasco.com\/artigos\/wp-json\/wp\/v2\/types\/post"}],"author":[{"embeddable":true,"href":"https:\/\/webvasco.com\/artigos\/wp-json\/wp\/v2\/users\/7"}],"replies":[{"embeddable":true,"href":"https:\/\/webvasco.com\/artigos\/wp-json\/wp\/v2\/comments?post=8251"}],"version-history":[{"count":0,"href":"https:\/\/webvasco.com\/artigos\/wp-json\/wp\/v2\/posts\/8251\/revisions"}],"wp:attachment":[{"href":"https:\/\/webvasco.com\/artigos\/wp-json\/wp\/v2\/media?parent=8251"}],"wp:term":[{"taxonomy":"category","embeddable":true,"href":"https:\/\/webvasco.com\/artigos\/wp-json\/wp\/v2\/categories?post=8251"},{"taxonomy":"post_tag","embeddable":true,"href":"https:\/\/webvasco.com\/artigos\/wp-json\/wp\/v2\/tags?post=8251"}],"curies":[{"name":"wp","href":"https:\/\/api.w.org\/{rel}","templated":true}]}}