{"id":8252,"date":"2017-07-21T16:18:41","date_gmt":"2017-07-21T19:18:41","guid":{"rendered":"http:\/\/webvasco.com\/artigos\/?p=8252"},"modified":"2017-07-21T16:26:33","modified_gmt":"2017-07-21T19:26:33","slug":"funerria-vasco-da-gama","status":"publish","type":"post","link":"https:\/\/webvasco.com\/artigos\/colunistas\/luizcarlosrocha\/funerria-vasco-da-gama\/","title":{"rendered":"FUNER&Aacute;RIA VASCO DA GAMA!"},"content":{"rendered":"<div>\n<div style=\"color: #000; background-color: #fff; font-family: Helvetica Neue, Helvetica, Arial, Lucida Grande, sans-serif; font-size: 32px;\">\n<div id=\"yui_3_16_0_ym19_1_1500314463259_451441\" style=\"text-align: justify;\"><span id=\"yui_3_16_0_ym19_1_1500314463259_451442\" style=\"font-size: 14.0pt; line-height: 107%; font-family: 'Arial',sans-serif;\">Se tudo der errado \u00e9 s\u00f3 mudar o ramo do neg\u00f3cio. De Club de Regatas Vasco da Gama a Funer\u00e1ria Vasco da Gama! Nunca na hist\u00f3ria do Cruzmaltino a rela\u00e7\u00e3o entre morte e vida foi t\u00e3o forte. Por\u00e9m, os simples mortais \u2013 aqueles que s\u00e3o a engrenagem da institui\u00e7\u00e3o, os torcedores \u2013 n\u00e3o aguentam mais tanta assombra\u00e7\u00e3o!<\/span><\/div>\n<div id=\"yui_3_16_0_ym19_1_1500314463259_451444\" style=\"text-align: justify;\"><span id=\"yui_3_16_0_ym19_1_1500314463259_451445\" style=\"font-size: 14.0pt; line-height: 107%; font-family: 'Arial',sans-serif;\">\u00a0\u00a0\u00a0 N\u00e3o \u00e9 segredo para ningu\u00e9m que s\u00f3cios j\u00e1 desencarnados votaram em um gestor para l\u00e1 de falecido, mas que no quesito fraude ele \u00e9 muito vivo. Ultimamente o Gigante (atualmente An\u00e3o) da Colina tem tentado ressuscitar equipes abatidas no Campeonato Brasileiro, vide a derrota para os Bambis de S\u00e3o Paulo, quarta-feira, pelo placar de 1 a 0. <\/span><\/div>\n<div id=\"yui_3_16_0_ym19_1_1500314463259_451447\" style=\"text-align: justify;\"><span id=\"yui_3_16_0_ym19_1_1500314463259_451448\" style=\"font-size: 14.0pt; line-height: 107%; font-family: 'Arial',sans-serif;\">\u00a0\u00a0\u00a0 Os pupilos de Milton Mendes se contentam com pouco. Fazem contas para a perman\u00eancia na S\u00e9rie A. Outrora o plantel fazia contas para a conquista de t\u00edtulos! Lament\u00e1vel como a vida mudou. Seria porque na Fam\u00edlia Dinossauro agora quem manda \u00e9 o baby? Dar vida a um cartola inexperiente s\u00f3 mesmo no Vasco, e por nepotismo!<\/span><\/div>\n<div id=\"yui_3_16_0_ym19_1_1500314463259_451450\" style=\"text-align: justify;\"><span id=\"yui_3_16_0_ym19_1_1500314463259_451451\" style=\"font-size: 14.0pt; line-height: 107%; font-family: 'Arial',sans-serif;\">\u00a0\u00a0\u00a0 Recentemente o meia Nen\u00ea \u2013 que anda meio morto com farofa \u2013 mostrou descontentamento com a reserva e plantou a not\u00edcia que clubes estariam interessados em seu futebol. Ora, um atleta de 36 anos, jogando mal, tem sondagem internacional e n\u00e3o foi? No m\u00ednimo \u00e9 estranho. Ou seja, mais um fantasma que vive do seu passado de gl\u00f3ria querendo fazer b\u00fa\u00fa\u00fa\u00fa\u00fa\u00fa em S\u00e3o Janu\u00e1rio. <\/span><\/div>\n<div id=\"yui_3_16_0_ym19_1_1500314463259_451453\" style=\"text-align: justify;\"><span id=\"yui_3_16_0_ym19_1_1500314463259_451454\" style=\"font-size: 14.0pt; line-height: 107%; font-family: 'Arial',sans-serif;\">\u00a0\u00a0\u00a0 Muito bem o posicionamento do treinador quando disse que o camisa 10 n\u00e3o merece ser titular n\u00e3o s\u00f3 pelo trabalho recentemente apontado, bem como pela sua conduta profissional. Parab\u00e9ns MM! Quem tamb\u00e9m entrou nessa onda fren\u00e9tica dos sucumbidos foi Juninho Pernambucano que ap\u00f3s se \u201cformar\u201d em comentarista da Rede Esgoto de Televis\u00e3o, sempre que pode d\u00e1 uma alfinetadinha no seu ex-clube (na qual o revelou para o mundo futebol\u00edstico). Mas se esquece que em 2.000, na partida final entre Mach\u00e3o da Gama e Gamb\u00e1s ele deixou de chutar uma bola de frente para o goleiro Ronaldo que seria o gol do t\u00edtulo. Resumindo matou qualquer possibilidade da conquista!<\/span><\/div>\n<div id=\"yui_3_16_0_ym19_1_1500314463259_451456\" style=\"text-align: justify;\"><span id=\"yui_3_16_0_ym19_1_1500314463259_451457\" style=\"font-size: 14.0pt; line-height: 107%; font-family: 'Arial',sans-serif;\">\u00a0\u00a0\u00a0 A base ainda vive! Tem garotos revelados. Mas infelizmente Dom Charuto n\u00e3o deixa esse tipo de jogador se valorizar mais, trata logo de vender. Ainda mente para a Imensa Torcida T\u00e3o Paciente, digo, Feliz. Diz que determinado craque permanecer\u00e1, e de um dia para outro anuncia a sa\u00edda do mesmo.<\/span><\/div>\n<div id=\"yui_3_16_0_ym19_1_1500314463259_451459\" style=\"text-align: justify;\"><span id=\"yui_3_16_0_ym19_1_1500314463259_451460\" style=\"font-size: 14.0pt; line-height: 107%; font-family: 'Arial',sans-serif;\">\u00a0\u00a0\u00a0 Nas cores oficiais do Vasco, podemos afirmar na analogia policrom\u00e1tica, que o branco representa a vida e o preto a morte. Logo, hoje estamos mais para o falecimento do que para o nascimento. Morrendo aos poucos. Mas o torcedor vasca\u00edno \u00e9 inteligente e guerreiro. <\/span><\/div>\n<div id=\"yui_3_16_0_ym19_1_1500314463259_451462\" style=\"text-align: justify;\"><span id=\"yui_3_16_0_ym19_1_1500314463259_451463\" style=\"font-size: 14.0pt; line-height: 107%; font-family: 'Arial',sans-serif;\">\u00a0\u00a0\u00a0 Os s\u00f3cios precisam se agarrar no rubro da Cruz de Malta e se fazer representar pelo sangue nos olhos esperando que dias melhores vir\u00e3o. A \u00fanica chance do Vasco da Gama n\u00e3o se apequenar de vez \u00e9 tirando do poder a Dinastia Miranda. Essa oportunidade ser\u00e1 em novembro. Para o respeito voltar \u2013 de verdade \u2013 \u00e9 preciso que a oposi\u00e7\u00e3o seja inteligente e unida. Seria utopia acreditar que um salvador da p\u00e1tria colocaria tudo no eixo e derrotaria facilmente Dom Charuto nas elei\u00e7\u00f5es.<\/span><\/div>\n<div id=\"yui_3_16_0_ym19_1_1500314463259_451465\" style=\"text-align: justify;\"><span id=\"yui_3_16_0_ym19_1_1500314463259_451466\" style=\"font-size: 14.0pt; line-height: 107%; font-family: 'Arial',sans-serif;\">\u00a0\u00a0\u00a0 \u00c9 preciso que qualquer outro presidente assuma o clube, para que daqui a tr\u00eas anos se pense no mandat\u00e1rio ideal. Mas se a vaidade falar mais alto e a oposi\u00e7\u00e3o estiver divergida, as fra\u00e7\u00f5es isoladas n\u00e3o derrubar\u00e3o os votos do Dout\u00f4 que certamente ficar\u00e1 mais um tri\u00eanio (a n\u00e3o ser que L\u00facifer chame ele antes para ser cartola no inferno). <\/span><\/div>\n<div id=\"yui_3_16_0_ym19_1_1500314463259_451468\" style=\"text-align: justify;\"><span id=\"yui_3_16_0_ym19_1_1500314463259_451469\" style=\"font-size: 14.0pt; line-height: 107%; font-family: 'Arial',sans-serif;\">\u00a0\u00a0 O momento \u00e9 de coalis\u00e3o. Somente junta a oposi\u00e7\u00e3o ir\u00e1 retomar o poder em S\u00e3o Janu\u00e1rio. Faz-se indispens\u00e1vel que for\u00e7as pol\u00edticas, artistas renomados, ex-jogadores e todos que amam verdadeiramente o Gigante da Colina comunguem da solidariedade, e, sobretudo, da mesma filosofia administrativa e operacional, para que possamos JUNTOS extirpar com um belo p\u00e9 no traseiro gordo Dom Charuto e seus 40 assistentes.<\/span><\/div>\n<div id=\"yui_3_16_0_ym19_1_1500314463259_451471\" style=\"text-align: justify;\"><span id=\"yui_3_16_0_ym19_1_1500314463259_451472\" style=\"font-size: 14.0pt; line-height: 107%; font-family: 'Arial',sans-serif;\">\u00a0\u00a0\u00a0 Enquanto isso n\u00e3o ocorre, a pr\u00f3xima partida do Vasco ser\u00e1 contra o Atl\u00e9tico Mineiro, domingo, no Est\u00e1dio Independ\u00eancia, \u00e0s 19h.<\/span><b id=\"yui_3_16_0_ym19_1_1500314463259_451473\"><span id=\"yui_3_16_0_ym19_1_1500314463259_451474\" style=\"font-size: 22.0pt; line-height: 107%; font-family: 'Arial',sans-serif;\"><\/span><\/b><\/div>\n<div id=\"yui_3_16_0_ym19_1_1500314463259_451476\" style=\"text-align: justify;\"><b id=\"yui_3_16_0_ym19_1_1500314463259_451477\"><span id=\"yui_3_16_0_ym19_1_1500314463259_451478\" style=\"font-size: 22.0pt; line-height: 107%; font-family: 'Arial',sans-serif;\">\u00a0<\/span><\/b><\/div>\n<div id=\"yui_3_16_0_ym19_1_1500314463259_451480\" style=\"text-align: justify;\"><span id=\"yui_3_16_0_ym19_1_1500314463259_451481\" style=\"font-size: 14.0pt; line-height: 107%; font-family: 'Arial',sans-serif;\">\u00a0<\/span><\/div>\n<div id=\"yui_3_16_0_ym19_1_1500314463259_451483\" style=\"text-align: justify;\"><b id=\"yui_3_16_0_ym19_1_1500314463259_451484\"><u id=\"yui_3_16_0_ym19_1_1500314463259_451485\"><span id=\"yui_3_16_0_ym19_1_1500314463259_451486\" style=\"font-size: 20.0pt; line-height: 107%; font-family: 'Arial',sans-serif;\">VERGONHA (MAIS DE 4 ANOS!):<\/span><\/u><\/b><\/div>\n<div id=\"yui_3_16_0_ym19_1_1500314463259_451488\" style=\"text-align: justify;\"><span id=\"yui_3_16_0_ym19_1_1500314463259_451489\" style=\"font-size: 14.0pt; line-height: 107%; font-family: 'Arial',sans-serif;\">DEPOIS DE AGUARDAR <b id=\"yui_3_16_0_ym19_1_1500314463259_451490\">49 MESES, OU SEJA, 4 ANOS E 1 MES!\u00a0 (CARRO DESDE 10 DE JUNHO DE 2013)<\/b> COM O CARRO PRESO NA OFICINA DA ABOLI\u00c7\u00c3O VE\u00cdCULOS COM APENAS 729 KM RODADOS, EM UM PROCESSO COM 8 VOLUMES, NA 1\u00aa VARA CIVEL, DA COMARCA DE NITER\u00d3I\/RJ, REGIONAL OCE\u00c2NICA, A SENTEN\u00c7A FOI INDEFERIR TODOS OS MEUS PEDIDOS E AINDA CONDENAR EM 10% DE CUSTAS JUDICIAIS. OU SEJA, FIQUEI SEM CARRO ESSE TEMPO TODO (MESMO PAGANDO \u00c0 VISTA POR ELE), JUNTEI PROVAS COMO REGISTRO DE OCORR\u00caNCIA DA POL\u00cdCIA CIVIL\/RJ, BOLETIM DE OCORR\u00caNCIA DA POLICIA MILITAR\/RJ, ORDENS DE SERVI\u00c7O, MAIS DE 600 FOTOGRAFIAS, MAIS DE 40 \u00c1UDIOS, NOTAS FISCAIS, NOTAS DE T\u00c1XI, PRONTU\u00c1RIOS M\u00c9DICOS, POIS NESTE PER\u00cdODO TIVE PROBLEMAS DE SA\u00daDE, BEM COMO MEUS FAMILIARES, TENDO UMA FILHA QUE HOJE TEM APENAS 5 ANOS, NA \u00c9POCA POUCO MAIS DE 1 ANINHO. VALE LEMBRAR, QUE OS PRIMEIROS DEFEITOS SE DERAM QUANDO O CARRO TINHA MENOS DE 30 KM RODADOS. TUDO ISSO PARA NADA. QUEM GOSTOU DO RESULTADO DA DOUTA MAGRISTRADA FORAM AS EMPRESAS R\u00c9S \u2013 QUE ME LESARAM \u2013 ABOLI\u00c7\u00c3O VE\u00cdCULOS E VW DO BRASIL (PROCESSO: No 0016370-44.2013.8.19.0212).<\/span><\/div>\n<div id=\"yui_3_16_0_ym19_1_1500314463259_451492\" style=\"text-align: justify;\"><b id=\"yui_3_16_0_ym19_1_1500314463259_451493\"><span id=\"yui_3_16_0_ym19_1_1500314463259_451494\" style=\"font-size: 14.0pt; line-height: 107%; font-family: 'Arial',sans-serif;\">\u00a0<\/span><\/b><\/div>\n<div id=\"yui_3_16_0_ym19_1_1500314463259_451496\" style=\"text-align: justify;\"><b id=\"yui_3_16_0_ym19_1_1500314463259_451497\"><span id=\"yui_3_16_0_ym19_1_1500314463259_451498\" style=\"font-size: 14.0pt; line-height: 107%; font-family: 'Arial',sans-serif;\">\u00a0\u00a0\u00a0\u00a0\u00a0\u00a0\u00a0\u00a0\u00a0\u00a0\u00a0\u00a0\u00a0\u00a0 <\/span><\/b><\/div>\n<div id=\"yui_3_16_0_ym19_1_1500314463259_451500\" style=\"text-align: justify;\"><b id=\"yui_3_16_0_ym19_1_1500314463259_451501\"><span id=\"yui_3_16_0_ym19_1_1500314463259_451502\" style=\"font-size: 14.0pt; line-height: 107%; font-family: 'Arial',sans-serif;\">\u00a0\u00a0\u00a0\u00a0\u00a0\u00a0\u00a0\u00a0\u00a0\u00a0\u00a0\u00a0\u00a0\u00a0\u00a0\u00a0\u00a0\u00a0\u00a0\u00a0\u00a0\u00a0\u00a0\u00a0\u00a0\u00a0\u00a0\u00a0\u00a0\u00a0 <\/span><\/b><\/div>\n<div id=\"yui_3_16_0_ym19_1_1500314463259_451182\"><\/div>\n<div id=\"yui_3_16_0_ym19_1_1500314463259_451504\" dir=\"ltr\" style=\"text-align: justify;\"><b id=\"yui_3_16_0_ym19_1_1500314463259_451505\"><span id=\"yui_3_16_0_ym19_1_1500314463259_451506\" style=\"font-size: 14.0pt; line-height: 107%; font-family: 'Arial',sans-serif;\">AP\u00d3S AS TODAS AS PARTIDAS DO VASC\u00c3O EM MEU PERFIL DO FACEBOOK (QUEM QUISER RECEBER AS CR\u00d4NICAS DE PRIMEIRA M\u00c3O \u00c9 S\u00d3 ME ADICIONAR), E NO SITE WEBVASCO (<a href=\"http:\/\/www.webvasco.com\">www.webvasco.com<\/a>), TEM A OPINI\u00c3O DO JORNALISTA LUIZ CARLOS ROCHA. LEIAM! COMPARTILHEM E CURTAM! VASCA\u00cdNOS UNIDOS JAMAIS SER\u00c3O VENCIDOS.<\/span><\/b><span id=\"yui_3_16_0_ym19_1_1500314463259_451507\" style=\"font-size: 14.0pt; line-height: 107%; font-family: 'Arial',sans-serif;\"><\/span><\/div>\n<div id=\"yui_3_16_0_ym19_1_1500314463259_451182\"><\/div>\n<div id=\"yui_3_16_0_ym19_1_1500314463259_451182\"><\/div>\n<div id=\"yui_3_16_0_ym19_1_1500314463259_451182\"><\/div>\n<div><\/div>\n<div id=\"yui_3_16_0_ym19_1_1500314463259_451204\"><\/div>\n<div id=\"yui_3_16_0_ym19_1_1500314463259_451211\" class=\"signature\"><\/div>\n<\/div>\n<\/div>\n<p>&nbsp;<\/p>\n","protected":false},"excerpt":{"rendered":"<p>Se tudo der errado \u00e9 s\u00f3 mudar o ramo do neg\u00f3cio. De Club de Regatas&#8230;<\/p>\n","protected":false},"author":7,"featured_media":0,"comment_status":"open","ping_status":"closed","sticky":false,"template":"","format":"standard","meta":{"footnotes":""},"categories":[4],"tags":[],"class_list":["post-8252","post","type-post","status-publish","format-standard","hentry","category-luizcarlosrocha"],"_links":{"self":[{"href":"https:\/\/webvasco.com\/artigos\/wp-json\/wp\/v2\/posts\/8252","targetHints":{"allow":["GET"]}}],"collection":[{"href":"https:\/\/webvasco.com\/artigos\/wp-json\/wp\/v2\/posts"}],"about":[{"href":"https:\/\/webvasco.com\/artigos\/wp-json\/wp\/v2\/types\/post"}],"author":[{"embeddable":true,"href":"https:\/\/webvasco.com\/artigos\/wp-json\/wp\/v2\/users\/7"}],"replies":[{"embeddable":true,"href":"https:\/\/webvasco.com\/artigos\/wp-json\/wp\/v2\/comments?post=8252"}],"version-history":[{"count":1,"href":"https:\/\/webvasco.com\/artigos\/wp-json\/wp\/v2\/posts\/8252\/revisions"}],"predecessor-version":[{"id":8254,"href":"https:\/\/webvasco.com\/artigos\/wp-json\/wp\/v2\/posts\/8252\/revisions\/8254"}],"wp:attachment":[{"href":"https:\/\/webvasco.com\/artigos\/wp-json\/wp\/v2\/media?parent=8252"}],"wp:term":[{"taxonomy":"category","embeddable":true,"href":"https:\/\/webvasco.com\/artigos\/wp-json\/wp\/v2\/categories?post=8252"},{"taxonomy":"post_tag","embeddable":true,"href":"https:\/\/webvasco.com\/artigos\/wp-json\/wp\/v2\/tags?post=8252"}],"curies":[{"name":"wp","href":"https:\/\/api.w.org\/{rel}","templated":true}]}}