{"id":8255,"date":"2017-07-24T13:00:21","date_gmt":"2017-07-24T16:00:21","guid":{"rendered":"http:\/\/webvasco.com\/artigos\/?p=8255"},"modified":"2017-07-24T15:24:31","modified_gmt":"2017-07-24T18:24:31","slug":"vasco-meteu-o-pau-linho","status":"publish","type":"post","link":"https:\/\/webvasco.com\/artigos\/colunistas\/luizcarlosrocha\/vasco-meteu-o-pau-linho\/","title":{"rendered":"VASCO METEU O PAU (LINHO)!"},"content":{"rendered":"<div>\n<div style=\"color:#000; background-color:#fff; font-family:Helvetica Neue, Helvetica, Arial, Lucida Grande, sans-serif;font-size:32px\">\n<div style=\"text-align:justify\" id=\"yui_3_16_0_ym19_1_1500741882597_114998\"><b id=\"yui_3_16_0_ym19_1_1500741882597_114999\"><span style=\"font-size:14.0pt;line-height:107%;font-family:&quot;Arial&quot;,sans-serif\" id=\"yui_3_16_0_ym19_1_1500741882597_115000\">&nbsp; &nbsp;&nbsp;<\/span><\/b><span style=\"font-size:14.0pt;line-height:107%;font-family:&quot;Arial&quot;,sans-serif\" id=\"yui_3_16_0_ym19_1_1500741882597_115001\">Desta vez o Vasco meteu o pau,  o Paulinho! Bastou deixar a garotada da base atuar para a equipe subir  efetivamente sua produ\u00e7\u00e3o futebol\u00edstica. A v\u00edtima ontem, foi o Atl\u00e9tico\/MG, em  pleno Mineir\u00e3o. Com dois gola\u00e7os do meia, o Cruzmaltino venceu por 2 a 1 (Yago  descontou) a partida que marcou a 16\u00aa Rodada, do Campeonato Brasileiro de 2017.<o:p id=\"yui_3_16_0_ym19_1_1500741882597_115002\"><\/o:p><\/span><\/div>\n<div style=\"text-align:justify\" id=\"yui_3_16_0_ym19_1_1500741882597_115003\"><span style=\"font-size:14.0pt;line-height:107%;font-family:&quot;Arial&quot;,sans-serif\" id=\"yui_3_16_0_ym19_1_1500741882597_115004\">&nbsp;&nbsp;&nbsp; Com o resultado o Gigante da Colina subiu  da 10\u00aa para a 8\u00aa posi\u00e7\u00e3o na tabela de classifica\u00e7\u00e3o da competi\u00e7\u00e3o. Al\u00e9m da  confian\u00e7a que os meninos da Gera\u00e7\u00e3o 2000 adquiriram. Ali\u00e1s, por citar essa  linhagem, Paulinho foi o primeiro representante a fazer gol \u2013 e logo dois \u2013 no Brasileir\u00e3o.  Vasc\u00e3o sempre fazendo hist\u00f3ria.<o:p id=\"yui_3_16_0_ym19_1_1500741882597_115005\"><\/o:p><\/span><\/div>\n<div style=\"text-align:justify\" id=\"yui_3_16_0_ym19_1_1500741882597_115006\"><span style=\"font-size:14.0pt;line-height:107%;font-family:&quot;Arial&quot;,sans-serif\" id=\"yui_3_16_0_ym19_1_1500741882597_115007\">&nbsp;&nbsp;&nbsp; Tradicionalmente sempre tivemos uma boa  base. In\u00fameros atletas ganharam o mundo. O caso mais recente foi Douglas.  Desnecess\u00e1rio trazer esses mercen\u00e1rios velhos que apenas querem sugar algo do  clube e se prevalecer da marca Vasco da Gama. Fica mais em conta  financeiramente, e, sobretudo, mais eficiente investir na prata da casa, uma  vez que S\u00e3o Janu\u00e1rio \u00e9 um \u00f3timo celeiro. <o:p id=\"yui_3_16_0_ym19_1_1500741882597_115008\"><\/o:p><\/span><\/div>\n<div style=\"text-align:justify\" id=\"yui_3_16_0_ym19_1_1500741882597_115009\"><span style=\"font-size:14.0pt;line-height:107%;font-family:&quot;Arial&quot;,sans-serif\" id=\"yui_3_16_0_ym19_1_1500741882597_115010\">&nbsp;&nbsp;&nbsp; O que n\u00e3o pode acontecer \u00e9 o todo poderoso  Dom Charuto vender precocemente um atleta que se destaca. Mal esquenta com a  camisa do clube, \u00e9 cedido a uma pot\u00eancia internacional. Cad\u00ea o Departamento  Jur\u00eddico para elaborar bons contratos, de forma que o jogador represente o  clube por um tempo significativo? O mesmo Corpo de Advogados deveria tamb\u00e9m  observar as quest\u00f5es dos lucros, pois o Mach\u00e3o da Gama tem levado ferro, no que  tange aos n\u00fameros!<o:p id=\"yui_3_16_0_ym19_1_1500741882597_115011\"><\/o:p><\/span><\/div>\n<div style=\"text-align:justify\" id=\"yui_3_16_0_ym19_1_1500741882597_115012\"><span style=\"font-size:14.0pt;line-height:107%;font-family:&quot;Arial&quot;,sans-serif\" id=\"yui_3_16_0_ym19_1_1500741882597_115013\">&nbsp;&nbsp;&nbsp; Segunda-feira, dia 31 de julho, o Vasco  enfrentar\u00e1 o Atl\u00e9tico, desta vez o Paranaense, \u00e0s 20h, no Est\u00e1dio Raulino de  Oliveira, em Volta Redonda, Sul Fluminense, devido ter perdido seu direito de  atuar na Colina Hist\u00f3rica (por badernas contra os Exclu\u00eddos), embora tenha o mando  de campo.<\/span><b id=\"yui_3_16_0_ym19_1_1500741882597_115014\"><span style=\"font-size:22.0pt;line-height:107%;font-family:&quot;Arial&quot;,sans-serif\" id=\"yui_3_16_0_ym19_1_1500741882597_115015\"><o:p id=\"yui_3_16_0_ym19_1_1500741882597_115016\"><\/o:p><\/span><\/b><\/div>\n<div style=\"text-align:justify\" id=\"yui_3_16_0_ym19_1_1500741882597_115017\"><span style=\"font-size:14.0pt;line-height:107%;font-family:&quot;Arial&quot;,sans-serif\" id=\"yui_3_16_0_ym19_1_1500741882597_115018\"><o:p id=\"yui_3_16_0_ym19_1_1500741882597_115019\">&nbsp;<\/o:p><\/span><\/div>\n<div style=\"text-align:justify\" id=\"yui_3_16_0_ym19_1_1500741882597_115020\"><b id=\"yui_3_16_0_ym19_1_1500741882597_115021\"><u id=\"yui_3_16_0_ym19_1_1500741882597_115022\"><span style=\"font-size:20.0pt;line-height:107%;font-family:&quot;Arial&quot;,sans-serif\" id=\"yui_3_16_0_ym19_1_1500741882597_115023\">VERGONHA  (MAIS DE 4 ANOS!):<o:p id=\"yui_3_16_0_ym19_1_1500741882597_115024\"><\/o:p><\/span><\/u><\/b><\/div>\n<div style=\"text-align:justify\" id=\"yui_3_16_0_ym19_1_1500741882597_115025\"><span style=\"font-size:14.0pt;line-height:107%;font-family:&quot;Arial&quot;,sans-serif\" id=\"yui_3_16_0_ym19_1_1500741882597_115026\">DEPOIS DE AGUARDAR <b id=\"yui_3_16_0_ym19_1_1500741882597_115027\">49 MESES, OU SEJA, 4 ANOS E 1 MES!&nbsp; (CARRO DESDE 10 DE JUNHO DE 2013)<\/b> COM O  CARRO PRESO NA OFICINA DA ABOLI\u00c7\u00c3O VE\u00cdCULOS COM APENAS 729 KM RODADOS, EM UM  PROCESSO COM 8 VOLUMES, NA 1\u00aa VARA CIVEL, DA COMARCA DE NITER\u00d3I\/RJ, REGIONAL  OCE\u00c2NICA, A SENTEN\u00c7A FOI INDEFERIR TODOS OS MEUS PEDIDOS E AINDA CONDENAR EM  10% DE CUSTAS JUDICIAIS. OU SEJA, FIQUEI SEM CARRO ESSE TEMPO TODO (MESMO  PAGANDO \u00c0 VISTA POR ELE), JUNTEI PROVAS COMO REGISTRO DE OCORR\u00caNCIA DA POL\u00cdCIA  CIVIL\/RJ, BOLETIM DE OCORR\u00caNCIA DA POLICIA MILITAR\/RJ, ORDENS DE SERVI\u00c7O, MAIS  DE 600 FOTOGRAFIAS, MAIS DE 40 \u00c1UDIOS, NOTAS FISCAIS, NOTAS DE T\u00c1XI,  PRONTU\u00c1RIOS M\u00c9DICOS, POIS NESTE PER\u00cdODO TIVE PROBLEMAS DE SA\u00daDE, BEM COMO MEUS  FAMILIARES, TENDO UMA FILHA QUE HOJE TEM APENAS 5 ANOS, NA \u00c9POCA POUCO MAIS DE  1 ANINHO. VALE LEMBRAR, QUE OS PRIMEIROS DEFEITOS SE DERAM QUANDO O CARRO TINHA  MENOS DE 30 KM RODADOS. TUDO ISSO PARA NADA. QUEM GOSTOU DO RESULTADO DA DOUTA  MAGRISTRADA FORAM AS EMPRESAS R\u00c9S \u2013 QUE ME LESARAM \u2013 ABOLI\u00c7\u00c3O VE\u00cdCULOS E VW DO  BRASIL (PROCESSO: No 0016370-44.2013.8.19.0212).<o:p id=\"yui_3_16_0_ym19_1_1500741882597_115028\"><\/o:p><\/span><\/div>\n<div style=\"text-align:justify\" id=\"yui_3_16_0_ym19_1_1500741882597_115029\"><b id=\"yui_3_16_0_ym19_1_1500741882597_115030\"><span style=\"font-size:14.0pt;line-height:107%;font-family:&quot;Arial&quot;,sans-serif\" id=\"yui_3_16_0_ym19_1_1500741882597_115031\">&nbsp;<o:p id=\"yui_3_16_0_ym19_1_1500741882597_115032\"><\/o:p><\/span><\/b><\/div>\n<div style=\"text-align:justify\" id=\"yui_3_16_0_ym19_1_1500741882597_115033\"><b id=\"yui_3_16_0_ym19_1_1500741882597_115034\"><span style=\"font-size:14.0pt;line-height:107%;font-family:&quot;Arial&quot;,sans-serif\" id=\"yui_3_16_0_ym19_1_1500741882597_115035\">&nbsp;&nbsp;&nbsp;&nbsp;&nbsp;&nbsp;&nbsp;&nbsp;&nbsp;&nbsp;&nbsp;&nbsp;&nbsp;&nbsp; <o:p id=\"yui_3_16_0_ym19_1_1500741882597_115036\"><\/o:p><\/span><\/b><\/div>\n<div style=\"text-align:justify\" id=\"yui_3_16_0_ym19_1_1500741882597_115037\"><b id=\"yui_3_16_0_ym19_1_1500741882597_115038\"><span style=\"font-size:14.0pt;line-height:107%;font-family:&quot;Arial&quot;,sans-serif\" id=\"yui_3_16_0_ym19_1_1500741882597_115039\">&nbsp;&nbsp;&nbsp;&nbsp;&nbsp;&nbsp;&nbsp;&nbsp;&nbsp;&nbsp;&nbsp;&nbsp;&nbsp;&nbsp;&nbsp;&nbsp;&nbsp;&nbsp;&nbsp;&nbsp;&nbsp;&nbsp;&nbsp;&nbsp;&nbsp;&nbsp;&nbsp;&nbsp;&nbsp;&nbsp; <o:p id=\"yui_3_16_0_ym19_1_1500741882597_115040\"><\/o:p><\/span><\/b><\/div>\n<div id=\"yui_3_16_0_ym19_1_1500741882597_114794\">                                            <\/div>\n<div style=\"text-align:justify\" dir=\"ltr\" id=\"yui_3_16_0_ym19_1_1500741882597_115041\"><b id=\"yui_3_16_0_ym19_1_1500741882597_115042\"><span style=\"font-size:14.0pt;line-height:107%;font-family:&quot;Arial&quot;,sans-serif\" id=\"yui_3_16_0_ym19_1_1500741882597_115043\">AP\u00d3S  AS TODAS AS PARTIDAS DO VASC\u00c3O EM MEU PERFIL DO FACEBOOK (QUEM QUISER RECEBER  AS CR\u00d4NICAS DE PRIMEIRA M\u00c3O \u00c9 S\u00d3 ME ADICIONAR), E NO SITE WEBVASCO  (<a href=\"http:\/\/www.webvasco.com\">www.webvasco.com<\/a>), TEM A OPINI\u00c3O DO JORNALISTA LUIZ CARLOS ROCHA. LEIAM!  COMPARTILHEM E CURTAM! VASCA\u00cdNOS UNIDOS JAMAIS SER\u00c3O VENCIDOS.<\/span><\/b><span style=\"font-size:14.0pt;line-height:107%;font-family:&quot;Arial&quot;,sans-serif\" id=\"yui_3_16_0_ym19_1_1500741882597_115044\"><o:p id=\"yui_3_16_0_ym19_1_1500741882597_115045\"><\/o:p><\/span><\/div>\n<div id=\"yui_3_16_0_ym19_1_1500741882597_114794\"><span><br \/><\/span><\/div>\n<div id=\"yui_3_16_0_ym19_1_1500741882597_114794\"><span><br \/><\/span><\/div>\n<div id=\"yui_3_16_0_ym19_1_1500741882597_114794\"><span><br \/><\/span><\/div>\n<div><\/div>\n<div id=\"yui_3_16_0_ym19_1_1500741882597_114795\">&nbsp;<\/div>\n<div class=\"signature\" id=\"yui_3_16_0_ym19_1_1500741882597_114800\">\n<div id=\"RTEContent\">\n<div id=\"yui_3_16_0_ym19_1_1500741882597_114799\">\n<div id=\"yui_3_16_0_ym19_1_1500741882597_114798\">\n<div id=\"yui_3_16_0_ym19_1_1500741882597_114797\">\n<div align=\"center\" id=\"yui_3_16_0_ym19_1_1500741882597_114796\"><\/div>\n<\/div>\n<\/div>\n<\/div>\n<\/div>\n<\/div>\n<\/div>\n<\/div>\n<p><\/p>\n","protected":false},"excerpt":{"rendered":"<p>&nbsp; &nbsp;&nbsp;Desta vez o Vasco meteu o pau, o Paulinho! Bastou deixar a garotada da&#8230;<\/p>\n","protected":false},"author":7,"featured_media":0,"comment_status":"open","ping_status":"closed","sticky":false,"template":"","format":"standard","meta":{"footnotes":""},"categories":[4],"tags":[],"class_list":["post-8255","post","type-post","status-publish","format-standard","hentry","category-luizcarlosrocha"],"_links":{"self":[{"href":"https:\/\/webvasco.com\/artigos\/wp-json\/wp\/v2\/posts\/8255","targetHints":{"allow":["GET"]}}],"collection":[{"href":"https:\/\/webvasco.com\/artigos\/wp-json\/wp\/v2\/posts"}],"about":[{"href":"https:\/\/webvasco.com\/artigos\/wp-json\/wp\/v2\/types\/post"}],"author":[{"embeddable":true,"href":"https:\/\/webvasco.com\/artigos\/wp-json\/wp\/v2\/users\/7"}],"replies":[{"embeddable":true,"href":"https:\/\/webvasco.com\/artigos\/wp-json\/wp\/v2\/comments?post=8255"}],"version-history":[{"count":0,"href":"https:\/\/webvasco.com\/artigos\/wp-json\/wp\/v2\/posts\/8255\/revisions"}],"wp:attachment":[{"href":"https:\/\/webvasco.com\/artigos\/wp-json\/wp\/v2\/media?parent=8255"}],"wp:term":[{"taxonomy":"category","embeddable":true,"href":"https:\/\/webvasco.com\/artigos\/wp-json\/wp\/v2\/categories?post=8255"},{"taxonomy":"post_tag","embeddable":true,"href":"https:\/\/webvasco.com\/artigos\/wp-json\/wp\/v2\/tags?post=8255"}],"curies":[{"name":"wp","href":"https:\/\/api.w.org\/{rel}","templated":true}]}}