{"id":8256,"date":"2017-07-25T09:30:24","date_gmt":"2017-07-25T12:30:24","guid":{"rendered":"http:\/\/webvasco.com\/artigos\/?p=8256"},"modified":"2017-07-25T09:30:48","modified_gmt":"2017-07-25T12:30:48","slug":"elas-o-professor-elisabeth-tinoco","status":"publish","type":"post","link":"https:\/\/webvasco.com\/artigos\/temas\/elas-e-o-professor\/elas-o-professor-elisabeth-tinoco\/","title":{"rendered":"ELAS &#038; O PROFESSOR &#8211; ELISABETH TINOCO"},"content":{"rendered":"<p>A entrevista de Julho de 2017, com a simp\u00e1tica Elisabeth Tinoco \u00e9 dedicada ao meu amor supremo, a vasca\u00edna \u00darsulla Rocha.<\/p>\n<p>&nbsp;<\/p>\n<p><strong>ELISABETH DA SILVA TINOCO<\/strong>, solteira, 37 anos, auxiliar administrativo em escrit\u00f3rio de contabilidade, do signo de aries, m\u00e3e da pequena Sophia (de 8 anos), moradora do Munic\u00edpio de S\u00e3o Gon\u00e7alo, amoriscada pelo Vasco da Gama a ponto de defender o nome do clube em calorosas pelejas diante das amigas, cortando inclusive, rela\u00e7\u00f5es em breves momentos.<\/p>\n<p>&nbsp;<\/p>\n<p><strong>Entre os atuais pr\u00e9-candidatos \u00e0 presid\u00eancia do Vasco da Gama em qual voc\u00ea votaria? <\/strong><\/p>\n<p>Eu n\u00e3o acompanho essa parte pol\u00edtica do clube. Me ligo mais na parte operacional do futebol.<\/p>\n<p>&nbsp;<\/p>\n<p><strong>Voc\u00ea acha que a atual gest\u00e3o est\u00e1 desenvolvendo um trabalho satisfat\u00f3rio?<\/strong><\/p>\n<p>Com certeza n\u00e3o. Os exemplos v\u00eam de cima. Como o time pode fazer um bom trabalho se n\u00e3o v\u00ea algo que o motive? (ainda completou) O time at\u00e9 tem garra, mas&#8230;<\/p>\n<p>&nbsp;<\/p>\n<p><strong>Diante da revela\u00e7\u00e3o Paulinho, do meia Douglas rec\u00e9m vendido e tantos outros, \u00e9 importante investir na base?\u00a0<\/strong><\/p>\n<p>\u00c9 sim, pois a garotada vem para somar. N\u00e3o tem estrelismo.<\/p>\n<p>&nbsp;<\/p>\n<p><strong>Qual o melhor atleta do atual plantel? <\/strong><\/p>\n<p>Martin Silva, porque j\u00e1 salvou o Vasco muitas vezes.<\/p>\n<p>&nbsp;<\/p>\n<p><strong>A tese: a melhor defesa \u00e9 o ataque, funciona?<\/strong><\/p>\n<p>Funciona. Pois quando sai atacando deixa o advers\u00e1rio acuado. Exemplo disso \u00e9 quando se d\u00e1 o primeiro tapa em vias de fato.<\/p>\n<p>&nbsp;<\/p>\n<p><strong>O Cruzmaltino precisa de um Centro de Treinamento High-tech?<\/strong><\/p>\n<p>N\u00e3o, S\u00e3o Janu\u00e1rio \u00e9 suficiente.<\/p>\n<p>&nbsp;<\/p>\n<p><strong>Em qual coloca\u00e7\u00e3o na tabela de classifica\u00e7\u00e3o o Gigante da Colina ficar\u00e1 ao t\u00e9rmino do Campeonato Brasileiro? <\/strong><\/p>\n<p>Espero que n\u00e3o seja rebaixado. H\u00e1 uma combina\u00e7\u00e3o de falta de sorte aliada a m\u00e1-f\u00e9 contra o Vasco. A arbitragem n\u00e3o \u00e9 confi\u00e1vel, principalmente em partidas contra o Flamengo.<\/p>\n<p>&nbsp;<\/p>\n<p><strong>Est\u00e1 gostando da filosofia do Milton Mendes? <\/strong><\/p>\n<p>Ele n\u00e3o \u00e9 treinador para o Vasco. Um clube de massa precisa de um t\u00e9cnico renomado.<\/p>\n<p>&nbsp;<\/p>\n<p><strong>Quem foi melhor, Edmundo ou Rom\u00e1rio? \u00a0\u00a0\u00a0<\/strong><\/p>\n<p>Edmundo, embora goste do Rom\u00e1rio tamb\u00e9m.<\/p>\n<p>&nbsp;<\/p>\n<p><strong>O que te fez torcer para o Mach\u00e3o da Gama?<\/strong><\/p>\n<p>Meu pai, Ele foi o meu maior incentivador.<\/p>\n<p>&nbsp;<\/p>\n<p><strong>Voc\u00ea \u00e9 mais anti-flamenguista do que vasca\u00edna? <\/strong><\/p>\n<p>Me considero mais vasca\u00edna, ainda que o lado anti-flamenguista seja forte.<\/p>\n<p>&nbsp;<\/p>\n<p><strong>O arqueiro \u00e9 uma pe\u00e7a fundamental?<\/strong><\/p>\n<p>\u00c9. Vide o nosso goleiro Martin (Silva) que faz um \u00f3timo trabalho. O ataque pode ser \u00f3timo, mas se a defesa falhar n\u00e3o teremos os pontos necess\u00e1rios em um jogo. Em um esquema t\u00e1tico e t\u00e9cnico cada fra\u00e7\u00e3o tem suma import\u00e2ncia.<\/p>\n<p>&nbsp;<\/p>\n<p><strong>O Vasco deveria realizar F\u00f3runs, Congressos e Semin\u00e1rios a fim de apresentar a\u00e7\u00f5es sociais inerentes a imagem do clube, bem como de cunho educacional? <\/strong><\/p>\n<p>Seria legal para os leigos. Quem acompanha o dia a dia do clube sabe tudo o que acontece.<\/p>\n<p>&nbsp;<\/p>\n<p><strong>O que voc\u00ea conhece do Col\u00e9gio Vasco da Gama? \u00a0\u00a0<\/strong><\/p>\n<p>N\u00e3o conhe\u00e7o, mas afirmo que estudo \u00e9 muito importante. N\u00e3o basta o jogador apresentar um bom futebol. \u00c9 preciso falar, pensar e entender o esporte.<\/p>\n<p>&nbsp;<\/p>\n<p><strong><u>FOTOGRAFIAS: REGIANE VIEIRA<\/u><\/strong><\/p>\n<p><a href=\"https:\/\/webvasco.com\/artigos\/wp-content\/uploads\/2017\/07\/IMG_20170724_231943.jpg\"><img loading=\"lazy\" decoding=\"async\" class=\"alignleft size-thumbnail wp-image-8257\" src=\"https:\/\/webvasco.com\/artigos\/wp-content\/uploads\/2017\/07\/IMG_20170724_231943-150x84.jpg\" alt=\"\" width=\"150\" height=\"84\" srcset=\"https:\/\/webvasco.com\/artigos\/wp-content\/uploads\/2017\/07\/IMG_20170724_231943-150x84.jpg 150w, https:\/\/webvasco.com\/artigos\/wp-content\/uploads\/2017\/07\/IMG_20170724_231943-300x169.jpg 300w, https:\/\/webvasco.com\/artigos\/wp-content\/uploads\/2017\/07\/IMG_20170724_231943-768x432.jpg 768w, https:\/\/webvasco.com\/artigos\/wp-content\/uploads\/2017\/07\/IMG_20170724_231943-1024x576.jpg 1024w, https:\/\/webvasco.com\/artigos\/wp-content\/uploads\/2017\/07\/IMG_20170724_231943-777x437.jpg 777w, https:\/\/webvasco.com\/artigos\/wp-content\/uploads\/2017\/07\/IMG_20170724_231943-260x146.jpg 260w, https:\/\/webvasco.com\/artigos\/wp-content\/uploads\/2017\/07\/IMG_20170724_231943-120x67.jpg 120w, https:\/\/webvasco.com\/artigos\/wp-content\/uploads\/2017\/07\/IMG_20170724_231943.jpg 1280w\" sizes=\"auto, (max-width: 150px) 100vw, 150px\" \/><\/a> <a href=\"https:\/\/webvasco.com\/artigos\/wp-content\/uploads\/2017\/07\/IMG_20170724_232017.jpg\"><img loading=\"lazy\" decoding=\"async\" class=\"alignright size-medium wp-image-8258\" src=\"https:\/\/webvasco.com\/artigos\/wp-content\/uploads\/2017\/07\/IMG_20170724_232017-172x300.jpg\" alt=\"\" width=\"172\" height=\"300\" srcset=\"https:\/\/webvasco.com\/artigos\/wp-content\/uploads\/2017\/07\/IMG_20170724_232017-172x300.jpg 172w, https:\/\/webvasco.com\/artigos\/wp-content\/uploads\/2017\/07\/IMG_20170724_232017-86x150.jpg 86w, https:\/\/webvasco.com\/artigos\/wp-content\/uploads\/2017\/07\/IMG_20170724_232017-588x1024.jpg 588w, https:\/\/webvasco.com\/artigos\/wp-content\/uploads\/2017\/07\/IMG_20170724_232017.jpg 686w\" sizes=\"auto, (max-width: 172px) 100vw, 172px\" \/><\/a> <a href=\"https:\/\/webvasco.com\/artigos\/wp-content\/uploads\/2017\/07\/IMG_20170724_232044.jpg\"><img loading=\"lazy\" decoding=\"async\" class=\"alignright size-medium wp-image-8259\" src=\"https:\/\/webvasco.com\/artigos\/wp-content\/uploads\/2017\/07\/IMG_20170724_232044-300x194.jpg\" alt=\"\" width=\"300\" height=\"194\" srcset=\"https:\/\/webvasco.com\/artigos\/wp-content\/uploads\/2017\/07\/IMG_20170724_232044-300x194.jpg 300w, https:\/\/webvasco.com\/artigos\/wp-content\/uploads\/2017\/07\/IMG_20170724_232044-150x97.jpg 150w, https:\/\/webvasco.com\/artigos\/wp-content\/uploads\/2017\/07\/IMG_20170724_232044-768x495.jpg 768w, https:\/\/webvasco.com\/artigos\/wp-content\/uploads\/2017\/07\/IMG_20170724_232044-1024x661.jpg 1024w, https:\/\/webvasco.com\/artigos\/wp-content\/uploads\/2017\/07\/IMG_20170724_232044.jpg 1116w\" sizes=\"auto, (max-width: 300px) 100vw, 300px\" \/><\/a> <a href=\"https:\/\/webvasco.com\/artigos\/wp-content\/uploads\/2017\/07\/IMG_20170724_232648.jpg\"><img loading=\"lazy\" decoding=\"async\" class=\"alignright size-medium wp-image-8260\" src=\"https:\/\/webvasco.com\/artigos\/wp-content\/uploads\/2017\/07\/IMG_20170724_232648-162x300.jpg\" alt=\"\" width=\"162\" height=\"300\" srcset=\"https:\/\/webvasco.com\/artigos\/wp-content\/uploads\/2017\/07\/IMG_20170724_232648-162x300.jpg 162w, https:\/\/webvasco.com\/artigos\/wp-content\/uploads\/2017\/07\/IMG_20170724_232648-81x150.jpg 81w, https:\/\/webvasco.com\/artigos\/wp-content\/uploads\/2017\/07\/IMG_20170724_232648.jpg 529w\" sizes=\"auto, (max-width: 162px) 100vw, 162px\" \/><\/a> <a href=\"https:\/\/webvasco.com\/artigos\/wp-content\/uploads\/2017\/07\/IMG_20170724_232738.jpg\"><img loading=\"lazy\" decoding=\"async\" class=\"alignright size-medium wp-image-8261\" src=\"https:\/\/webvasco.com\/artigos\/wp-content\/uploads\/2017\/07\/IMG_20170724_232738-228x300.jpg\" alt=\"\" width=\"228\" height=\"300\" srcset=\"https:\/\/webvasco.com\/artigos\/wp-content\/uploads\/2017\/07\/IMG_20170724_232738-228x300.jpg 228w, https:\/\/webvasco.com\/artigos\/wp-content\/uploads\/2017\/07\/IMG_20170724_232738-114x150.jpg 114w, https:\/\/webvasco.com\/artigos\/wp-content\/uploads\/2017\/07\/IMG_20170724_232738.jpg 467w\" sizes=\"auto, (max-width: 228px) 100vw, 228px\" \/><\/a> <a href=\"https:\/\/webvasco.com\/artigos\/wp-content\/uploads\/2017\/07\/IMG_20170724_232804.jpg\"><img loading=\"lazy\" decoding=\"async\" class=\"alignright size-medium wp-image-8262\" src=\"https:\/\/webvasco.com\/artigos\/wp-content\/uploads\/2017\/07\/IMG_20170724_232804-300x176.jpg\" alt=\"\" width=\"300\" height=\"176\" srcset=\"https:\/\/webvasco.com\/artigos\/wp-content\/uploads\/2017\/07\/IMG_20170724_232804-300x176.jpg 300w, https:\/\/webvasco.com\/artigos\/wp-content\/uploads\/2017\/07\/IMG_20170724_232804-150x88.jpg 150w, https:\/\/webvasco.com\/artigos\/wp-content\/uploads\/2017\/07\/IMG_20170724_232804-768x450.jpg 768w, https:\/\/webvasco.com\/artigos\/wp-content\/uploads\/2017\/07\/IMG_20170724_232804-1024x600.jpg 1024w, https:\/\/webvasco.com\/artigos\/wp-content\/uploads\/2017\/07\/IMG_20170724_232804.jpg 1228w\" sizes=\"auto, (max-width: 300px) 100vw, 300px\" \/><\/a><\/p>\n","protected":false},"excerpt":{"rendered":"<p>A entrevista de Julho de 2017, com a simp\u00e1tica Elisabeth Tinoco \u00e9 dedicada ao meu&#8230;<\/p>\n","protected":false},"author":7,"featured_media":8261,"comment_status":"open","ping_status":"closed","sticky":false,"template":"","format":"standard","meta":{"footnotes":""},"categories":[27],"tags":[],"class_list":["post-8256","post","type-post","status-publish","format-standard","has-post-thumbnail","hentry","category-elas-e-o-professor"],"_links":{"self":[{"href":"https:\/\/webvasco.com\/artigos\/wp-json\/wp\/v2\/posts\/8256","targetHints":{"allow":["GET"]}}],"collection":[{"href":"https:\/\/webvasco.com\/artigos\/wp-json\/wp\/v2\/posts"}],"about":[{"href":"https:\/\/webvasco.com\/artigos\/wp-json\/wp\/v2\/types\/post"}],"author":[{"embeddable":true,"href":"https:\/\/webvasco.com\/artigos\/wp-json\/wp\/v2\/users\/7"}],"replies":[{"embeddable":true,"href":"https:\/\/webvasco.com\/artigos\/wp-json\/wp\/v2\/comments?post=8256"}],"version-history":[{"count":1,"href":"https:\/\/webvasco.com\/artigos\/wp-json\/wp\/v2\/posts\/8256\/revisions"}],"predecessor-version":[{"id":8263,"href":"https:\/\/webvasco.com\/artigos\/wp-json\/wp\/v2\/posts\/8256\/revisions\/8263"}],"wp:featuredmedia":[{"embeddable":true,"href":"https:\/\/webvasco.com\/artigos\/wp-json\/wp\/v2\/media\/8261"}],"wp:attachment":[{"href":"https:\/\/webvasco.com\/artigos\/wp-json\/wp\/v2\/media?parent=8256"}],"wp:term":[{"taxonomy":"category","embeddable":true,"href":"https:\/\/webvasco.com\/artigos\/wp-json\/wp\/v2\/categories?post=8256"},{"taxonomy":"post_tag","embeddable":true,"href":"https:\/\/webvasco.com\/artigos\/wp-json\/wp\/v2\/tags?post=8256"}],"curies":[{"name":"wp","href":"https:\/\/api.w.org\/{rel}","templated":true}]}}