{"id":826,"date":"2014-04-19T20:21:18","date_gmt":"2014-04-19T23:21:18","guid":{"rendered":"http:\/\/webvasco.com\/artigos\/?p=826"},"modified":"2014-04-19T20:23:13","modified_gmt":"2014-04-19T23:23:13","slug":"pscoa-sem-chocolate","status":"publish","type":"post","link":"https:\/\/webvasco.com\/artigos\/colunistas\/luizcarlosrocha\/pscoa-sem-chocolate\/","title":{"rendered":"P&Aacute;SCOA SEM CHOCOLATE!"},"content":{"rendered":"<p>\n    Na estreia do Campeonato Brasileiro da Segunda Divis\u00e3o, de portas fechadas ao p\u00fablico o Vasco apenas empatou diante do inexpressivo \u2013 pelo menos em ternos de hist\u00f3ria de futebol \u2013 Am\u00e9rica\/MG, em S\u00e3o Janu\u00e1rio. Reginaldo abriu o placar j\u00e1 na etapa complementar, mas logo depois Obina deixou tudo igual.    Quando algo come\u00e7a mal, a tend\u00eancia \u00e9 que termine pior! Logo, se o incompetente presidente Roberto Bombinha n\u00e3o ajustar \u201cpara ontem\u201d essa equipe, a coisa vai feder. Desta maneira n\u00e3o chegaremos \u00e0 elite em 2015! O chocolate entalou na garganta. <br \/>\n    A partida n\u00e3o teve a presen\u00e7a da Imensa Torcida Bem Feliz (nem t\u00e3o satisfeita ultimamente), porque no \u00faltimo jogo do Campeonato Brasileiro, da S\u00e9rie A, do ano passado, covardemente a torcida do Atl\u00e9tico Paranaense encurralou a torcida vasca\u00edna, e num ato desesperado de se defender (tinham crian\u00e7as inclusive, os v\u00eddeos comprovam) reagiu. Com isso, a tamb\u00e9m covarde Confedera\u00e7\u00e3o Brasileira de Futebol puniu o Gigante da Colina. Mas fecha os olhos para os \u00e1rbitros corruptos e incompetentes. CBF cad\u00ea o \u00edmpeto de punir? Todo esse fato por que o rei dos covardes, que tem medinho de tudo, Sr. Carlos Roberto de Oliveira, junto do vice-presidente Peralta n\u00e3o tiveram peito suficiente para retirar de campo \u00e0 equipe naquele tempo. O que o regulamento da competi\u00e7\u00e3o permitia, e garantia uma nova partida, que com um resultado adverso salvaria o Cruzmaltino da degola!<br \/>\n    Voltando ao p\u00edfio combate de hoje, \u00e9 ter a certeza que o Vasco frequentar a S\u00e9rie B, em pleno ano de Copa do Mundo, principalmente sendo esta competi\u00e7\u00e3o no Brasil, por si s\u00f3 j\u00e1 \u00e9 um vexame! Se fizer uma campanha de SEGUNDA CATEGORIA, ser\u00e1 o fim do respeito e da dignidade! Nenhum opositor desportivo temer\u00e1 nossa equipe. Ser\u00e1 alvo de piadas e desdenhos eternamente. O torcedor tem todo o direito de reclamar sim, e do motivo que mais lhe for conveniente (sem viol\u00eancia \u00e9 claro). Tem de mudar tudo!<br \/>\n     O pr\u00f3ximo jogo do Vasco ser\u00e1 no s\u00e1bado, contra o Luverdense, na Arena Pantanal, \u00e0s 16h 20m (de Bras\u00edlia). O treinador Adilson Batista ter\u00e1 tempo suficiente para acertar os erros durante a semana. <br \/>\n     JUDAS: S\u00e1bado de Aleluia na tradi\u00e7\u00e3o da Igreja Cat\u00f3lica, o costume popular \u00e9 de \u201cmalhar o judas\u201d. Ou seja, confeccionar um boneco parecido com aquele que queremos esbofetear, amarr\u00e1-lo num poste e come\u00e7ar a brincadeira. Quem disse que esse \u201cprivil\u00e9gio\u201d de incorporar Judas \u00e9 exclusivo para as sogras? Errou. Afinal, para elas al\u00e9m deste dia, tamb\u00e9m h\u00e1 o dia 31 de outubro (Dia das Bruxas). Portanto, vamos \u201cgastar\u201d nosso direito de malhar o Judas escolhendo um culpado pela situa\u00e7\u00e3o ca\u00f3tica em que encontra-se o maior de todos os clubes do mundo, Vasco da Gama.<br \/>\nLUTO: O jornalista esportivo Luciano do Valle morreu hoje, aos 66 anos de idade, em Uberl\u00e2ndia\/MG, onde estava a fim de narrar uma partida do Campeonato Brasileiro, entre o Galo e o Tim\u00e3o, que ser\u00e1 amanh\u00e3. Segundo a assessoria de imprensa do Hospital Santa Genoveva, o \u00f3bito foi devido a uma parada respirat\u00f3ria. <br \/>\nEMO\u00c7\u00d5ES: Roberto Carlos Braga completou hoje 73 anos de idade. O Rei encanta f\u00e3s de v\u00e1rias gera\u00e7\u00f5es. Al\u00e9m de ser o cantor de maior prest\u00edgio e carisma do pa\u00eds, ele tem o bom gosto de torcer pelo Vasco da Gama. Num de seus shows em cruzeiros, apresentou-se com o manto sagrado cruzmaltino. Parab\u00e9ns Roberto!<br \/>\nELEI\u00c7\u00d5ES: Ontem, dia 18 de abril, numa reuni\u00e3o em S\u00e3o Janu\u00e1rio, ficou acordado entre os cartolas que no pr\u00f3ximo dia 30 ser\u00e1 marcada a elei\u00e7\u00e3o para presidente do Club de Regatas Vasco da Gama, que segundo fontes fidedignas ser\u00e1 em julho. <\/p>\n<p>AP\u00d3S AS TODAS AS PARTIDAS DO VASC\u00c3O EM MEU PERFIL DO FACEBOOK (QUEM QUISER RECEBER AS CR\u00d4NICAS DE PRIMEIRA M\u00c3O \u00c9 S\u00d3 ME ADICIONAR), E NOS SITES WEBVASCO (www.webvasco.com), E VASCA\u00cdNOS UNIDOS (www.vascainosunidos.com.br) TEM A OPINI\u00c3O DO JORNALISTA LUIZ CARLOS ROCHA. LEIAM! COMPARTILHEM E CURTAM! VASCA\u00cdNOS UNIDOS JAMAIS SER\u00c3O VENCIDOS.<\/p>\n","protected":false},"excerpt":{"rendered":"<p>Na estreia do Campeonato Brasileiro da Segunda Divis\u00e3o, de portas fechadas ao p\u00fablico o Vasco&#8230;<\/p>\n","protected":false},"author":7,"featured_media":58,"comment_status":"open","ping_status":"closed","sticky":false,"template":"","format":"standard","meta":{"footnotes":""},"categories":[4],"tags":[],"class_list":["post-826","post","type-post","status-publish","format-standard","has-post-thumbnail","hentry","category-luizcarlosrocha"],"_links":{"self":[{"href":"https:\/\/webvasco.com\/artigos\/wp-json\/wp\/v2\/posts\/826","targetHints":{"allow":["GET"]}}],"collection":[{"href":"https:\/\/webvasco.com\/artigos\/wp-json\/wp\/v2\/posts"}],"about":[{"href":"https:\/\/webvasco.com\/artigos\/wp-json\/wp\/v2\/types\/post"}],"author":[{"embeddable":true,"href":"https:\/\/webvasco.com\/artigos\/wp-json\/wp\/v2\/users\/7"}],"replies":[{"embeddable":true,"href":"https:\/\/webvasco.com\/artigos\/wp-json\/wp\/v2\/comments?post=826"}],"version-history":[{"count":0,"href":"https:\/\/webvasco.com\/artigos\/wp-json\/wp\/v2\/posts\/826\/revisions"}],"wp:featuredmedia":[{"embeddable":true,"href":"https:\/\/webvasco.com\/artigos\/wp-json\/wp\/v2\/media\/58"}],"wp:attachment":[{"href":"https:\/\/webvasco.com\/artigos\/wp-json\/wp\/v2\/media?parent=826"}],"wp:term":[{"taxonomy":"category","embeddable":true,"href":"https:\/\/webvasco.com\/artigos\/wp-json\/wp\/v2\/categories?post=826"},{"taxonomy":"post_tag","embeddable":true,"href":"https:\/\/webvasco.com\/artigos\/wp-json\/wp\/v2\/tags?post=826"}],"curies":[{"name":"wp","href":"https:\/\/api.w.org\/{rel}","templated":true}]}}