{"id":8264,"date":"2017-08-01T10:04:18","date_gmt":"2017-08-01T13:04:18","guid":{"rendered":"http:\/\/webvasco.com\/artigos\/?p=8264"},"modified":"2017-08-01T10:09:19","modified_gmt":"2017-08-01T13:09:19","slug":"vasco-o-time-da-virada","status":"publish","type":"post","link":"https:\/\/webvasco.com\/artigos\/colunistas\/luizcarlosrocha\/vasco-o-time-da-virada\/","title":{"rendered":"VASCO &Eacute; O TIME DA VIRADA!"},"content":{"rendered":"<div>\n<div style=\"color:#000; background-color:#fff; font-family:Helvetica Neue, Helvetica, Arial, Lucida Grande, sans-serif;font-size:32px\">\n<div style=\"text-align:justify\" id=\"yui_3_16_0_ym19_1_1500982676938_684994\"><span style=\"font-size:14.0pt;line-height:107%;font-family:&quot;Arial&quot;,sans-serif\" id=\"yui_3_16_0_ym19_1_1500982676938_684995\">&nbsp; &nbsp; Virou piada no cen\u00e1rio futebol\u00edstico. Virou  mesmo um time de perdedor. Virou time de mandat\u00e1rio sem cr\u00e9ditos junto ao  torcedor. Virou a equipe sem rumo e desesperada. Virou o clube do desprest\u00edgio  junto aos patrocinadores. Virou um time sem for\u00e7as no que tange a CBF. Virou  uma equipe peladeira. Enfim, virou \u2013 de uma vez por todas \u2013 um time de vice,  pois quem comanda n\u00e3o \u00e9 o n\u00famero 1 e sim o Charuto Segundo, o pr\u00edncipe  herdeiro!<o:p id=\"yui_3_16_0_ym19_1_1500982676938_684996\"><\/o:p><\/span><\/div>\n<div style=\"text-align:justify\" id=\"yui_3_16_0_ym19_1_1500982676938_684997\"><span style=\"font-size:14.0pt;line-height:107%;font-family:&quot;Arial&quot;,sans-serif\" id=\"yui_3_16_0_ym19_1_1500982676938_684998\">&nbsp;&nbsp;&nbsp; Diante da cole\u00e7\u00e3o de fracassos, o Vasco da  Gama adquiriu mais um, ontem, contra o Atl\u00e9tico\/PR, no Est\u00e1dio Raulino de  Oliveira, em Volta Redonda\/RJ. O time paranaense marcou o \u00fanico e fatal gol de  partida aos 15 minutos da etapa complementar, ap\u00f3s uma falha bisonha de  Henrique, o atacante Ribamar estufou a rede. <o:p id=\"yui_3_16_0_ym19_1_1500982676938_684999\"><\/o:p><\/span><\/div>\n<div style=\"text-align:justify\" id=\"yui_3_16_0_ym19_1_1500982676938_685000\"><span style=\"font-size:14.0pt;line-height:107%;font-family:&quot;Arial&quot;,sans-serif\" id=\"yui_3_16_0_ym19_1_1500982676938_685001\">&nbsp;&nbsp;&nbsp; O problema \u00e9 que com o resultado, o  Cruzmaltino permaneceu na oitava coloca\u00e7\u00e3o na tabela do Campeonato Brasileiro,  com apenas 23 pontos ganhos (em 51 disputados), e na Rodada 18, que \u00e9 a pr\u00f3xima,  j\u00e1 na quinta-feira, dia 03 de agosto, \u00e0s 20h, no mesmo Raulino de Oliveira,  enfrentar\u00e1 o Cruzeiro, sendo o 9\u00ba colocado. Ou seja, ser\u00e1 uma partida de seis  pontos.<o:p id=\"yui_3_16_0_ym19_1_1500982676938_685002\"><\/o:p><\/span><\/div>\n<div style=\"text-align:justify\" id=\"yui_3_16_0_ym19_1_1500982676938_685003\"><span style=\"font-size:14.0pt;line-height:107%;font-family:&quot;Arial&quot;,sans-serif\" id=\"yui_3_16_0_ym19_1_1500982676938_685004\">&nbsp;&nbsp;&nbsp; Notoriamente \u201cvirou\u201d um Am\u00e9rica Carioca nas  devidas propor\u00e7\u00f5es por causa de desastrosas gest\u00f5es dos \u00faltimos anos,  principalmente de Dom Charuto, que se acha acima do bem e do mal. O pior \u00e9  testemunhar que seu principal disc\u00edpulo, o Segundinho, n\u00e3o se acha, tem  certeza! Enquanto a Dinastia Miranda se perpetuar no comando do clube, o mesmo  ficar\u00e1 \u00e0 deriva, se apequenando cada vez mais. H\u00e1 uma luz no fim do t\u00fanel, \u00e9  preciso votar certo na elei\u00e7\u00e3o de novembro para que possamos virar essa p\u00e1gina  e voltar a sermos conhecidos como o time da Virada!<o:p id=\"yui_3_16_0_ym19_1_1500982676938_685005\"><\/o:p><\/span><\/div>\n<div style=\"text-align:justify\" id=\"yui_3_16_0_ym19_1_1500982676938_685006\"><span style=\"font-size:14.0pt;line-height:107%;font-family:&quot;Arial&quot;,sans-serif\" id=\"yui_3_16_0_ym19_1_1500982676938_685007\"><o:p id=\"yui_3_16_0_ym19_1_1500982676938_685008\">&nbsp;<\/o:p><\/span><\/div>\n<div style=\"text-align:justify\" id=\"yui_3_16_0_ym19_1_1500982676938_685009\"><span style=\"font-size:14.0pt;line-height:107%;font-family:&quot;Arial&quot;,sans-serif\" id=\"yui_3_16_0_ym19_1_1500982676938_685010\"><o:p id=\"yui_3_16_0_ym19_1_1500982676938_685011\">&nbsp;<\/o:p><\/span><\/div>\n<div style=\"text-align:justify\" id=\"yui_3_16_0_ym19_1_1500982676938_685012\"><b id=\"yui_3_16_0_ym19_1_1500982676938_685013\"><u id=\"yui_3_16_0_ym19_1_1500982676938_685014\"><span style=\"font-size:20.0pt;line-height:107%;font-family:&quot;Arial&quot;,sans-serif\" id=\"yui_3_16_0_ym19_1_1500982676938_685015\">VERGONHA  (MAIS DE 4 ANOS!):<o:p id=\"yui_3_16_0_ym19_1_1500982676938_685016\"><\/o:p><\/span><\/u><\/b><\/div>\n<div style=\"text-align:justify\" id=\"yui_3_16_0_ym19_1_1500982676938_685017\"><span style=\"font-size:14.0pt;line-height:107%;font-family:&quot;Arial&quot;,sans-serif\" id=\"yui_3_16_0_ym19_1_1500982676938_685018\">DEPOIS DE AGUARDAR <b id=\"yui_3_16_0_ym19_1_1500982676938_685019\">49 MESES, OU SEJA, 4 ANOS E 1 MES!&nbsp; (CARRO DESDE 10 DE JUNHO DE 2013)<\/b> COM O  CARRO PRESO NA OFICINA DA ABOLI\u00c7\u00c3O VE\u00cdCULOS COM APENAS 729 KM RODADOS, EM UM  PROCESSO COM 8 VOLUMES, NA 1\u00aa VARA CIVEL, DA COMARCA DE NITER\u00d3I\/RJ, REGIONAL  OCE\u00c2NICA, A SENTEN\u00c7A FOI INDEFERIR TODOS OS MEUS PEDIDOS E AINDA CONDENAR EM  10% DE CUSTAS JUDICIAIS. OU SEJA, FIQUEI SEM CARRO ESSE TEMPO TODO (MESMO  PAGANDO \u00c0 VISTA POR ELE), JUNTEI PROVAS COMO REGISTRO DE OCORR\u00caNCIA DA POL\u00cdCIA  CIVIL\/RJ, BOLETIM DE OCORR\u00caNCIA DA POLICIA MILITAR\/RJ, ORDENS DE SERVI\u00c7O, MAIS  DE 600 FOTOGRAFIAS, MAIS DE 40 \u00c1UDIOS, NOTAS FISCAIS, NOTAS DE T\u00c1XI,  PRONTU\u00c1RIOS M\u00c9DICOS, POIS NESTE PER\u00cdODO TIVE PROBLEMAS DE SA\u00daDE, BEM COMO MEUS  FAMILIARES, TENDO UMA FILHA QUE HOJE TEM APENAS 5 ANOS, NA \u00c9POCA POUCO MAIS DE  1 ANINHO. VALE LEMBRAR, QUE OS PRIMEIROS DEFEITOS SE DERAM QUANDO O CARRO TINHA  MENOS DE 30 KM RODADOS. TUDO ISSO PARA NADA. QUEM GOSTOU DO RESULTADO DA DOUTA  MAGRISTRADA FORAM AS EMPRESAS R\u00c9S \u2013 QUE ME LESARAM \u2013 ABOLI\u00c7\u00c3O VE\u00cdCULOS E VW DO  BRASIL (PROCESSO: No 0016370-44.2013.8.19.0212).<o:p id=\"yui_3_16_0_ym19_1_1500982676938_685020\"><\/o:p><\/span><\/div>\n<div style=\"text-align:justify\" id=\"yui_3_16_0_ym19_1_1500982676938_685021\"><b id=\"yui_3_16_0_ym19_1_1500982676938_685022\"><span style=\"font-size:14.0pt;line-height:107%;font-family:&quot;Arial&quot;,sans-serif\" id=\"yui_3_16_0_ym19_1_1500982676938_685023\">&nbsp;<o:p id=\"yui_3_16_0_ym19_1_1500982676938_685024\"><\/o:p><\/span><\/b><\/div>\n<div style=\"text-align:justify\" id=\"yui_3_16_0_ym19_1_1500982676938_685025\"><b id=\"yui_3_16_0_ym19_1_1500982676938_685026\"><span style=\"font-size:14.0pt;line-height:107%;font-family:&quot;Arial&quot;,sans-serif\" id=\"yui_3_16_0_ym19_1_1500982676938_685027\">&nbsp;&nbsp;&nbsp;&nbsp;&nbsp;&nbsp;&nbsp;&nbsp;&nbsp;&nbsp;&nbsp;&nbsp;&nbsp;&nbsp; <o:p id=\"yui_3_16_0_ym19_1_1500982676938_685028\"><\/o:p><\/span><\/b><\/div>\n<div style=\"text-align:justify\" id=\"yui_3_16_0_ym19_1_1500982676938_685029\"><b id=\"yui_3_16_0_ym19_1_1500982676938_685030\"><span style=\"font-size:14.0pt;line-height:107%;font-family:&quot;Arial&quot;,sans-serif\" id=\"yui_3_16_0_ym19_1_1500982676938_685031\">&nbsp;&nbsp;&nbsp;&nbsp;&nbsp;&nbsp;&nbsp;&nbsp;&nbsp;&nbsp;&nbsp;&nbsp;&nbsp;&nbsp;&nbsp;&nbsp;&nbsp;&nbsp;&nbsp;&nbsp;&nbsp;&nbsp;&nbsp;&nbsp;&nbsp;&nbsp;&nbsp;&nbsp;&nbsp;&nbsp; <o:p id=\"yui_3_16_0_ym19_1_1500982676938_685032\"><\/o:p><\/span><\/b><\/div>\n<div id=\"yui_3_16_0_ym19_1_1500982676938_684756\">                                            <\/div>\n<div style=\"text-align:justify\" dir=\"ltr\" id=\"yui_3_16_0_ym19_1_1500982676938_685033\"><b id=\"yui_3_16_0_ym19_1_1500982676938_685034\"><span style=\"font-size:14.0pt;line-height:107%;font-family:&quot;Arial&quot;,sans-serif\" id=\"yui_3_16_0_ym19_1_1500982676938_685035\">AP\u00d3S  AS TODAS AS PARTIDAS DO VASC\u00c3O EM MEU PERFIL DO FACEBOOK (QUEM QUISER RECEBER  AS CR\u00d4NICAS DE PRIMEIRA M\u00c3O \u00c9 S\u00d3 ME ADICIONAR), E NO SITE WEBVASCO  (<a href=\"http:\/\/www.webvasco.com\">www.webvasco.com<\/a>), TEM A OPINI\u00c3O DO JORNALISTA LUIZ CARLOS ROCHA. LEIAM!  COMPARTILHEM E CURTAM! VASCA\u00cdNOS UNIDOS JAMAIS SER\u00c3O VENCIDOS.<\/span><\/b><span style=\"font-size:14.0pt;line-height:107%;font-family:&quot;Arial&quot;,sans-serif\" id=\"yui_3_16_0_ym19_1_1500982676938_685036\"><o:p id=\"yui_3_16_0_ym19_1_1500982676938_685037\"><\/o:p><\/span><\/div>\n<div id=\"yui_3_16_0_ym19_1_1500982676938_684756\"><span><br \/><\/span><\/div>\n<div id=\"yui_3_16_0_ym19_1_1500982676938_684756\"><span><br \/><\/span><\/div>\n<div id=\"yui_3_16_0_ym19_1_1500982676938_684756\"><span><br \/><\/span><\/div>\n<div><\/div>\n<div id=\"yui_3_16_0_ym19_1_1500982676938_684786\">&nbsp;<\/div>\n<div class=\"signature\" id=\"yui_3_16_0_ym19_1_1500982676938_684791\">\n<div id=\"RTEContent\">\n<div id=\"yui_3_16_0_ym19_1_1500982676938_684790\">\n<div id=\"yui_3_16_0_ym19_1_1500982676938_684789\">\n<div id=\"yui_3_16_0_ym19_1_1500982676938_684788\">\n<div align=\"center\" id=\"yui_3_16_0_ym19_1_1500982676938_684787\"><\/div>\n<\/div>\n<\/div>\n<\/div>\n<\/div>\n<\/div>\n<\/div>\n<\/div>\n<p><\/p>\n","protected":false},"excerpt":{"rendered":"<p>&nbsp; &nbsp; Virou piada no cen\u00e1rio futebol\u00edstico. Virou mesmo um time de perdedor. Virou time&#8230;<\/p>\n","protected":false},"author":7,"featured_media":0,"comment_status":"open","ping_status":"closed","sticky":false,"template":"","format":"standard","meta":{"footnotes":""},"categories":[4],"tags":[],"class_list":["post-8264","post","type-post","status-publish","format-standard","hentry","category-luizcarlosrocha"],"_links":{"self":[{"href":"https:\/\/webvasco.com\/artigos\/wp-json\/wp\/v2\/posts\/8264","targetHints":{"allow":["GET"]}}],"collection":[{"href":"https:\/\/webvasco.com\/artigos\/wp-json\/wp\/v2\/posts"}],"about":[{"href":"https:\/\/webvasco.com\/artigos\/wp-json\/wp\/v2\/types\/post"}],"author":[{"embeddable":true,"href":"https:\/\/webvasco.com\/artigos\/wp-json\/wp\/v2\/users\/7"}],"replies":[{"embeddable":true,"href":"https:\/\/webvasco.com\/artigos\/wp-json\/wp\/v2\/comments?post=8264"}],"version-history":[{"count":0,"href":"https:\/\/webvasco.com\/artigos\/wp-json\/wp\/v2\/posts\/8264\/revisions"}],"wp:attachment":[{"href":"https:\/\/webvasco.com\/artigos\/wp-json\/wp\/v2\/media?parent=8264"}],"wp:term":[{"taxonomy":"category","embeddable":true,"href":"https:\/\/webvasco.com\/artigos\/wp-json\/wp\/v2\/categories?post=8264"},{"taxonomy":"post_tag","embeddable":true,"href":"https:\/\/webvasco.com\/artigos\/wp-json\/wp\/v2\/tags?post=8264"}],"curies":[{"name":"wp","href":"https:\/\/api.w.org\/{rel}","templated":true}]}}