{"id":8265,"date":"2017-08-14T11:35:40","date_gmt":"2017-08-14T14:35:40","guid":{"rendered":"http:\/\/webvasco.com\/artigos\/?p=8265"},"modified":"2017-08-14T11:47:01","modified_gmt":"2017-08-14T14:47:01","slug":"um-time-verde","status":"publish","type":"post","link":"https:\/\/webvasco.com\/artigos\/colunistas\/luizcarlosrocha\/um-time-verde\/","title":{"rendered":"UM TIME VERDE!"},"content":{"rendered":"<div>\n<div style=\"color:#000; background-color:#fff; font-family:Helvetica Neue, Helvetica, Arial, Lucida Grande, sans-serif;font-size:32px\">\n<div style=\"text-align:justify\" id=\"yui_3_16_0_ym19_1_1502196910966_602403\"><span style=\"font-size:14.0pt;line-height:107%;font-family:&quot;Arial&quot;,sans-serif\" id=\"yui_3_16_0_ym19_1_1502196910966_602404\">&nbsp; &nbsp; Ontem, o Vasco da Gama n\u00e3o passou do  empate, por 1 a 1 (Alejandro Guerra para os visitantes e Manga Escobar para os  mandantes) diante do Palmeiras, em partida que marcou a 20\u00aa Rodada, do  Campeonato Brasileiro, vers\u00e3o 2017, no Est\u00e1dio Raulino de Oliveira, em Volta  Redonda, Sul Fluminense. Embora a equipe paulista tenha presente em seu  uniforme a cor da esperan\u00e7a, verde mesmo est\u00e1 o time vasca\u00edno!<o:p id=\"yui_3_16_0_ym19_1_1502196910966_602405\"><\/o:p><\/span><\/div>\n<div style=\"text-align:justify\" id=\"yui_3_16_0_ym19_1_1502196910966_602406\"><span style=\"font-size:14.0pt;line-height:107%;font-family:&quot;Arial&quot;,sans-serif\" id=\"yui_3_16_0_ym19_1_1502196910966_602407\">&nbsp;&nbsp;&nbsp; Isto, porque, passado uma rodada do meio da  competi\u00e7\u00e3o, a esquadra do treinador Milton Mendes ainda encontra-se em testes!  Verde para a peleja! Um absurdo. \u00c9 bem verdade que pelo baixo n\u00edvel dos  concorrentes, o Cruzmaltino n\u00e3o ir\u00e1 ser rebaixado mais uma vez. Por\u00e9m, o  torcedor n\u00e3o quer fazer essa conta, e sim somar pontos para a conquista do  t\u00edtulo, como em outrora.<o:p id=\"yui_3_16_0_ym19_1_1502196910966_602408\"><\/o:p><\/span><\/div>\n<div style=\"text-align:justify\" id=\"yui_3_16_0_ym19_1_1502196910966_602409\"><span style=\"font-size:14.0pt;line-height:107%;font-family:&quot;Arial&quot;,sans-serif\" id=\"yui_3_16_0_ym19_1_1502196910966_602410\">&nbsp;&nbsp;&nbsp; Por citar o verde, os meninos da base \u2013  aqueles com talento \u00e9 claro \u2013 quando est\u00e3o amadurecendo na equipe principal, os  gananciosos gestores tratam imediatamente de vender \u201ca galinha dos ovos de ouro\u201d.  Foi assim com o espetacular Philippe Coutinho, e recentemente com os meninos  Luan e Douglas. Lament\u00e1vel!<o:p id=\"yui_3_16_0_ym19_1_1502196910966_602411\"><\/o:p><\/span><\/div>\n<div style=\"text-align:justify\" id=\"yui_3_16_0_ym19_1_1502196910966_602412\"><span style=\"font-size:14.0pt;line-height:107%;font-family:&quot;Arial&quot;,sans-serif\" id=\"yui_3_16_0_ym19_1_1502196910966_602413\">&nbsp;&nbsp;&nbsp; Ora, o clube que est\u00e1 cada vez mais atolado  em d\u00edvidas, se n\u00e3o pode contratar um atleta \u201cdecente\u201d, logo, a solu\u00e7\u00e3o para um  stafe competitivo \u00e9 o investimento na base. N\u00e3o com o prop\u00f3sito apenas da  lucratividade, mas principalmente para colher frutos no que tange a conquista  de novos t\u00edtulos (quem sabe in\u00e9ditos). O Vasco precisa urgentemente mudar a  mentalidade de seus cartolas que t\u00eam pensamentos e funcionamento operacional  ultrapassados.<o:p id=\"yui_3_16_0_ym19_1_1502196910966_602414\"><\/o:p><\/span><\/div>\n<div style=\"text-align:justify\" id=\"yui_3_16_0_ym19_1_1502196910966_602415\"><span style=\"font-size:14.0pt;line-height:107%;font-family:&quot;Arial&quot;,sans-serif\" id=\"yui_3_16_0_ym19_1_1502196910966_602416\">&nbsp;&nbsp;&nbsp;&nbsp;&nbsp;&nbsp; Investir na base. Acreditar na garotada.  Reciclar seus gestores com cursos relevantes, em institui\u00e7\u00f5es renomadas.  Estudar futebol. Recentemente a USP (Universidade de S\u00e3o Paulo), atrav\u00e9s da FEA  (Faculdade de Economia, Administra\u00e7\u00e3o e Contabilidade) e a FPF (Federa\u00e7\u00e3o Paulista  de Futebol) promoveram Congressos exclusivamente sobre futebol, na qual o  WebVasco fez-se presente. Nos referidos eventos al\u00e9m de n\u00e3o haver NENHUM  REPRESENTANTE do clube, o Vasco sequer foi citado, e quando foi (as  pouqu\u00edssimas vezes) n\u00e3o teve qualquer import\u00e2ncia. J\u00e1 o seu principal  advers\u00e1rio foi enaltecido pela brilhante gest\u00e3o de Eduardo Bandeira de Mello,  na qual inclusive participou de forma ativa (palestrou).<o:p id=\"yui_3_16_0_ym19_1_1502196910966_602417\"><\/o:p><\/span><\/div>\n<div style=\"text-align:justify\" id=\"yui_3_16_0_ym19_1_1502196910966_602418\"><span style=\"font-size:14.0pt;line-height:107%;font-family:&quot;Arial&quot;,sans-serif\" id=\"yui_3_16_0_ym19_1_1502196910966_602419\">&nbsp;&nbsp;&nbsp; Se continuar neste patamar, a diferen\u00e7a em  termos de investimento (consequentemente em frutos colhidos) ser\u00e1 gritante.  Veremos um Molambo cada vez mais forte e o Gigante da Colina cada vez mais  An\u00e3o! \u00c9 preciso mudar a mentalidade. Novembro, nas elei\u00e7\u00f5es ser\u00e1 a melhor  oportunidade da Fam\u00edlia Vasca\u00edna expurgar a Dinastia Miranda de S\u00e3o Janu\u00e1rio de  uma vez por todas. <o:p id=\"yui_3_16_0_ym19_1_1502196910966_602420\"><\/o:p><\/span><\/div>\n<div style=\"text-align:justify\" id=\"yui_3_16_0_ym19_1_1502196910966_602421\"><span style=\"font-size:14.0pt;line-height:107%;font-family:&quot;Arial&quot;,sans-serif\" id=\"yui_3_16_0_ym19_1_1502196910966_602422\">&nbsp;&nbsp;&nbsp; Em tempo: domingo, dia 20 de agosto, \u00e0s  16h, na Arena Fonte Nova, o Vasco enfrentar\u00e1 o Bahia, pela 21\u00aa Rodada. \u00c9  preciso vencer, mesmo que fora de casa, para subir na tabela de classifica\u00e7\u00e3o,  que hoje encontra-se na 13\u00aa posi\u00e7\u00e3o, com apenas 25 pontos ganhos (em 60  disputados). <o:p id=\"yui_3_16_0_ym19_1_1502196910966_602423\"><\/o:p><\/span><\/div>\n<div style=\"text-align:justify\" id=\"yui_3_16_0_ym19_1_1502196910966_602424\"><span style=\"font-size:14.0pt;line-height:107%;font-family:&quot;Arial&quot;,sans-serif\" id=\"yui_3_16_0_ym19_1_1502196910966_602425\"><o:p id=\"yui_3_16_0_ym19_1_1502196910966_602426\">&nbsp;<\/o:p><\/span><\/div>\n<div style=\"text-align:justify\" id=\"yui_3_16_0_ym19_1_1502196910966_602427\"><b id=\"yui_3_16_0_ym19_1_1502196910966_602428\"><u id=\"yui_3_16_0_ym19_1_1502196910966_602429\"><span style=\"font-size:20.0pt;line-height:107%;font-family:&quot;Arial&quot;,sans-serif\" id=\"yui_3_16_0_ym19_1_1502196910966_602430\">VERGONHA  (MAIS DE 4 ANOS!):<o:p id=\"yui_3_16_0_ym19_1_1502196910966_602431\"><\/o:p><\/span><\/u><\/b><\/div>\n<div style=\"text-align:justify\" id=\"yui_3_16_0_ym19_1_1502196910966_602432\"><span style=\"font-size:14.0pt;line-height:107%;font-family:&quot;Arial&quot;,sans-serif\" id=\"yui_3_16_0_ym19_1_1502196910966_602433\">DEPOIS DE AGUARDAR <b id=\"yui_3_16_0_ym19_1_1502196910966_602434\">&nbsp;50 MESES,  OU SEJA, 4 ANOS E 2 MESES!&nbsp; (CARRO DESDE  10 DE JUNHO DE 2013)<\/b> COM O CARRO PRESO NA OFICINA DA ABOLI\u00c7\u00c3O VE\u00cdCULOS COM  APENAS 729 KM RODADOS, EM UM PROCESSO COM 8 VOLUMES, NA 1\u00aa VARA CIVEL, DA  COMARCA DE NITER\u00d3I\/RJ, REGIONAL OCE\u00c2NICA, A SENTEN\u00c7A FOI INDEFERIR TODOS OS  MEUS PEDIDOS E AINDA CONDENAR EM 10% DE CUSTAS JUDICIAIS. OU SEJA, FIQUEI SEM  CARRO ESSE TEMPO TODO (MESMO PAGANDO \u00c0 VISTA POR ELE), JUNTEI PROVAS COMO  REGISTRO DE OCORR\u00caNCIA DA POL\u00cdCIA CIVIL\/RJ, BOLETIM DE OCORR\u00caNCIA DA POLICIA  MILITAR\/RJ, ORDENS DE SERVI\u00c7O, MAIS DE 600 FOTOGRAFIAS, MAIS DE 40 \u00c1UDIOS,  NOTAS FISCAIS, NOTAS DE T\u00c1XI, PRONTU\u00c1RIOS M\u00c9DICOS, POIS NESTE PER\u00cdODO TIVE  PROBLEMAS DE SA\u00daDE, BEM COMO MEUS FAMILIARES, TENDO UMA FILHA QUE HOJE TEM  APENAS 5 ANOS, NA \u00c9POCA POUCO MAIS DE 1 ANINHO. VALE LEMBRAR, QUE OS PRIMEIROS  DEFEITOS SE DERAM QUANDO O CARRO TINHA MENOS DE 30 KM RODADOS. TUDO ISSO PARA  NADA. QUEM GOSTOU DO RESULTADO DA DOUTA MAGRISTRADA FORAM AS EMPRESAS R\u00c9S \u2013 QUE  ME LESARAM \u2013 ABOLI\u00c7\u00c3O VE\u00cdCULOS E VW DO BRASIL (PROCESSO: No  0016370-44.2013.8.19.0212).<o:p id=\"yui_3_16_0_ym19_1_1502196910966_602435\"><\/o:p><\/span><\/div>\n<div style=\"text-align:justify\" id=\"yui_3_16_0_ym19_1_1502196910966_602436\"><b id=\"yui_3_16_0_ym19_1_1502196910966_602437\"><span style=\"font-size:14.0pt;line-height:107%;font-family:&quot;Arial&quot;,sans-serif\" id=\"yui_3_16_0_ym19_1_1502196910966_602438\">&nbsp;<o:p id=\"yui_3_16_0_ym19_1_1502196910966_602439\"><\/o:p><\/span><\/b><\/div>\n<div style=\"text-align:justify\" id=\"yui_3_16_0_ym19_1_1502196910966_602440\"><b id=\"yui_3_16_0_ym19_1_1502196910966_602441\"><span style=\"font-size:14.0pt;line-height:107%;font-family:&quot;Arial&quot;,sans-serif\" id=\"yui_3_16_0_ym19_1_1502196910966_602442\">&nbsp;&nbsp; &nbsp;&nbsp;&nbsp;&nbsp;&nbsp;&nbsp;&nbsp;&nbsp;&nbsp;&nbsp;&nbsp;&nbsp;<o:p id=\"yui_3_16_0_ym19_1_1502196910966_602443\"><\/o:p><\/span><\/b><\/div>\n<div style=\"text-align:justify\" id=\"yui_3_16_0_ym19_1_1502196910966_602444\"><b id=\"yui_3_16_0_ym19_1_1502196910966_602445\"><span style=\"font-size:14.0pt;line-height:107%;font-family:&quot;Arial&quot;,sans-serif\" id=\"yui_3_16_0_ym19_1_1502196910966_602446\">&nbsp;&nbsp;&nbsp;&nbsp;&nbsp;&nbsp;&nbsp;&nbsp;&nbsp;&nbsp;&nbsp;&nbsp;&nbsp;&nbsp;&nbsp;&nbsp;&nbsp;&nbsp;&nbsp;&nbsp;&nbsp;&nbsp;&nbsp;&nbsp;&nbsp;&nbsp;&nbsp;&nbsp;&nbsp;&nbsp; <o:p id=\"yui_3_16_0_ym19_1_1502196910966_602447\"><\/o:p><\/span><\/b><\/div>\n<div style=\"text-align:justify\" id=\"yui_3_16_0_ym19_1_1502196910966_602448\"><b id=\"yui_3_16_0_ym19_1_1502196910966_602449\"><span style=\"font-size:14.0pt;line-height:107%;font-family:&quot;Arial&quot;,sans-serif\" id=\"yui_3_16_0_ym19_1_1502196910966_602450\">AP\u00d3S  AS TODAS AS PARTIDAS DO VASC\u00c3O EM MEU PERFIL DO FACEBOOK (QUEM QUISER RECEBER  AS CR\u00d4NICAS DE PRIMEIRA M\u00c3O \u00c9 S\u00d3 ME ADICIONAR), E NO SITE WEBVASCO  (<a href=\"http:\/\/www.webvasco.com\">www.webvasco.com<\/a>), TEM A OPINI\u00c3O DO JORNALISTA LUIZ CARLOS ROCHA. LEIAM!  COMPARTILHEM E CURTAM! VASCA\u00cdNOS UNIDOS JAMAIS SER\u00c3O VENCIDOS.<\/span><\/b><span style=\"font-size:14.0pt;line-height:107%;font-family:&quot;Arial&quot;,sans-serif\" id=\"yui_3_16_0_ym19_1_1502196910966_602451\"><o:p id=\"yui_3_16_0_ym19_1_1502196910966_602452\"><\/o:p><\/span><\/div>\n<div id=\"yui_3_16_0_ym19_1_1502196910966_602201\">                                                        <\/div>\n<div style=\"text-align:justify\" dir=\"ltr\" id=\"yui_3_16_0_ym19_1_1502196910966_602453\"><span style=\"font-size:14.0pt;line-height:107%;font-family:&quot;Arial&quot;,sans-serif\" id=\"yui_3_16_0_ym19_1_1502196910966_602454\"><o:p id=\"yui_3_16_0_ym19_1_1502196910966_602455\">&nbsp;<\/o:p><\/span><\/div>\n<div id=\"yui_3_16_0_ym19_1_1502196910966_602201\"><span><br \/><\/span><\/div>\n<div id=\"yui_3_16_0_ym19_1_1502196910966_602201\"><span><br \/><\/span><\/div>\n<div id=\"yui_3_16_0_ym19_1_1502196910966_602201\"><span><br \/><\/span><\/div>\n<div><\/div>\n<div id=\"yui_3_16_0_ym19_1_1502196910966_602200\">&nbsp;<\/div>\n<div class=\"signature\" id=\"yui_3_16_0_ym19_1_1502196910966_602189\">\n<div id=\"RTEContent\">\n<div id=\"yui_3_16_0_ym19_1_1502196910966_602188\">\n<div id=\"yui_3_16_0_ym19_1_1502196910966_602187\">\n<div id=\"yui_3_16_0_ym19_1_1502196910966_602186\">\n<div align=\"center\" id=\"yui_3_16_0_ym19_1_1502196910966_602185\"><\/div>\n<\/div>\n<\/div>\n<\/div>\n<\/div>\n<\/div>\n<\/div>\n<\/div>\n<p><\/p>\n","protected":false},"excerpt":{"rendered":"<p>&nbsp; &nbsp; Ontem, o Vasco da Gama n\u00e3o passou do empate, por 1 a 1&#8230;<\/p>\n","protected":false},"author":7,"featured_media":0,"comment_status":"open","ping_status":"closed","sticky":false,"template":"","format":"standard","meta":{"footnotes":""},"categories":[4],"tags":[],"class_list":["post-8265","post","type-post","status-publish","format-standard","hentry","category-luizcarlosrocha"],"_links":{"self":[{"href":"https:\/\/webvasco.com\/artigos\/wp-json\/wp\/v2\/posts\/8265","targetHints":{"allow":["GET"]}}],"collection":[{"href":"https:\/\/webvasco.com\/artigos\/wp-json\/wp\/v2\/posts"}],"about":[{"href":"https:\/\/webvasco.com\/artigos\/wp-json\/wp\/v2\/types\/post"}],"author":[{"embeddable":true,"href":"https:\/\/webvasco.com\/artigos\/wp-json\/wp\/v2\/users\/7"}],"replies":[{"embeddable":true,"href":"https:\/\/webvasco.com\/artigos\/wp-json\/wp\/v2\/comments?post=8265"}],"version-history":[{"count":0,"href":"https:\/\/webvasco.com\/artigos\/wp-json\/wp\/v2\/posts\/8265\/revisions"}],"wp:attachment":[{"href":"https:\/\/webvasco.com\/artigos\/wp-json\/wp\/v2\/media?parent=8265"}],"wp:term":[{"taxonomy":"category","embeddable":true,"href":"https:\/\/webvasco.com\/artigos\/wp-json\/wp\/v2\/categories?post=8265"},{"taxonomy":"post_tag","embeddable":true,"href":"https:\/\/webvasco.com\/artigos\/wp-json\/wp\/v2\/tags?post=8265"}],"curies":[{"name":"wp","href":"https:\/\/api.w.org\/{rel}","templated":true}]}}