{"id":8267,"date":"2017-08-21T14:00:25","date_gmt":"2017-08-21T17:00:25","guid":{"rendered":"http:\/\/webvasco.com\/artigos\/?p=8267"},"modified":"2017-08-21T14:00:52","modified_gmt":"2017-08-21T17:00:52","slug":"em-honra-aos-nossos-antepassados-uniao-ja","status":"publish","type":"post","link":"https:\/\/webvasco.com\/artigos\/colunistas\/marcelopaiva\/em-honra-aos-nossos-antepassados-uniao-ja\/","title":{"rendered":"Em honra aos nossos antepassados, UNI\u00c3O J\u00c1!"},"content":{"rendered":"<p>Caros amigos Vasca\u00ednos!<\/p>\n<p>Venho at\u00e9 voc\u00eas, inovar desta vez: Venho conceber uma coluna em forma de v\u00eddeo!<\/p>\n<p><strong>Antes, gostaria de parabenizar o nosso clube amado, pela passagem dos seus 119 anos de exist\u00eancia!<\/strong><\/p>\n<p>O t\u00edtulo desta &#8220;Coluna em V\u00eddeo&#8221;, se d\u00e1 em raz\u00e3o dos nossos antepassados terem, naquela ocasi\u00e3o (em 1898), fundado esta Institui\u00e7\u00e3o Gigantesca do Futebol Mundial, atrav\u00e9s dos pilares: Abnega\u00e7\u00e3o, Fraternidade e Respeito, cujos mesmos sustentaram a palavra<strong> &#8220;Uni\u00e3o&#8221;, como MARCA REGISTRADA do CRVG por longos anos.<br \/>\n<\/strong><br \/>\nEsta marca mostrou ao mundo, o TAMANHO DESTA INSTITUI\u00c7\u00c3O VENCEDORA E MAGN\u00cdFICA.<\/p>\n<p>Hoje, somos uma &#8220;caricatura&#8221; disso!<\/p>\n<p><strong>Como abnegado que sou,<\/strong> como tamb\u00e9m existem muitos Vasca\u00ednos da mesma forma, <strong>e que procura fazer algo relevante e volunt\u00e1rio para o Vasco da Gama<\/strong> (como no Movimento pela Revitaliza\u00e7\u00e3o do Entorno de SJ &#8211; Pr\u00e9 Requisito para a posterior Amplia\u00e7\u00e3o\/Moderniza\u00e7\u00e3o do nosso Est\u00e1dio), <strong>venho tentar contribuir com este v\u00eddeo, para que haja uma SENSIBILIDADE GERAL, de modo a TODOS SE UNIREM NESTE MOMENTO DIF\u00cdCIL, o qual o nosso clube amado est\u00e1 passando.<\/strong><\/p>\n<p>Assistam a este v\u00eddeo e que o mesmo possa causar uma REFLEX\u00c3O, acompanhada principalmente de uma A\u00c7\u00c3O REDENTORA no Club de Regatas Vasco da Gama!<\/p>\n<p>Vamos ao v\u00eddeo e SV!<\/p>\n<p><iframe loading=\"lazy\" src=\"https:\/\/www.youtube.com\/embed\/vGxRTsVLVFM\" width=\"560\" height=\"315\" frameborder=\"0\" allowfullscreen=\"allowfullscreen\"><\/iframe><\/p>\n","protected":false},"excerpt":{"rendered":"<p>Caros amigos Vasca\u00ednos! Venho at\u00e9 voc\u00eas, inovar desta vez: Venho conceber uma coluna em forma&#8230;<\/p>\n","protected":false},"author":3,"featured_media":0,"comment_status":"open","ping_status":"closed","sticky":false,"template":"","format":"standard","meta":{"footnotes":""},"categories":[16],"tags":[],"class_list":["post-8267","post","type-post","status-publish","format-standard","hentry","category-marcelopaiva"],"_links":{"self":[{"href":"https:\/\/webvasco.com\/artigos\/wp-json\/wp\/v2\/posts\/8267","targetHints":{"allow":["GET"]}}],"collection":[{"href":"https:\/\/webvasco.com\/artigos\/wp-json\/wp\/v2\/posts"}],"about":[{"href":"https:\/\/webvasco.com\/artigos\/wp-json\/wp\/v2\/types\/post"}],"author":[{"embeddable":true,"href":"https:\/\/webvasco.com\/artigos\/wp-json\/wp\/v2\/users\/3"}],"replies":[{"embeddable":true,"href":"https:\/\/webvasco.com\/artigos\/wp-json\/wp\/v2\/comments?post=8267"}],"version-history":[{"count":1,"href":"https:\/\/webvasco.com\/artigos\/wp-json\/wp\/v2\/posts\/8267\/revisions"}],"predecessor-version":[{"id":8268,"href":"https:\/\/webvasco.com\/artigos\/wp-json\/wp\/v2\/posts\/8267\/revisions\/8268"}],"wp:attachment":[{"href":"https:\/\/webvasco.com\/artigos\/wp-json\/wp\/v2\/media?parent=8267"}],"wp:term":[{"taxonomy":"category","embeddable":true,"href":"https:\/\/webvasco.com\/artigos\/wp-json\/wp\/v2\/categories?post=8267"},{"taxonomy":"post_tag","embeddable":true,"href":"https:\/\/webvasco.com\/artigos\/wp-json\/wp\/v2\/tags?post=8267"}],"curies":[{"name":"wp","href":"https:\/\/api.w.org\/{rel}","templated":true}]}}