{"id":8269,"date":"2017-08-21T14:17:12","date_gmt":"2017-08-21T17:17:12","guid":{"rendered":"http:\/\/webvasco.com\/artigos\/?p=8269"},"modified":"2017-08-21T14:17:32","modified_gmt":"2017-08-21T17:17:32","slug":"a-saga-do-numero-3","status":"publish","type":"post","link":"https:\/\/webvasco.com\/artigos\/colunistas\/luizcarlosrocha\/a-saga-do-numero-3\/","title":{"rendered":"A SAGA DO N\u00daMERO 3!"},"content":{"rendered":"<div id=\"m_6372236386181599173yui_3_16_0_ym19_1_1502196910966_1308970\"><span id=\"m_6372236386181599173yui_3_16_0_ym19_1_1502196910966_1308971\">Justamente na Rodada 21 \u2013 que dividido por 3, d\u00e1 7, na qual \u00e9 o n\u00famero do mentiroso \u2013 do Campeonato Brasileiro, o Vasco da Gama (na v\u00e9spera de completar 119 anos, hoje), perdeu para o fraco Bahia, por 3 a 0. Os gols de Tiago e Mendoza, duas vezes, serviram para mostrar, mais uma vez, que o Cruzmaltino est\u00e1 entregue ao Capeta!<u><\/u><u><\/u><\/span><\/div>\n<div id=\"m_6372236386181599173yui_3_16_0_ym19_1_1502196910966_1308973\"><span id=\"m_6372236386181599173yui_3_16_0_ym19_1_1502196910966_1308974\">\u00a0\u00a0\u00a0 Com o p\u00e9ssimo resultado, o An\u00e3o (Gigante est\u00e1 longe) da Colina ocupa a 16\u00aa posi\u00e7\u00e3o na tabela de classifica\u00e7\u00e3o, com apenas 25 pontos, dos 63 disputados. Um absurdo! Mas voltando citar a saga do 3. Foram 3 rebaixamentos nas p\u00edfias gest\u00f5es de Roberto Bombinha e Dom Charuto. Tinha o Exclu\u00eddo como advers\u00e1rio quando era o Mach\u00e3o da Gama, temido e respeitado por todos. Agora s\u00e3o 3 os que acham que podem sacanear. A Cachorrada (pequeno dos pequenos) e o FlormimenC (pessoal do mundinho cor de rosa) se aliaram ao Molambo.<u><\/u><u><\/u><\/span><\/div>\n<div id=\"m_6372236386181599173yui_3_16_0_ym19_1_1502196910966_1308976\"><span id=\"m_6372236386181599173yui_3_16_0_ym19_1_1502196910966_1308977\">\u00a0\u00a0\u00a0 Ainda se tratando do fat\u00eddico 3, o mandat\u00e1rio do suspens\u00f3rio vendeu 3 joias da casa: Philippe Coutinho, Luan e Douglas. E trouxe das profundezas para S\u00e3o Janu\u00e1rio 3 problemas: Lu\u00eds Fabiano, Breno e Paul\u00e3o. No Campeonato Carioca a coisa foi ainda mais rid\u00edcula: em 2014 roubado escancaradamente pelo Povo do Gueto, nas barbas de Eurico Miranda (agora velho e sem qualquer poder de rea\u00e7\u00e3o e defensa em prol do clube). Em 2015 campe\u00e3o e 2016 idem. Quase tricampe\u00e3o!<u><\/u><u><\/u><\/span><\/div>\n<div id=\"m_6372236386181599173yui_3_16_0_ym19_1_1502196910966_1308979\"><span id=\"m_6372236386181599173yui_3_16_0_ym19_1_1502196910966_1308980\">\u00a0\u00a0\u00a0 Em uma competi\u00e7\u00e3o que j\u00e1 foi a mais charmosa do Brasil, hoje considerada por especialistas como fraca e pr\u00f3xima de ser irrelevante o Vasco deixou escapar o tricampeonato porque o cartola mais caricato do pa\u00eds n\u00e3o tem mais aquilo roxo, como dizia o ex-presidente Fernando Collor. O n\u00famero 3 esteve presente novamente.<u><\/u><u><\/u><\/span><\/div>\n<div id=\"m_6372236386181599173yui_3_16_0_ym19_1_1502196910966_1308982\"><span id=\"m_6372236386181599173yui_3_16_0_ym19_1_1502196910966_1308983\">\u00a0\u00a0\u00a0 S\u00e3o Janu\u00e1rio interditado por conta de confus\u00e3o e briga de torcida resultando na morte de um torcedor. D\u00e9bito nas contas de \u00e1gua levaram ao corte no fornecimento. E para completar a lista das 3 coisas negativas: perder o lado (tradicionalmente dos vasca\u00ednos) da torcida no Maracan\u00e3 para as Meninas das Laranjocas foi privilegiar o numeral 3 mais uma vez.<u><\/u><u><\/u><\/span><\/div>\n<div id=\"m_6372236386181599173yui_3_16_0_ym19_1_1502196910966_1308985\"><span id=\"m_6372236386181599173yui_3_16_0_ym19_1_1502196910966_1308986\">\u00a0\u00a0\u00a0 Tentando reverter a situa\u00e7\u00e3o e a retomada do \u201cpoder\u201d na Colina, fazem parte da oposi\u00e7\u00e3o: Alexandre Campello, J\u00falio Brant e Otto de Carvalho, ou seja, s\u00e3o 3 chapas para derrotar o todo poderoso Dom Charuto e a Dinastia Miranda! Se a oposi\u00e7\u00e3o fosse \u00fanica teria maior chance de obter \u00eaxito.<u><\/u><u><\/u><\/span><\/div>\n<div id=\"m_6372236386181599173yui_3_16_0_ym19_1_1502196910966_1308988\"><span id=\"m_6372236386181599173yui_3_16_0_ym19_1_1502196910966_1308989\">\u00a0\u00a0 A pr\u00f3xima partida ser\u00e1 s\u00e1bado, dia 19, \u00e0s 16h, no Maracan\u00e3, contra o clube que sonha ser o Vasco, ou melhor, o Tricolete.<u><\/u><u><\/u><\/span><\/div>\n<div id=\"m_6372236386181599173yui_3_16_0_ym19_1_1502196910966_1308991\"><span id=\"m_6372236386181599173yui_3_16_0_ym19_1_1502196910966_1308992\">\u00a0\u00a0\u00a0 Para concluir: a an\u00e1lise mais minuciosa, e, sobretudo, mais maligna do algarismo 3 \u00e9 saber que o Vasco da Gama est\u00e1 nas m\u00e3os despreparadas do \u201cRei\u201d e seus dois \u201cPr\u00edncipes Herdeiros\u201d, um na base, e outro na vice presid\u00eancia de futebol, destruindo a imagem do clube a cada dia, apequenando em larga escala o prest\u00edgio da marca Vasco da Gama.\u00a0 Assumindo de uma vez por todas a chancela de vice, pois o Satan\u00e1s original \u00e9 rotulado pelo n\u00famero 666, j\u00e1 o gen\u00e9rico em quest\u00e3o, lhe coube apenas a fra\u00e7\u00e3o 333!<u><\/u><u><\/u><\/span><\/div>\n<div id=\"m_6372236386181599173yui_3_16_0_ym19_1_1502196910966_1308994\"><span id=\"m_6372236386181599173yui_3_16_0_ym19_1_1502196910966_1308995\"><u><\/u>\u00a0<u><\/u><\/span><\/div>\n<div id=\"m_6372236386181599173yui_3_16_0_ym19_1_1502196910966_1308997\"><span id=\"m_6372236386181599173yui_3_16_0_ym19_1_1502196910966_1308998\"><u><\/u>\u00a0<u><\/u><\/span><\/div>\n<div id=\"m_6372236386181599173yui_3_16_0_ym19_1_1502196910966_1309000\"><span id=\"m_6372236386181599173yui_3_16_0_ym19_1_1502196910966_1309001\"><u><\/u>\u00a0<u><\/u><\/span><\/div>\n<div id=\"m_6372236386181599173yui_3_16_0_ym19_1_1502196910966_1309003\"><span id=\"m_6372236386181599173yui_3_16_0_ym19_1_1502196910966_1309004\"><u><\/u>\u00a0<u><\/u><\/span><\/div>\n<div id=\"m_6372236386181599173yui_3_16_0_ym19_1_1502196910966_1309006\"><span id=\"m_6372236386181599173yui_3_16_0_ym19_1_1502196910966_1309007\"><u><\/u>\u00a0<u><\/u><\/span><\/div>\n<div id=\"m_6372236386181599173yui_3_16_0_ym19_1_1502196910966_1309009\"><b id=\"m_6372236386181599173yui_3_16_0_ym19_1_1502196910966_1309010\"><u id=\"m_6372236386181599173yui_3_16_0_ym19_1_1502196910966_1309011\"><span id=\"m_6372236386181599173yui_3_16_0_ym19_1_1502196910966_1309012\">VERGONHA (MAIS DE 4 ANOS!):<u><\/u><u><\/u><\/span><\/u><\/b><\/div>\n<div id=\"m_6372236386181599173yui_3_16_0_ym19_1_1502196910966_1309014\"><span id=\"m_6372236386181599173yui_3_16_0_ym19_1_1502196910966_1309015\">DEPOIS DE AGUARDAR\u00a0<b id=\"m_6372236386181599173yui_3_16_0_ym19_1_1502196910966_1309016\">\u00a050 MESES, OU SEJA, 4 ANOS E 2 MESES!\u00a0 (CARRO DESDE 10 DE JUNHO DE 2013)<\/b>\u00a0COM O CARRO PRESO NA OFICINA DA ABOLI\u00c7\u00c3O VE\u00cdCULOS COM APENAS 729 KM RODADOS, EM UM PROCESSO COM 8 VOLUMES, NA 1\u00aa VARA CIVEL, DA COMARCA DE NITER\u00d3I\/RJ, REGIONAL OCE\u00c2NICA, A SENTEN\u00c7A FOI INDEFERIR TODOS OS MEUS PEDIDOS E AINDA CONDENAR EM 10% DE CUSTAS JUDICIAIS. OU SEJA, FIQUEI SEM CARRO ESSE TEMPO TODO (MESMO PAGANDO \u00c0 VISTA POR ELE), JUNTEI PROVAS COMO REGISTRO DE OCORR\u00caNCIA DA POL\u00cdCIA CIVIL\/RJ, BOLETIM DE OCORR\u00caNCIA DA POLICIA MILITAR\/RJ, ORDENS DE SERVI\u00c7O, MAIS DE 600 FOTOGRAFIAS, MAIS DE 40 \u00c1UDIOS, NOTAS FISCAIS, NOTAS DE T\u00c1XI, PRONTU\u00c1RIOS M\u00c9DICOS, POIS NESTE PER\u00cdODO TIVE PROBLEMAS DE SA\u00daDE, BEM COMO MEUS FAMILIARES, TENDO UMA FILHA QUE HOJE TEM APENAS 5 ANOS, NA \u00c9POCA POUCO MAIS DE 1 ANINHO. VALE LEMBRAR, QUE OS PRIMEIROS DEFEITOS SE DERAM QUANDO O CARRO TINHA MENOS DE 30 KM RODADOS. TUDO ISSO PARA NADA. QUEM GOSTOU DO RESULTADO DA DOUTA MAGRISTRADA FORAM AS EMPRESAS R\u00c9S \u2013 QUE ME LESARAM \u2013 ABOLI\u00c7\u00c3O VE\u00cdCULOS E VW DO BRASIL (PROCESSO: No 0016370-44.2013.8.19.0212).<u><\/u><u><\/u><\/span><\/div>\n<div id=\"m_6372236386181599173yui_3_16_0_ym19_1_1502196910966_1309018\"><b id=\"m_6372236386181599173yui_3_16_0_ym19_1_1502196910966_1309019\"><span id=\"m_6372236386181599173yui_3_16_0_ym19_1_1502196910966_1309020\">\u00a0<u><\/u><u><\/u><\/span><\/b><\/div>\n<div id=\"m_6372236386181599173yui_3_16_0_ym19_1_1502196910966_1309022\"><b id=\"m_6372236386181599173yui_3_16_0_ym19_1_1502196910966_1309023\"><span id=\"m_6372236386181599173yui_3_16_0_ym19_1_1502196910966_1309024\">\u00a0\u00a0\u00a0\u00a0\u00a0\u00a0\u00a0\u00a0\u00a0\u00a0\u00a0\u00a0\u00a0\u00a0<u><\/u><u><\/u><\/span><\/b><\/div>\n<div id=\"m_6372236386181599173yui_3_16_0_ym19_1_1502196910966_1309026\"><b id=\"m_6372236386181599173yui_3_16_0_ym19_1_1502196910966_1309027\"><span id=\"m_6372236386181599173yui_3_16_0_ym19_1_1502196910966_1309028\">\u00a0\u00a0\u00a0\u00a0\u00a0\u00a0\u00a0\u00a0\u00a0\u00a0\u00a0\u00a0\u00a0\u00a0\u00a0\u00a0\u00a0\u00a0\u00a0\u00a0\u00a0\u00a0\u00a0\u00a0\u00a0\u00a0\u00a0\u00a0\u00a0\u00a0<u><\/u><u><\/u><\/span><\/b><\/div>\n<div id=\"m_6372236386181599173yui_3_16_0_ym19_1_1502196910966_1308774\" dir=\"ltr\"><b id=\"m_6372236386181599173yui_3_16_0_ym19_1_1502196910966_1309030\"><span id=\"m_6372236386181599173yui_3_16_0_ym19_1_1502196910966_1309031\">AP\u00d3S AS TODAS AS PARTIDAS DO VASC\u00c3O EM MEU PERFIL DO FACEBOOK (QUEM QUISER RECEBER AS CR\u00d4NICAS DE PRIMEIRA M\u00c3O \u00c9 S\u00d3 ME ADICIONAR), E NO SITE WEBVASCO (<a href=\"http:\/\/www.webvasco.com\/\" target=\"_blank\" rel=\"noopener noreferrer\" data-saferedirecturl=\"https:\/\/www.google.com\/url?hl=pt-BR&amp;q=http:\/\/www.webvasco.com&amp;source=gmail&amp;ust=1503422136611000&amp;usg=AFQjCNFUZH5bqAl82a2EiLlajObKDMY_jw\">www.webvasco.com<\/a>), TEM A OPINI\u00c3O DO JORNALISTA LUIZ CARLOS ROCHA. LEIAM! COMPARTILHEM E CURTAM! VASCA\u00cdNOS UNIDOS JAMAIS SER\u00c3O VENCIDOS.<\/span><\/b><\/div>\n","protected":false},"excerpt":{"rendered":"<p>Justamente na Rodada 21 \u2013 que dividido por 3, d\u00e1 7, na qual \u00e9 o&#8230;<\/p>\n","protected":false},"author":7,"featured_media":0,"comment_status":"open","ping_status":"closed","sticky":false,"template":"","format":"standard","meta":{"footnotes":""},"categories":[4],"tags":[],"class_list":["post-8269","post","type-post","status-publish","format-standard","hentry","category-luizcarlosrocha"],"_links":{"self":[{"href":"https:\/\/webvasco.com\/artigos\/wp-json\/wp\/v2\/posts\/8269","targetHints":{"allow":["GET"]}}],"collection":[{"href":"https:\/\/webvasco.com\/artigos\/wp-json\/wp\/v2\/posts"}],"about":[{"href":"https:\/\/webvasco.com\/artigos\/wp-json\/wp\/v2\/types\/post"}],"author":[{"embeddable":true,"href":"https:\/\/webvasco.com\/artigos\/wp-json\/wp\/v2\/users\/7"}],"replies":[{"embeddable":true,"href":"https:\/\/webvasco.com\/artigos\/wp-json\/wp\/v2\/comments?post=8269"}],"version-history":[{"count":1,"href":"https:\/\/webvasco.com\/artigos\/wp-json\/wp\/v2\/posts\/8269\/revisions"}],"predecessor-version":[{"id":8270,"href":"https:\/\/webvasco.com\/artigos\/wp-json\/wp\/v2\/posts\/8269\/revisions\/8270"}],"wp:attachment":[{"href":"https:\/\/webvasco.com\/artigos\/wp-json\/wp\/v2\/media?parent=8269"}],"wp:term":[{"taxonomy":"category","embeddable":true,"href":"https:\/\/webvasco.com\/artigos\/wp-json\/wp\/v2\/categories?post=8269"},{"taxonomy":"post_tag","embeddable":true,"href":"https:\/\/webvasco.com\/artigos\/wp-json\/wp\/v2\/tags?post=8269"}],"curies":[{"name":"wp","href":"https:\/\/api.w.org\/{rel}","templated":true}]}}