{"id":827,"date":"2014-04-21T20:04:38","date_gmt":"2014-04-21T23:04:38","guid":{"rendered":"http:\/\/webvasco.com\/artigos\/?p=827"},"modified":"2014-04-21T20:09:42","modified_gmt":"2014-04-21T23:09:42","slug":"a-hora-de-virar-a-pgina","status":"publish","type":"post","link":"https:\/\/webvasco.com\/artigos\/colunistas\/a-hora-de-virar-a-pgina\/","title":{"rendered":"A hora de virar a p&aacute;gina"},"content":{"rendered":"<div dir=\"ltr\">\n<div>\n<p style=\"margin:0px 0px 10px;padding:0px;border:0px;outline:0px;font-size:15px;vertical-align:baseline;color:rgb(51,51,51);line-height:21px\">N\u00e3o h\u00e1 o que negar que o t\u00e9rmino da semana para o Vasco s\u00f3 n\u00e3o foi pior porque, ao menos, o time n\u00e3o perdeu no jogo de estreia na famigerada S\u00e9rie B, local onde JAMAIS imaginei um dia que veria o Vasco, tampouco JAMAIS imaginaria que tal pesadelo se repetiria algum dia. Mas se repetiu, ent\u00e3o agora o jeito \u00e9 encarar essa LONGA jornada de trinta e oito rodadas, uma verdadeira prociss\u00e3o que, tal como em 2009, parecia que nunca teria fim.<\/p>\n<p><\/p>\n<p style=\"margin:0px 0px 10px;padding:0px;border:0px;outline:0px;font-size:15px;vertical-align:baseline;color:rgb(51,51,51);line-height:21px\">E por que eu escrevi \u201cs\u00f3 n\u00e3o foi pior\u201d? Motivos n\u00e3o faltaram: perda do t\u00edtulo para nosso arquirrival nas condi\u00e7\u00f5es que vimos, na base de \u201cROUBADO \u00c9 MAIS GOSTOSO\u201d segundo o goleiro arquirrival; atua\u00e7\u00e3o abaixo da m\u00e9dia e sofr\u00edvel perante um fraqu\u00edssimo Resende tr\u00eas dias depois, mas dando o devido desconto do furto traum\u00e1tico do t\u00edtulo no jogo anterior; ERRO grosseiro de arbitragem, mais uma vez, nesse mesmo jogo e que depois foi compensado com um p\u00eanalti (claro, para mim, o pux\u00e3o sobre Reginaldo) que MUITOS mecanismos de m\u00eddia o trataram como inexistente aos seus bels prazeres; nesse mesmo jogo o grave problema de sa\u00fade com \u00c9verton Costa que o afastar\u00e1 por bom tempo dos gramados; e por fim, a estreia da forma que foi perante o Am\u00e9rica-MG.<\/p>\n<p><\/p>\n<p style=\"margin:0px 0px 10px;padding:0px;border:0px;outline:0px;font-size:15px;vertical-align:baseline;color:rgb(51,51,51);line-height:21px\">Sobre isso, h\u00e1 estreias e estreias. H\u00e1 cinco anos, a casa estava cheia perante o Brasiliense. A torcida estava apoiando, cantou o tempo todo, compreendeu que aquele per\u00edodo seria passageiro e que n\u00e3o havia d\u00favidas, naquele contexto, que se tratava de um per\u00edodo de reconstru\u00e7\u00e3o, onde a certeza do \u00eaxito estampava ao olhar de todos. A queda havia sido justa um ano anterior e, portanto, nada melhor do que voltar no campo, de forma incontest\u00e1vel.<\/p>\n<p><\/p>\n<p style=\"margin:0px 0px 10px;padding:0px;border:0px;outline:0px;font-size:15px;vertical-align:baseline;color:rgb(51,51,51);line-height:21px\">No s\u00e1bado, n\u00e3o.\u00a0 Est\u00e1dio vazio em virtude de uma INJUSTA puni\u00e7\u00e3o de port\u00f5es fechados imposta pelo STJD; c\u00e2nticos de alguns poucos somente do lado de fora do est\u00e1dio, com direito \u00e0 queima de roj\u00f5es por parte do mesmo grupo abnegado; n\u00e3o h\u00e1 a mesma certeza de que a subida seja t\u00e3o garantida assim (e a julgar pelo futebol praticado no s\u00e1bado, tal d\u00favida \u00e9 perfeitamente justific\u00e1vel); tampouco h\u00e1 a certeza de um cen\u00e1rio de reconstru\u00e7\u00e3o. Ao contr\u00e1rio da ocasi\u00e3o de cinco anos, o come\u00e7o de mandato de Roberto e companhia nos trazia boas esperan\u00e7as por dias melhores. No \u00faltimo s\u00e1bado, o isolamento do mesmo Presidente, abandonado por quem lhe deu apoio um dia (e de forma justa, por culpa tamb\u00e9m sua), assistindo ao jogo sozinho no esvaziado S\u00e3o Janu\u00e1rio foi o retrato fidedigno do que virou o Vasco, hoje.<\/p>\n<p><\/p>\n<p style=\"margin:0px 0px 10px;padding:0px;border:0px;outline:0px;font-size:15px;vertical-align:baseline;color:rgb(51,51,51);line-height:21px\">Para completar, a queda justa pelo que fez sua administra\u00e7\u00e3o em 2013, por\u00e9m injusta no contexto final do campeonato. Vale a lembran\u00e7a de que o Vasco foi V\u00cdTIMA da falta de policiamento para se conduzir uma partida de futebol em oito de dezembro do ano passado. O clube n\u00e3o soube proceder como deveria, e tal neglig\u00eancia se perpetuou quando no ato de sua tentativa de defesa, em que o foco atacado deveria ser os mandantes da partida e o pr\u00f3prio \u00e1rbitro do jogo. Que se feito press\u00e3o sobre o mesmo, poder-se-ia configurar crime de coa\u00e7\u00e3o ao mesmo para que a partida recome\u00e7asse, e com isso a vit\u00f3ria no tribunal viria, tal como nas ocasi\u00f5es da decis\u00e3o da Libertadores Santos vs Pe\u00f1arol em 1962, e nas quartas-de-final Atl\u00e9tico Nacional de Medell\u00edn e o pr\u00f3prio Vasco, em 1990, em que ambas as partidas (por for\u00e7a da m\u00e3o do juiz sobre a s\u00famula) foram anuladas.<\/p>\n<p><\/p>\n<p style=\"margin:0px 0px 10px;padding:0px;border:0px;outline:0px;font-size:15px;vertical-align:baseline;color:rgb(51,51,51);line-height:21px\">Por tudo isso explanado e algo mais que desconfiamos de podre que possa existir nos bastidores de nosso futebol, N\u00c3O CONCORDO com o Vasco nessa S\u00e9rie B, N\u00c3O ACEITO, apesar de N\u00c3O LARGAR a nau. Contudo e de forma bem compreens\u00edvel, sem o mesmo entusiasmo, sem o mesmo olhar no qual tivera quando em nossa primeira passagem por l\u00e1.<\/p>\n<p><\/p>\n<p style=\"margin:0px 0px 10px;padding:0px;border:0px;outline:0px;font-size:15px;vertical-align:baseline;color:rgb(51,51,51);line-height:21px\">E sob um olhar cr\u00edtico ainda maior, pois tal conforme escrevera outrora, provid\u00eancias h\u00e3o de serem tomadas para que a volta possa ser tranquila, ainda que n\u00e3o conceba\u00a0 a hip\u00f3tese de o Vasco n\u00e3o retornar ao final do ano. Provid\u00eancias, no entanto, devem ser tomadas. N\u00e3o pense o Vasco que desfilar\u00e1 livre e formoso por essa competi\u00e7\u00e3o. Primeiro, porque possu\u00edmos um time \u201cna conta do ch\u00e1\u201d para subir. Segundo, porque o fato de ser Vasco provocar\u00e1, com certeza, motiva\u00e7\u00e3o nos advers\u00e1rios, que dar\u00e3o a vida se preciso for em campo contra n\u00f3s. E da\u00ed vai o meu medo da autossufici\u00eancia, pois o fato de n\u00e3o ter um time que meta medo (o time, a camisa, sim) aliado \u00e0 vontade dos advers\u00e1rios de nos vencer poder\u00e1, em caso de desd\u00e9m do Vasco, nos proporcionar fortes emo\u00e7\u00f5es se n\u00e3o tomadas as precau\u00e7\u00f5es necess\u00e1rias.<\/p>\n<p><\/p>\n<p style=\"margin:0px 0px 10px;padding:0px;border:0px;outline:0px;font-size:15px;vertical-align:baseline;color:rgb(51,51,51);line-height:21px\">Enfim, a caminhada est\u00e1 somente come\u00e7ando. Portanto, \u00e9 hora de virar a p\u00e1gina e encararmos a mais esse desafio, tentando esquecer o passado recente e projetando o futuro com foco no retorno.<\/p>\n<p><\/p>\n<p style=\"margin:0px 0px 10px;padding:0px;border:0px;outline:0px;font-size:15px;vertical-align:baseline;color:rgb(51,51,51);line-height:21px\"><strong style=\"margin:0px;padding:0px;border:0px;outline:0px;vertical-align:baseline;color:rgb(68,68,68);font-family:Arial,&#39;Times New Roman&#39;,serif\">Medidas necess\u00e1rias<\/strong><\/p>\n<p><\/p>\n<p style=\"margin:0px 0px 10px;padding:0px;border:0px;outline:0px;font-size:15px;vertical-align:baseline;color:rgb(51,51,51);line-height:21px\">Dando o relativo desconto das aus\u00eancias de jogadores importantes para esse time \u2013 Rodrigo, Gui\u00f1azu, Pedro Ken, \u00c9verton Costa e Edm\u00edlson, l\u00f3gico que esperava bem mais do que o demonstrado. O que me deixa mais preocupado \u00e9 com a falta de qualidade de seus substitutos imediatos e, principalmente, a falta de atitude que um time deveria ter.<\/p>\n<p><\/p>\n<p style=\"margin:0px 0px 10px;padding:0px;border:0px;outline:0px;font-size:15px;vertical-align:baseline;color:rgb(51,51,51);line-height:21px\">O Vasco j\u00e1 passou pela B e sabe que n\u00e3o h\u00e1 \u201cfutebol-arte\u201d algum por l\u00e1, ali\u00e1s, como est\u00e1 dif\u00edcil de encontrar (muito longe disso) nos times da s\u00e9rie A, o que falar do patamar abaixo, ent\u00e3o. A garra, a disposi\u00e7\u00e3o e a atitude de querer ganhar os jogos devem prevalecer. Justamente aquilo que vimos, em especial, nessa \u201creta final\u201d de campeonato carioca e que nos deu esperan\u00e7as de uma passagem bem tranquila e sem sustos por essa competi\u00e7\u00e3o. Simplesmente, no entanto, desapareceu nessa estreia. N\u00e3o atribuo somente \u00e0 aus\u00eancia dos jogadores citados anteriormente essa falta de desejo em ter vencido, pois trata-se de condi\u00e7\u00e3o trivial para qualquer jogador e que deve (ou deveria) ser demonstrado por quem est\u00e1 na supl\u00eancia, no desejo de mostrar servi\u00e7o.<\/p>\n<p><\/p>\n<p style=\"margin:0px 0px 10px;padding:0px;border:0px;outline:0px;font-size:15px;vertical-align:baseline;color:rgb(51,51,51);line-height:21px\">N\u00e3o gosto dessa forma\u00e7\u00e3o covarde de tr\u00eas cabe\u00e7as de \u00e1rea, ainda mais jogando em casa. Sobre isso, j\u00e1 critiquei a Ad\u00edlson em ocasi\u00f5es anteriores. O que noto em Ad\u00edlson \u00e9 muito mais o desejo de jogar dessa forma e, se preciso for, justificar esse desejo em supostas faltas de material humano necess\u00e1rio, ao inv\u00e9s de tentar prosseguir com a forma\u00e7\u00e3o que mais deu certo no time, que foi com os dois falsos pontas abertos e dois cabe\u00e7as de \u00e1rea.<\/p>\n<p><\/p>\n<p style=\"margin:0px 0px 10px;padding:0px;border:0px;outline:0px;font-size:15px;vertical-align:baseline;color:rgb(51,51,51);line-height:21px\">Creio que esse elenco precise de mais dois ou tr\u00eas jogadores. Em especial, para o ataque, de onde perdemos um jogador important\u00edssimo (\u00c9verton Costa) para esse esquema no qual estava dando certo, al\u00e9m de termos op\u00e7\u00f5es de cunho t\u00e9cnico MUITO pobres para esse setor. B\u00e1rbio, Reginaldo, definitivamente, n\u00e3o transmitem confian\u00e7a, portanto, insistir com eles \u00e9 apostar em algo que j\u00e1 vimos que n\u00e3o deu certo. Logo, colocar em risco uma vaga que parece ser bem tranquila.<\/p>\n<p><\/p>\n<p style=\"margin:0px 0px 10px;padding:0px;border:0px;outline:0px;font-size:15px;vertical-align:baseline;color:rgb(51,51,51);line-height:21px\">Na defesa, n\u00e3o h\u00e1 o que mexer. Inegavelmente, possu\u00edmos um dos melhores setores defensivos do Brasil, e se os laterais ainda deixam a desejar, o jeito \u00e9 apostar no resguardo desse setor do time e, pelo menos, em suas efici\u00eancias para garantir a retaguarda, fortalecendo ao setor ofensivo.<\/p>\n<p><\/p>\n<p style=\"margin:0px 0px 10px;padding:0px;border:0px;outline:0px;font-size:15px;vertical-align:baseline;color:rgb(51,51,51);line-height:21px\">Tudo isso, l\u00f3gico, s\u00f3 ganha sentido pr\u00e1tico se acrescentado o mesmo desejo de vit\u00f3ria e valentia mostrado pelo grupo quando na fase final do \u201cFFERJ\u00e3o\u201d (cr\u00e9ditos dados ao companheiro Jo\u00e3o V\u00edtor Carvalho) de Rubinho e seus pares.<\/p>\n<p><\/p>\n<p style=\"margin:0px 0px 10px;padding:0px;border:0px;outline:0px;font-size:15px;vertical-align:baseline;color:rgb(51,51,51);line-height:21px\"><strong style=\"margin:0px;padding:0px;border:0px;outline:0px;vertical-align:baseline;color:rgb(68,68,68);font-family:Arial,&#39;Times New Roman&#39;,serif\">Vinte anos de saudades<\/strong><\/p>\n<p><\/p>\n<p style=\"margin:0px 0px 10px;padding:0px;border:0px;outline:0px;font-size:15px;vertical-align:baseline;color:rgb(51,51,51);line-height:21px\">Ter\u00e7a-feira, manh\u00e3 de dezenove de abril de 1994. Acordava com a seguinte afirma\u00e7\u00e3o de minha m\u00e3e: \u201cO Dener morreu!\u201d. Minha rea\u00e7\u00e3o imediata, de bate-pronto, foi o seguinte grito: \u201cN\u00e3o, m\u00e3e! N\u00e3o!\u201d. Ainda despertando, torcia para que aquilo tudo n\u00e3o passasse de um pesadelo, ou ainda, de um ledo engano de minha m\u00e3e&#8230;<\/p>\n<p><\/p>\n<p style=\"margin:0px 0px 10px;padding:0px;border:0px;outline:0px;font-size:15px;vertical-align:baseline;color:rgb(51,51,51);line-height:21px\">Mas, infelizmente, n\u00e3o era! Do r\u00e1dio, o rep\u00f3rter que cobria o dia-a-dia do Vasco na \u00e9poca na R\u00e1dio Globo, Jo\u00e3o Ferreira, dava a not\u00edcia em detalhes. E ainda que o Vasco viesse a ser campe\u00e3o, quase um m\u00eas depois, ficou a saudade de uma joia preciosa que n\u00e3o somente o Vasco, mas o futebol brasileiro, perdera naquele dia. Retrato do futebol moleque, do que havia de melhor em nosso futebol, nos tempos em que n\u00e3o havia tanta \u201cetiqueta\u201d a ser seguida e, com isso, o pr\u00f3prio profissional era mais espont\u00e2neo, e o futebol, mais atraente para todos.<\/p>\n<p><\/p>\n<p style=\"margin:0px 0px 10px;padding:0px;border:0px;outline:0px;font-size:15px;vertical-align:baseline;color:rgb(51,51,51);line-height:21px\">Decorridas duas d\u00e9cadas, lamento MUITO que o Vasco ainda seja r\u00e9u em uma a\u00e7\u00e3o movida pela fam\u00edlia do ex-atleta, por sinal mais uma v\u00edtima da \u201cpol\u00edtica do calote\u201d promovida por quem restou da gest\u00e3o Roberto e de seus pares. E contra uma fam\u00edlia humilde, onde julgo necessitar MUITO desses proventos. Repercute, mais uma vez, de forma torpe a imagem de um clube, soberano em suas a\u00e7\u00f5es de defesa aos menos favorecidos, tal como a fam\u00edlia de Dener sem seu ente querido.\u00a0<\/p>\n<p><\/p>\n<p style=\"margin:0px 0px 10px;padding:0px;border:0px;outline:0px;font-size:15px;vertical-align:baseline;color:rgb(51,51,51);line-height:21px\"><strong style=\"margin:0px;padding:0px;border:0px;outline:0px;vertical-align:baseline;color:rgb(68,68,68);font-family:Arial,&#39;Times New Roman&#39;,serif\">\u201cToques finais\u201d<\/strong><\/p>\n<p><\/p>\n<p style=\"margin:0px 0px 10px;padding:0px;border:0px;outline:0px;font-size:15px;vertical-align:baseline;color:rgb(51,51,51);line-height:21px\">1\u00ba) Carlos Alberto na justi\u00e7a contra o Vasco. Adivinhem quem \u00e9 a advogada que est\u00e1 movendo a causa, segundo o caderno de esportes do jornal Extra de hoje? A mesma que (mal) defendeu o Vasco quando no julgamento contra o Atl\u00e9tico-PR ao final do ano passado e que, h\u00e1 uma semana, prestava ainda servi\u00e7os ao clube!<\/p>\n<p><\/p>\n<p style=\"margin:0px 0px 10px;padding:0px;border:0px;outline:0px;font-size:15px;vertical-align:baseline;color:rgb(51,51,51);line-height:21px\">2\u00ba) Todas as manifesta\u00e7\u00f5es da diretoria do Vasco ap\u00f3s tudo o que aconteceu na final do \u201cFFERJ\u00e3o\u201d s\u00e3o v\u00e1lidas para mostrar servi\u00e7o, mesmo que de forma tardia em SEIS ANOS de gest\u00e3o. E ainda que n\u00e3o haja \u201cefeito pr\u00e1tico\u201d, tal como questionado pelo Presidente do Conselho de Benem\u00e9ritos de nosso clube durante a reuni\u00e3o do Conselho Deliberativo na \u00faltima semana, a melhor resposta que ouvi nesse mesmo v\u00eddeo gravado \u00e9 o que vale, para mim: \u201cPorrada neles!\u201d (n\u00e3o no sentido da viol\u00eancia, e sim, no sentido de rea\u00e7\u00e3o e defesa de nossa hist\u00f3ria, de nosso clube);<\/p>\n<p><\/p>\n<p style=\"margin:0px 0px 10px;padding:0px;border:0px;outline:0px;font-size:15px;vertical-align:baseline;color:rgb(51,51,51);line-height:21px\">3\u00ba) Sobre essa reuni\u00e3o, h\u00e1 de se destacar a emenda aprovada por unanimidade que pro\u00edbe mais de uma reelei\u00e7\u00e3o \u00e0 Presid\u00eancia. Ainda que MUITO pouco, vejo que nessa aprova\u00e7\u00e3o, o Vasco avan\u00e7ou em algo;<\/p>\n<p><\/p>\n<p style=\"margin:0px 0px 10px;padding:0px;border:0px;outline:0px;font-size:15px;vertical-align:baseline;color:rgb(51,51,51);line-height:21px\">4\u00ba) Parab\u00e9ns a S\u00e3o Janu\u00e1rio! Tal como seu dono, o est\u00e1dio com mais hist\u00f3ria do mundo! Constru\u00eddo na \u00e9poca em que o Vasco era brigador de seus direitos, e sem um centavo dos bilh\u00f5es de dinheiro p\u00fablico gastos nas obras de tantas \u201carenas\u201d para uma competi\u00e7\u00e3o de trinta dias somente!<\/p>\n<p>\n<\/div>\n<p>\n<\/div>\n<p><\/p>\n","protected":false},"excerpt":{"rendered":"<p>N\u00e3o h\u00e1 o que negar que o t\u00e9rmino da semana para o Vasco s\u00f3 n\u00e3o&#8230;<\/p>\n","protected":false},"author":12,"featured_media":341,"comment_status":"open","ping_status":"closed","sticky":false,"template":"","format":"standard","meta":{"footnotes":""},"categories":[3],"tags":[],"class_list":["post-827","post","type-post","status-publish","format-standard","has-post-thumbnail","hentry","category-colunistas"],"_links":{"self":[{"href":"https:\/\/webvasco.com\/artigos\/wp-json\/wp\/v2\/posts\/827","targetHints":{"allow":["GET"]}}],"collection":[{"href":"https:\/\/webvasco.com\/artigos\/wp-json\/wp\/v2\/posts"}],"about":[{"href":"https:\/\/webvasco.com\/artigos\/wp-json\/wp\/v2\/types\/post"}],"author":[{"embeddable":true,"href":"https:\/\/webvasco.com\/artigos\/wp-json\/wp\/v2\/users\/12"}],"replies":[{"embeddable":true,"href":"https:\/\/webvasco.com\/artigos\/wp-json\/wp\/v2\/comments?post=827"}],"version-history":[{"count":0,"href":"https:\/\/webvasco.com\/artigos\/wp-json\/wp\/v2\/posts\/827\/revisions"}],"wp:featuredmedia":[{"embeddable":true,"href":"https:\/\/webvasco.com\/artigos\/wp-json\/wp\/v2\/media\/341"}],"wp:attachment":[{"href":"https:\/\/webvasco.com\/artigos\/wp-json\/wp\/v2\/media?parent=827"}],"wp:term":[{"taxonomy":"category","embeddable":true,"href":"https:\/\/webvasco.com\/artigos\/wp-json\/wp\/v2\/categories?post=827"},{"taxonomy":"post_tag","embeddable":true,"href":"https:\/\/webvasco.com\/artigos\/wp-json\/wp\/v2\/tags?post=827"}],"curies":[{"name":"wp","href":"https:\/\/api.w.org\/{rel}","templated":true}]}}