{"id":8271,"date":"2017-08-27T12:57:52","date_gmt":"2017-08-27T15:57:52","guid":{"rendered":"http:\/\/webvasco.com\/artigos\/?p=8271"},"modified":"2017-08-27T12:58:10","modified_gmt":"2017-08-27T15:58:10","slug":"lei-maria-da-penha-2","status":"publish","type":"post","link":"https:\/\/webvasco.com\/artigos\/colunistas\/luizcarlosrocha\/lei-maria-da-penha-2\/","title":{"rendered":"LEI MARIA DA PENHA !"},"content":{"rendered":"<div id=\"m_-4018997404406506978yui_3_16_0_ym19_1_1503413466342_394102\"><span id=\"m_-4018997404406506978yui_3_16_0_ym19_1_1503413466342_394103\">\u00a0 \u00a0\u00a0\u00a0\u00a0\u00a0\u00a0Certamente a Lei 11.340\/2006, popularmente conhecida como Lei Maria da Penha (aquela que repudia a viol\u00eancia dom\u00e9stica contra a mulher) pode definir o t\u00edtulo desta cr\u00f4nica. Afinal, o Mach\u00e3o da Gama espancou uma fr\u00e1gil Virgenzinha (das Am\u00e9ricas, time pequeno n\u00e3o tem Libertadores), em pleno Maracan\u00e3, hoje, diante da \u201cPequenininha\u201d que leva porrada e cabe dentro de um Fusquinha (com mando de campo colocaram a carga m\u00e1xima, apenas 19.826 pagantes, pois este n\u00famero mostra que nenhum torcedor ficou de fora). O cruel Ramon fez o gol da partida.<u><\/u><u><\/u><\/span><\/div>\n<div id=\"m_-4018997404406506978yui_3_16_0_ym19_1_1503413466342_394105\"><span id=\"m_-4018997404406506978yui_3_16_0_ym19_1_1503413466342_394106\">\u00a0\u00a0\u00a0 Torcer para o FlorminenC \u00e9 um ato de loucura. Mas acreditar que um clube que chegou ao fundo do po\u00e7o, a S\u00e9rie C, e passou vergonhosamente dela para a Primeira Divis\u00e3o em uma das muitas viradas de mesa (fora as de munheca) \u00e9 chilique mesmo! Ademais, os torcedores ainda acreditam mesmo que o clube foi campe\u00e3o brasileiro quatro vezes, balela pura! O Brasileir\u00e3o come\u00e7ou em 1971, com o Galo sagrando-se campe\u00e3o. Logo essa lorota de t\u00edtulos antes deste brilhante ano n\u00e3o vale de nada.<u><\/u><u><\/u><\/span><\/div>\n<div id=\"m_-4018997404406506978yui_3_16_0_ym19_1_1503413466342_394108\"><span id=\"m_-4018997404406506978yui_3_16_0_ym19_1_1503413466342_394109\">\u00a0\u00a0\u00a0 Muito embora usando o tapet\u00e3o diversas vezes no decorrer da competi\u00e7\u00e3o, conseguiu, s\u00f3 Deus sabe como, ali\u00e1s, s\u00f3 o Criador e o STJD, mas levou o caneco em 1984. Em 2010 e 2012 devia (desde o ano 2000) a Segunda Divis\u00e3o. Portanto, como penetra n\u00e3o pode ser detentor de t\u00edtulos. Fosse uma Confedera\u00e7\u00e3o s\u00e9ria, a CBF jamais permitiria uma disputa desta natureza, que dir\u00e1 pelejar pelo primeiro lugar. Muito menos ficar com a Ta\u00e7a. Logo, o FlorminenC \u00e9 no m\u00e1ximo uma vez vencedor de uma das edi\u00e7\u00f5es do Campeonato Brasileiro!<u><\/u><u><\/u><\/span><\/div>\n<div id=\"m_-4018997404406506978yui_3_16_0_ym19_1_1503413466342_394111\"><span id=\"m_-4018997404406506978yui_3_16_0_ym19_1_1503413466342_394112\">\u00a0\u00a0\u00a0 Diferente do Vasco da Gama, que de fato e de direito sagrou-se campe\u00e3o nos anos de 1974, 1989, 1997 e 2000. Que \u00e9 duas vezes campe\u00e3o da Am\u00e9rica, em 1948 de forma invicta, e 1998 no ano do Centen\u00e1rio. Fora tantas outras not\u00f3rias diferen\u00e7as.<u><\/u><u><\/u><\/span><\/div>\n<div id=\"m_-4018997404406506978yui_3_16_0_ym19_1_1503413466342_394114\"><span id=\"m_-4018997404406506978yui_3_16_0_ym19_1_1503413466342_394115\">\u00a0\u00a0\u00a0 Mas voltando ao devaneio tricolete, em plena Rodada 22 (n\u00famero que representa o louco, na g\u00edria popular) do Brasileir\u00e3o, o Flor n\u00e3o s\u00f3 perdeu para o Vasc\u00e3o, com um gola\u00e7o do lateral Ramon, mas tamb\u00e9m abortou a chance de entrar para o G6 (sem sentido, n\u00e3o vai ganhar a Libertadores mesmo, para que disputar?), e tamb\u00e9m perdeu a virgindade, digo, o lacre de 4 partidas de invencibilidade.<u><\/u><u><\/u><\/span><\/div>\n<div id=\"m_-4018997404406506978yui_3_16_0_ym19_1_1503413466342_394117\"><span id=\"m_-4018997404406506978yui_3_16_0_ym19_1_1503413466342_394118\">\u00a0\u00a0\u00a0 No primeiro turno, em S\u00e3o Janu\u00e1rio, uma cl\u00e1ssica virada, por 3 a 2, provando que o Vasco \u00e9 o time da virada e do amor. Hoje, no palco maior do futebol (porque Laranjocas \u00e9 um lixo, n\u00e3o pode ter disputas oficiais), mesmo com aquela frescura do lado da torcida (jamais a P\u00f3 de Arroz ser\u00e1 a Imensa Torcida Bem Feliz) o resultado n\u00e3o foi diferente do esperado: Vit\u00f3ria Cruzmaltina!<u><\/u><u><\/u><\/span><\/div>\n<div id=\"m_-4018997404406506978yui_3_16_0_ym19_1_1503413466342_394120\"><span id=\"m_-4018997404406506978yui_3_16_0_ym19_1_1503413466342_394121\">\u00a0\u00a0\u00a0\u00a0 Ainda no quesito aragem, o time de Abel Braga, s\u00f3 d\u00e1 motivos para ser sacaneado pelos advers\u00e1rios. Na lateral esquerda, o bafejo era ao L\u00e9o. O camisa 9, Henrique poderia ter qualquer cor, mas t\u00eam Dourado para ter glamour, brilhar, bailar&#8230; Ceifador? Claro que n\u00e3o. A m\u00e3o no pesco\u00e7o \u00e9 em alus\u00e3o ao Seu Peru, personagem de Orlando Drummond, na Escolinha do Professor Raimundo, da TV Globo. Mostrando que ele est\u00e1 \u201cpor aqui\u201d<u><\/u><u><\/u><\/span><\/div>\n<div id=\"m_-4018997404406506978yui_3_16_0_ym19_1_1503413466342_394123\"><span id=\"m_-4018997404406506978yui_3_16_0_ym19_1_1503413466342_394124\">\u00a0\u00a0\u00a0 O atacante Peu estaria ele faltando uma letra no nome? \u00a0Atacar com Oruela (Orejuela) n\u00e3o deve ser uma miss\u00e3o muito prazerosa. Mas a cara do FlormimenC moderno, do mimimi \u00e9 o meia Soumo\u00e7a (Sornoza), que hoje estava sentado, no banco \u00e9 claro, n\u00e3o dando, o ar da gra\u00e7a em campo. Tem tamb\u00e9m um dos patrocinadores, a FRESCAtto estampando a logomarca no uniforme.<u><\/u><u><\/u><\/span><\/div>\n<div id=\"m_-4018997404406506978yui_3_16_0_ym19_1_1503413466342_394126\"><span id=\"m_-4018997404406506978yui_3_16_0_ym19_1_1503413466342_394127\">\u00a0\u00a0\u00a0 \u00c9 tanto vacilo na quest\u00e3o da brincadeira dos advers\u00e1rios com o Fluminense, que nem o Gustavo Scarpa. Mas certamente o Renato t\u00eam as Chaves para desvendar o motivo e aonde tudo isso come\u00e7ou. Enquanto n\u00e3o chega este dia, a escrita continua, o fregu\u00eas \u00e9 o mesmo, a zueira n\u00e3o muda e o Vasco da Gama vai triunfando! O pr\u00f3ximo desafio \u2013 j\u00e1 com o novo treinador Z\u00e9 Roberto \u2013 do time de S\u00e3o Janu\u00e1rio, ser\u00e1 dia 10 de setembro, \u00e0s 16h, contra o Gr\u00eamio (vice-l\u00edder), em local a ser definido. Enquanto isso a massa vasca\u00edna vai curtindo os tr\u00eas pontos ganhos hoje e a ascens\u00e3o do 14\u00ba para o 10\u00ba lugar, na tabela de classifica\u00e7\u00e3o da competi\u00e7\u00e3o. Avente Vasc\u00e3o!<u><\/u><u><\/u><\/span><\/div>\n<div id=\"m_-4018997404406506978yui_3_16_0_ym19_1_1503413466342_394129\"><span id=\"m_-4018997404406506978yui_3_16_0_ym19_1_1503413466342_394130\"><u><\/u>\u00a0<u><\/u><\/span><\/div>\n<div id=\"m_-4018997404406506978yui_3_16_0_ym19_1_1503413466342_394132\"><span id=\"m_-4018997404406506978yui_3_16_0_ym19_1_1503413466342_394133\"><u><\/u>\u00a0<u><\/u><\/span><\/div>\n<div id=\"m_-4018997404406506978yui_3_16_0_ym19_1_1503413466342_394135\"><span id=\"m_-4018997404406506978yui_3_16_0_ym19_1_1503413466342_394136\"><u><\/u>\u00a0<u><\/u><\/span><\/div>\n<div id=\"m_-4018997404406506978yui_3_16_0_ym19_1_1503413466342_394138\"><span id=\"m_-4018997404406506978yui_3_16_0_ym19_1_1503413466342_394139\"><u><\/u>\u00a0<u><\/u><\/span><\/div>\n<div id=\"m_-4018997404406506978yui_3_16_0_ym19_1_1503413466342_394141\"><b id=\"m_-4018997404406506978yui_3_16_0_ym19_1_1503413466342_394142\"><u id=\"m_-4018997404406506978yui_3_16_0_ym19_1_1503413466342_394143\"><span id=\"m_-4018997404406506978yui_3_16_0_ym19_1_1503413466342_394144\">VERGONHA (MAIS DE 4 ANOS!):<u><\/u><u><\/u><\/span><\/u><\/b><\/div>\n<div id=\"m_-4018997404406506978yui_3_16_0_ym19_1_1503413466342_394146\"><span id=\"m_-4018997404406506978yui_3_16_0_ym19_1_1503413466342_394147\">DEPOIS DE AGUARDAR\u00a0<b id=\"m_-4018997404406506978yui_3_16_0_ym19_1_1503413466342_394148\">\u00a050 MESES, OU SEJA, 4 ANOS E 2 MESES!\u00a0 (CARRO DESDE 10 DE JUNHO DE 2013)<\/b>\u00a0COM O CARRO PRESO NA OFICINA DA ABOLI\u00c7\u00c3O VE\u00cdCULOS COM APENAS 729 KM RODADOS, EM UM PROCESSO COM 8 VOLUMES, NA 1\u00aa VARA CIVEL, DA COMARCA DE NITER\u00d3I\/RJ, REGIONAL OCE\u00c2NICA, A SENTEN\u00c7A FOI INDEFERIR TODOS OS MEUS PEDIDOS E AINDA CONDENAR EM 10% DE CUSTAS JUDICIAIS. OU SEJA, FIQUEI SEM CARRO ESSE TEMPO TODO (MESMO PAGANDO \u00c0 VISTA POR ELE), JUNTEI PROVAS COMO REGISTRO DE OCORR\u00caNCIA DA POL\u00cdCIA CIVIL\/RJ, BOLETIM DE OCORR\u00caNCIA DA POLICIA MILITAR\/RJ, ORDENS DE SERVI\u00c7O, MAIS DE 600 FOTOGRAFIAS, MAIS DE 40 \u00c1UDIOS, NOTAS FISCAIS, NOTAS DE T\u00c1XI, PRONTU\u00c1RIOS M\u00c9DICOS, POIS NESTE PER\u00cdODO TIVE PROBLEMAS DE SA\u00daDE, BEM COMO MEUS FAMILIARES, TENDO UMA FILHA QUE HOJE TEM APENAS 5 ANOS, NA \u00c9POCA POUCO MAIS DE 1 ANINHO. VALE LEMBRAR, QUE OS PRIMEIROS DEFEITOS SE DERAM QUANDO O CARRO TINHA MENOS DE 30 KM RODADOS. TUDO ISSO PARA NADA. QUEM GOSTOU DO RESULTADO DA DOUTA MAGRISTRADA FORAM AS EMPRESAS R\u00c9S \u2013 QUE ME LESARAM \u2013 ABOLI\u00c7\u00c3O VE\u00cdCULOS E VW DO BRASIL (PROCESSO: No 0016370-44.2013.8.19.0212).<u><\/u><u><\/u><\/span><\/div>\n<div id=\"m_-4018997404406506978yui_3_16_0_ym19_1_1503413466342_394150\"><b id=\"m_-4018997404406506978yui_3_16_0_ym19_1_1503413466342_394151\"><span id=\"m_-4018997404406506978yui_3_16_0_ym19_1_1503413466342_394152\">\u00a0<u><\/u><u><\/u><\/span><\/b><\/div>\n<div id=\"m_-4018997404406506978yui_3_16_0_ym19_1_1503413466342_394154\"><b id=\"m_-4018997404406506978yui_3_16_0_ym19_1_1503413466342_394155\"><span id=\"m_-4018997404406506978yui_3_16_0_ym19_1_1503413466342_394156\">\u00a0\u00a0\u00a0\u00a0\u00a0\u00a0\u00a0\u00a0\u00a0\u00a0\u00a0\u00a0\u00a0\u00a0<u><\/u><u><\/u><\/span><\/b><\/div>\n<div id=\"m_-4018997404406506978yui_3_16_0_ym19_1_1503413466342_394158\"><b id=\"m_-4018997404406506978yui_3_16_0_ym19_1_1503413466342_394159\"><span id=\"m_-4018997404406506978yui_3_16_0_ym19_1_1503413466342_394160\">\u00a0\u00a0\u00a0\u00a0\u00a0\u00a0\u00a0\u00a0\u00a0\u00a0\u00a0\u00a0\u00a0\u00a0\u00a0\u00a0\u00a0\u00a0\u00a0\u00a0\u00a0\u00a0\u00a0\u00a0\u00a0\u00a0\u00a0\u00a0\u00a0\u00a0<u><\/u><u><\/u><\/span><\/b><\/div>\n<div id=\"m_-4018997404406506978yui_3_16_0_ym19_1_1503413466342_392278\"><\/div>\n<div id=\"m_-4018997404406506978yui_3_16_0_ym19_1_1503413466342_394162\" dir=\"ltr\"><b id=\"m_-4018997404406506978yui_3_16_0_ym19_1_1503413466342_394163\"><span id=\"m_-4018997404406506978yui_3_16_0_ym19_1_1503413466342_394164\">AP\u00d3S AS TODAS AS PARTIDAS DO VASC\u00c3O EM MEU PERFIL DO FACEBOOK (QUEM QUISER RECEBER AS CR\u00d4NICAS DE PRIMEIRA M\u00c3O \u00c9 S\u00d3 ME ADICIONAR), E NO SITE WEBVASCO (<a href=\"http:\/\/www.webvasco.com\/\" target=\"_blank\" rel=\"noopener noreferrer\" data-saferedirecturl=\"https:\/\/www.google.com\/url?hl=pt-BR&amp;q=http:\/\/www.webvasco.com&amp;source=gmail&amp;ust=1503935730498000&amp;usg=AFQjCNGO0DHjcRphEghMb7AzNdyRbSxv2Q\">www.webvasco.com<\/a>), TEM A OPINI\u00c3O DO JORNALISTA LUIZ CARLOS ROCHA. LEIAM! COMPARTILHEM E CURTAM! VASCA\u00cdNOS UNIDOS JAMAIS SER\u00c3O VENCIDOS.<\/span><\/b><\/div>\n","protected":false},"excerpt":{"rendered":"<p>\u00a0 \u00a0\u00a0\u00a0\u00a0\u00a0\u00a0Certamente a Lei 11.340\/2006, popularmente conhecida como Lei Maria da Penha (aquela que repudia&#8230;<\/p>\n","protected":false},"author":7,"featured_media":0,"comment_status":"open","ping_status":"closed","sticky":false,"template":"","format":"standard","meta":{"footnotes":""},"categories":[4],"tags":[],"class_list":["post-8271","post","type-post","status-publish","format-standard","hentry","category-luizcarlosrocha"],"_links":{"self":[{"href":"https:\/\/webvasco.com\/artigos\/wp-json\/wp\/v2\/posts\/8271","targetHints":{"allow":["GET"]}}],"collection":[{"href":"https:\/\/webvasco.com\/artigos\/wp-json\/wp\/v2\/posts"}],"about":[{"href":"https:\/\/webvasco.com\/artigos\/wp-json\/wp\/v2\/types\/post"}],"author":[{"embeddable":true,"href":"https:\/\/webvasco.com\/artigos\/wp-json\/wp\/v2\/users\/7"}],"replies":[{"embeddable":true,"href":"https:\/\/webvasco.com\/artigos\/wp-json\/wp\/v2\/comments?post=8271"}],"version-history":[{"count":1,"href":"https:\/\/webvasco.com\/artigos\/wp-json\/wp\/v2\/posts\/8271\/revisions"}],"predecessor-version":[{"id":8272,"href":"https:\/\/webvasco.com\/artigos\/wp-json\/wp\/v2\/posts\/8271\/revisions\/8272"}],"wp:attachment":[{"href":"https:\/\/webvasco.com\/artigos\/wp-json\/wp\/v2\/media?parent=8271"}],"wp:term":[{"taxonomy":"category","embeddable":true,"href":"https:\/\/webvasco.com\/artigos\/wp-json\/wp\/v2\/categories?post=8271"},{"taxonomy":"post_tag","embeddable":true,"href":"https:\/\/webvasco.com\/artigos\/wp-json\/wp\/v2\/tags?post=8271"}],"curies":[{"name":"wp","href":"https:\/\/api.w.org\/{rel}","templated":true}]}}