{"id":8274,"date":"2017-08-31T20:47:10","date_gmt":"2017-08-31T23:47:10","guid":{"rendered":"http:\/\/webvasco.com\/artigos\/?p=8274"},"modified":"2017-08-31T20:59:40","modified_gmt":"2017-08-31T23:59:40","slug":"elas-o-professor-patricia-damasceno","status":"publish","type":"post","link":"https:\/\/webvasco.com\/artigos\/temas\/elas-e-o-professor\/elas-o-professor-patricia-damasceno\/","title":{"rendered":"ELAS &#038; O PROFESSOR &#8211; PATRICIA DAMASCENO"},"content":{"rendered":"<div id=\"m_10680444645324093yui_3_16_0_ym19_1_1504064101103_181875\"><span id=\"m_10680444645324093yui_3_16_0_ym19_1_1504064101103_181876\">A entrevista de agosto de 2017, com a linda Patr\u00edcia Damasceno \u00e9 dedicada \u00e0 estrela da minha vida: \u00darsulla Rocha.<u><\/u><u><\/u><\/span><\/div>\n<div id=\"m_10680444645324093yui_3_16_0_ym19_1_1504064101103_181878\"><span id=\"m_10680444645324093yui_3_16_0_ym19_1_1504064101103_181879\"><u><\/u>\u00a0<u><\/u><\/span><\/div>\n<div id=\"m_10680444645324093yui_3_16_0_ym19_1_1504064101103_181881\"><span id=\"m_10680444645324093yui_3_16_0_ym19_1_1504064101103_181882\"><u><\/u>\u00a0<u><\/u><\/span><\/div>\n<div id=\"m_10680444645324093yui_3_16_0_ym19_1_1504064101103_181884\"><span id=\"m_10680444645324093yui_3_16_0_ym19_1_1504064101103_181885\"><b id=\"m_10680444645324093yui_3_16_0_ym19_1_1504064101103_181886\">PATR\u00cdCIA DAMASCENO SANTA RITA DE VARGAS<\/b>, casada, 33 anos, subgerente de vendas da Mr. Cat, do signo de \u00e1ries, m\u00e3e da gatinha Gabriela (13 anos), moradora do Munic\u00edpio de Duque de Caxias\/RJ, apaixonada pela Escola de Samba Grande Rio, mas ama mesmo o Vasco da Gama. De fam\u00edlia tradicionalmente vasca\u00edna. Come\u00e7ou por seu av\u00f4, passou por seu genitor e chegou ao cora\u00e7\u00e3o da Pat tal sentimento que n\u00e3o pode parar. Relatou que al\u00e9m da parentada, em seu ambiente laborativo tamb\u00e9m predomina a torcida cruzmaltina.<u><\/u><u><\/u><\/span><\/div>\n<div id=\"m_10680444645324093yui_3_16_0_ym19_1_1504064101103_181888\"><span id=\"m_10680444645324093yui_3_16_0_ym19_1_1504064101103_181889\"><u><\/u>\u00a0<u><\/u><\/span><\/div>\n<div id=\"m_10680444645324093yui_3_16_0_ym19_1_1504064101103_181891\"><span id=\"m_10680444645324093yui_3_16_0_ym19_1_1504064101103_181892\">\u00a0<u><\/u><u><\/u><\/span><\/div>\n<div id=\"m_10680444645324093yui_3_16_0_ym19_1_1504064101103_181894\"><span id=\"m_10680444645324093yui_3_16_0_ym19_1_1504064101103_181895\"><b id=\"m_10680444645324093yui_3_16_0_ym19_1_1504064101103_181896\">Ganhar uma partida do Fluminense \u00e9 uma rotina?<u><\/u><u><\/u><\/b><\/span><\/div>\n<div id=\"m_10680444645324093yui_3_16_0_ym19_1_1504064101103_181898\"><span id=\"m_10680444645324093yui_3_16_0_ym19_1_1504064101103_181899\">\u00c9. Com certeza (sorriu).<u><\/u><u><\/u><\/span><\/div>\n<div id=\"m_10680444645324093yui_3_16_0_ym19_1_1504064101103_181901\"><span id=\"m_10680444645324093yui_3_16_0_ym19_1_1504064101103_181902\">\u00a0<u><\/u><u><\/u><\/span><\/div>\n<div id=\"m_10680444645324093yui_3_16_0_ym19_1_1504064101103_181904\"><span id=\"m_10680444645324093yui_3_16_0_ym19_1_1504064101103_181905\"><b id=\"m_10680444645324093yui_3_16_0_ym19_1_1504064101103_181906\">O clube das Laranjeiras \u00e9 um advers\u00e1rio \u00e0 altura do Gigante da Colina?<u><\/u><u><\/u><\/b><\/span><\/div>\n<div id=\"m_10680444645324093yui_3_16_0_ym19_1_1504064101103_181908\"><span id=\"m_10680444645324093yui_3_16_0_ym19_1_1504064101103_181909\">Acredito que sim. N\u00e3o podemos desdenhar o advers\u00e1rio (disparou em tom de \u00e9tica e disciplina).<u><\/u><u><\/u><\/span><\/div>\n<div id=\"m_10680444645324093yui_3_16_0_ym19_1_1504064101103_181911\"><span id=\"m_10680444645324093yui_3_16_0_ym19_1_1504064101103_181912\">\u00a0<u><\/u><u><\/u><\/span><\/div>\n<div id=\"m_10680444645324093yui_3_16_0_ym19_1_1504064101103_181914\"><span id=\"m_10680444645324093yui_3_16_0_ym19_1_1504064101103_181915\"><b id=\"m_10680444645324093yui_3_16_0_ym19_1_1504064101103_181916\">A postura do time de forma ofensiva, contra o Tricolor, mostra que o elenco queria derrubar o treinador Milton Mendes? \u00a0\u00a0\u00a0<u><\/u><u><\/u><\/b><\/span><\/div>\n<div id=\"m_10680444645324093yui_3_16_0_ym19_1_1504064101103_181918\"><span id=\"m_10680444645324093yui_3_16_0_ym19_1_1504064101103_181919\">Acho que n\u00e3o, pois o time n\u00e3o se prejudicaria (comentou em refer\u00eancia aos supostos pontos perdidos de forma dolosa).<u><\/u><u><\/u><\/span><\/div>\n<div id=\"m_10680444645324093yui_3_16_0_ym19_1_1504064101103_181921\"><span id=\"m_10680444645324093yui_3_16_0_ym19_1_1504064101103_181922\"><u><\/u>\u00a0<u><\/u><\/span><\/div>\n<div id=\"m_10680444645324093yui_3_16_0_ym19_1_1504064101103_181924\"><span id=\"m_10680444645324093yui_3_16_0_ym19_1_1504064101103_181925\"><b id=\"m_10680444645324093yui_3_16_0_ym19_1_1504064101103_181926\">Z\u00e9 Ricardo \u00e9 melhor do que Milton Mendes? \u00a0<\/b><u><\/u><u><\/u><\/span><\/div>\n<div id=\"m_10680444645324093yui_3_16_0_ym19_1_1504064101103_181928\"><span id=\"m_10680444645324093yui_3_16_0_ym19_1_1504064101103_181929\">Meu marido disse que sim.<u><\/u><u><\/u><\/span><\/div>\n<div id=\"m_10680444645324093yui_3_16_0_ym19_1_1504064101103_181931\"><span id=\"m_10680444645324093yui_3_16_0_ym19_1_1504064101103_181932\">\u00a0<u><\/u><u><\/u><\/span><\/div>\n<div id=\"m_10680444645324093yui_3_16_0_ym19_1_1504064101103_181934\"><span id=\"m_10680444645324093yui_3_16_0_ym19_1_1504064101103_181935\"><b id=\"m_10680444645324093yui_3_16_0_ym19_1_1504064101103_181936\">Voc\u00ea discute futebol em fam\u00edlia?<u><\/u><u><\/u><\/b><\/span><\/div>\n<div id=\"m_10680444645324093yui_3_16_0_ym19_1_1504064101103_181938\"><span id=\"m_10680444645324093yui_3_16_0_ym19_1_1504064101103_181939\">Discuto, mas s\u00f3 o que eu sei. \u00a0<u><\/u><u><\/u><\/span><\/div>\n<div id=\"m_10680444645324093yui_3_16_0_ym19_1_1504064101103_181941\"><span id=\"m_10680444645324093yui_3_16_0_ym19_1_1504064101103_181942\">\u00a0<u><\/u><u><\/u><\/span><\/div>\n<div id=\"m_10680444645324093yui_3_16_0_ym19_1_1504064101103_181944\"><span id=\"m_10680444645324093yui_3_16_0_ym19_1_1504064101103_181945\"><b id=\"m_10680444645324093yui_3_16_0_ym19_1_1504064101103_181946\">O que \u00e9 mais relevante em sua opini\u00e3o: Vasc\u00e3o campe\u00e3o ou Flamengo rebaixado?<u><\/u><u><\/u><\/b><\/span><\/div>\n<div id=\"m_10680444645324093yui_3_16_0_ym19_1_1504064101103_181948\"><span id=\"m_10680444645324093yui_3_16_0_ym19_1_1504064101103_181949\">Vasco campe\u00e3o sempre. Primeiro porque n\u00e3o me preocupo com o time alheio e sim com o nosso. Depois n\u00e3o vou dar ibope ao Flamengo, mesmo que em assunto sobre rebaixamento.<u><\/u><u><\/u><\/span><\/div>\n<div id=\"m_10680444645324093yui_3_16_0_ym19_1_1504064101103_181951\"><span id=\"m_10680444645324093yui_3_16_0_ym19_1_1504064101103_181952\">\u00a0<u><\/u><u><\/u><\/span><\/div>\n<div id=\"m_10680444645324093yui_3_16_0_ym19_1_1504064101103_181954\"><b id=\"m_10680444645324093yui_3_16_0_ym19_1_1504064101103_181955\"><span id=\"m_10680444645324093yui_3_16_0_ym19_1_1504064101103_181956\">O que \u00e9 ser vasca\u00edno? \u00a0<u><\/u><u><\/u><\/span><\/b><\/div>\n<div id=\"m_10680444645324093yui_3_16_0_ym19_1_1504064101103_181958\"><span id=\"m_10680444645324093yui_3_16_0_ym19_1_1504064101103_181959\">\u00c9 amor de verdade ao clube. \u00c9 uma paix\u00e3o de inf\u00e2ncia. \u00a0<u><\/u><u><\/u><\/span><\/div>\n<div id=\"m_10680444645324093yui_3_16_0_ym19_1_1504064101103_181961\"><span id=\"m_10680444645324093yui_3_16_0_ym19_1_1504064101103_181962\">\u00a0<u><\/u><u><\/u><\/span><\/div>\n<div id=\"m_10680444645324093yui_3_16_0_ym19_1_1504064101103_181964\"><span id=\"m_10680444645324093yui_3_16_0_ym19_1_1504064101103_181965\"><b id=\"m_10680444645324093yui_3_16_0_ym19_1_1504064101103_181966\">Toda menina na adolesc\u00eancia tem uma paix\u00e3o por um jogador, um professor e um policial. Qual atleta voc\u00ea j\u00e1 foi \u201capaixonada\u201d?<u><\/u><u><\/u><\/b><\/span><\/div>\n<div id=\"m_10680444645324093yui_3_16_0_ym19_1_1504064101103_181968\"><span id=\"m_10680444645324093yui_3_16_0_ym19_1_1504064101103_181969\">Felipe (inicialmente lateral esquerdo, posteriormente meia). Eu tinha todos os recortes de jornal sobre ele.<u><\/u><u><\/u><\/span><\/div>\n<div id=\"m_10680444645324093yui_3_16_0_ym19_1_1504064101103_181971\"><span id=\"m_10680444645324093yui_3_16_0_ym19_1_1504064101103_181972\"><u><\/u>\u00a0<u><\/u><\/span><\/div>\n<div id=\"m_10680444645324093yui_3_16_0_ym19_1_1504064101103_181974\"><b id=\"m_10680444645324093yui_3_16_0_ym19_1_1504064101103_181975\"><span id=\"m_10680444645324093yui_3_16_0_ym19_1_1504064101103_181976\">At\u00e9 que ponto voc\u00ea acompanha a pol\u00edtica do clube? \u00a0\u00a0\u00a0<u><\/u><u><\/u><\/span><\/b><\/div>\n<div id=\"m_10680444645324093yui_3_16_0_ym19_1_1504064101103_181978\"><span id=\"m_10680444645324093yui_3_16_0_ym19_1_1504064101103_181979\">N\u00e3o acompanho. S\u00f3 quando falam mal do Eurico (Miranda) eu leio. Leio sempre o que voc\u00ea escreve (WebVasco).<u><\/u><u><\/u><\/span><\/div>\n<div id=\"m_10680444645324093yui_3_16_0_ym19_1_1504064101103_181981\"><span id=\"m_10680444645324093yui_3_16_0_ym19_1_1504064101103_181982\">\u00a0<u><\/u><u><\/u><\/span><\/div>\n<div id=\"m_10680444645324093yui_3_16_0_ym19_1_1504064101103_181984\"><b id=\"m_10680444645324093yui_3_16_0_ym19_1_1504064101103_181985\"><span id=\"m_10680444645324093yui_3_16_0_ym19_1_1504064101103_181986\">O que falta ao clube para voltar a brilhar futebolisticamente?<u><\/u><u><\/u><\/span><\/b><\/div>\n<div id=\"m_10680444645324093yui_3_16_0_ym19_1_1504064101103_181988\"><span id=\"m_10680444645324093yui_3_16_0_ym19_1_1504064101103_181989\">Uma quest\u00e3o de gest\u00e3o. Investir mais no clube, nos atletas que est\u00e3o na base, em vez de contratar medalh\u00f5es com altos sal\u00e1rios e pouco aproveitamento. \u00a0<u><\/u><u><\/u><\/span><\/div>\n<div id=\"m_10680444645324093yui_3_16_0_ym19_1_1504064101103_181991\"><span id=\"m_10680444645324093yui_3_16_0_ym19_1_1504064101103_181992\">\u00a0<u><\/u><u><\/u><\/span><\/div>\n<div id=\"m_10680444645324093yui_3_16_0_ym19_1_1504064101103_181994\"><b id=\"m_10680444645324093yui_3_16_0_ym19_1_1504064101103_181995\"><span id=\"m_10680444645324093yui_3_16_0_ym19_1_1504064101103_181996\">Na sua opini\u00e3o quem seria o presidente ideal para o Vasco da Gama hoje? \u00a0<u><\/u><u><\/u><\/span><\/b><\/div>\n<div id=\"m_10680444645324093yui_3_16_0_ym19_1_1504064101103_181998\"><span id=\"m_10680444645324093yui_3_16_0_ym19_1_1504064101103_181999\">Nelson Piquet.<u><\/u><u><\/u><\/span><\/div>\n<div id=\"m_10680444645324093yui_3_16_0_ym19_1_1504064101103_182001\"><span id=\"m_10680444645324093yui_3_16_0_ym19_1_1504064101103_182002\">\u00a0<u><\/u><u><\/u><\/span><\/div>\n<div id=\"m_10680444645324093yui_3_16_0_ym19_1_1504064101103_182004\"><b id=\"m_10680444645324093yui_3_16_0_ym19_1_1504064101103_182005\"><span id=\"m_10680444645324093yui_3_16_0_ym19_1_1504064101103_182006\">Se fosse voc\u00ea a vice-presidente de futebol do Vasco e tivesse o aval para contratar qualquer atleta para agregar ao plantel, independente do financeiro, quem seria este?<u><\/u><u><\/u><\/span><\/b><\/div>\n<div id=\"m_10680444645324093yui_3_16_0_ym19_1_1504064101103_182008\">\n<p><span id=\"m_10680444645324093yui_3_16_0_ym19_1_1504064101103_182009\" lang=\"EN-US\">O Neymar Jr (Paris Saint-Germain).\u00a0<\/span>Mas se pudesse tamb\u00e9m traria o Daniel Alves (Paris Saint-Germain) e o David Luiz (Chelsea).<\/p>\n<div id=\"m_1673855501034981294yui_3_16_0_ym19_1_1504064101103_182015\"><span id=\"m_1673855501034981294yui_3_16_0_ym19_1_1504064101103_182016\">\u00a0<u><\/u><\/span><\/div>\n<div id=\"m_1673855501034981294yui_3_16_0_ym19_1_1504064101103_181351\"><\/div>\n<div id=\"m_1673855501034981294yui_3_16_0_ym19_1_1504064101103_182018\" dir=\"ltr\"><b id=\"m_1673855501034981294yui_3_16_0_ym19_1_1504064101103_182019\"><u id=\"m_1673855501034981294yui_3_16_0_ym19_1_1504064101103_182020\"><span id=\"m_1673855501034981294yui_3_16_0_ym19_1_1504064101103_182021\">FOTOGRAFIAS: BY LUIZ CARLOS ROCHA\u00a0<\/span><\/u><\/b><\/div>\n<\/div>\n<div><\/div>\n<div><\/div>\n<div><a href=\"https:\/\/webvasco.com\/artigos\/wp-content\/uploads\/2017\/08\/PIMG_20170828_155423712_BURST000_COVER_TOP.jpg\"><img loading=\"lazy\" decoding=\"async\" class=\"alignleft size-thumbnail wp-image-8281\" src=\"https:\/\/webvasco.com\/artigos\/wp-content\/uploads\/2017\/08\/PIMG_20170828_155423712_BURST000_COVER_TOP-82x150.jpg\" alt=\"\" width=\"82\" height=\"150\" srcset=\"https:\/\/webvasco.com\/artigos\/wp-content\/uploads\/2017\/08\/PIMG_20170828_155423712_BURST000_COVER_TOP-82x150.jpg 82w, https:\/\/webvasco.com\/artigos\/wp-content\/uploads\/2017\/08\/PIMG_20170828_155423712_BURST000_COVER_TOP-165x300.jpg 165w, https:\/\/webvasco.com\/artigos\/wp-content\/uploads\/2017\/08\/PIMG_20170828_155423712_BURST000_COVER_TOP-768x1398.jpg 768w, https:\/\/webvasco.com\/artigos\/wp-content\/uploads\/2017\/08\/PIMG_20170828_155423712_BURST000_COVER_TOP-562x1024.jpg 562w\" sizes=\"auto, (max-width: 82px) 100vw, 82px\" \/><\/a><\/div>\n<div><a href=\"https:\/\/webvasco.com\/artigos\/wp-content\/uploads\/2017\/08\/IMG_20170828_155519808-1.jpg\"><img loading=\"lazy\" decoding=\"async\" class=\"alignleft size-thumbnail wp-image-8279\" src=\"https:\/\/webvasco.com\/artigos\/wp-content\/uploads\/2017\/08\/IMG_20170828_155519808-1-148x150.jpg\" alt=\"\" width=\"148\" height=\"150\" srcset=\"https:\/\/webvasco.com\/artigos\/wp-content\/uploads\/2017\/08\/IMG_20170828_155519808-1-148x150.jpg 148w, https:\/\/webvasco.com\/artigos\/wp-content\/uploads\/2017\/08\/IMG_20170828_155519808-1-297x300.jpg 297w, https:\/\/webvasco.com\/artigos\/wp-content\/uploads\/2017\/08\/IMG_20170828_155519808-1-768x777.jpg 768w, https:\/\/webvasco.com\/artigos\/wp-content\/uploads\/2017\/08\/IMG_20170828_155519808-1-1013x1024.jpg 1013w, https:\/\/webvasco.com\/artigos\/wp-content\/uploads\/2017\/08\/IMG_20170828_155519808-1.jpg 1800w\" sizes=\"auto, (max-width: 148px) 100vw, 148px\" \/><\/a> <a href=\"https:\/\/webvasco.com\/artigos\/wp-content\/uploads\/2017\/08\/PIMG_20170828_155403165.jpg\"><img loading=\"lazy\" decoding=\"async\" class=\"alignleft size-thumbnail wp-image-8282\" src=\"https:\/\/webvasco.com\/artigos\/wp-content\/uploads\/2017\/08\/PIMG_20170828_155403165-104x150.jpg\" alt=\"\" width=\"104\" height=\"150\" srcset=\"https:\/\/webvasco.com\/artigos\/wp-content\/uploads\/2017\/08\/PIMG_20170828_155403165-104x150.jpg 104w, https:\/\/webvasco.com\/artigos\/wp-content\/uploads\/2017\/08\/PIMG_20170828_155403165-208x300.jpg 208w, https:\/\/webvasco.com\/artigos\/wp-content\/uploads\/2017\/08\/PIMG_20170828_155403165-768x1106.jpg 768w, https:\/\/webvasco.com\/artigos\/wp-content\/uploads\/2017\/08\/PIMG_20170828_155403165-711x1024.jpg 711w\" sizes=\"auto, (max-width: 104px) 100vw, 104px\" \/><\/a> <a href=\"https:\/\/webvasco.com\/artigos\/wp-content\/uploads\/2017\/08\/IMG_20170828_155501783-1.jpg\"><img loading=\"lazy\" decoding=\"async\" class=\"alignleft size-thumbnail wp-image-8278\" src=\"https:\/\/webvasco.com\/artigos\/wp-content\/uploads\/2017\/08\/IMG_20170828_155501783-1-150x129.jpg\" alt=\"\" width=\"150\" height=\"129\" srcset=\"https:\/\/webvasco.com\/artigos\/wp-content\/uploads\/2017\/08\/IMG_20170828_155501783-1-150x129.jpg 150w, https:\/\/webvasco.com\/artigos\/wp-content\/uploads\/2017\/08\/IMG_20170828_155501783-1-300x257.jpg 300w, https:\/\/webvasco.com\/artigos\/wp-content\/uploads\/2017\/08\/IMG_20170828_155501783-1-768x659.jpg 768w, https:\/\/webvasco.com\/artigos\/wp-content\/uploads\/2017\/08\/IMG_20170828_155501783-1-1024x879.jpg 1024w\" sizes=\"auto, (max-width: 150px) 100vw, 150px\" \/><\/a><\/div>\n","protected":false},"excerpt":{"rendered":"<p>A entrevista de agosto de 2017, com a linda Patr\u00edcia Damasceno \u00e9 dedicada \u00e0 estrela&#8230;<\/p>\n","protected":false},"author":7,"featured_media":8284,"comment_status":"open","ping_status":"closed","sticky":false,"template":"","format":"standard","meta":{"footnotes":""},"categories":[27],"tags":[],"class_list":["post-8274","post","type-post","status-publish","format-standard","has-post-thumbnail","hentry","category-elas-e-o-professor"],"_links":{"self":[{"href":"https:\/\/webvasco.com\/artigos\/wp-json\/wp\/v2\/posts\/8274","targetHints":{"allow":["GET"]}}],"collection":[{"href":"https:\/\/webvasco.com\/artigos\/wp-json\/wp\/v2\/posts"}],"about":[{"href":"https:\/\/webvasco.com\/artigos\/wp-json\/wp\/v2\/types\/post"}],"author":[{"embeddable":true,"href":"https:\/\/webvasco.com\/artigos\/wp-json\/wp\/v2\/users\/7"}],"replies":[{"embeddable":true,"href":"https:\/\/webvasco.com\/artigos\/wp-json\/wp\/v2\/comments?post=8274"}],"version-history":[{"count":3,"href":"https:\/\/webvasco.com\/artigos\/wp-json\/wp\/v2\/posts\/8274\/revisions"}],"predecessor-version":[{"id":8286,"href":"https:\/\/webvasco.com\/artigos\/wp-json\/wp\/v2\/posts\/8274\/revisions\/8286"}],"wp:featuredmedia":[{"embeddable":true,"href":"https:\/\/webvasco.com\/artigos\/wp-json\/wp\/v2\/media\/8284"}],"wp:attachment":[{"href":"https:\/\/webvasco.com\/artigos\/wp-json\/wp\/v2\/media?parent=8274"}],"wp:term":[{"taxonomy":"category","embeddable":true,"href":"https:\/\/webvasco.com\/artigos\/wp-json\/wp\/v2\/categories?post=8274"},{"taxonomy":"post_tag","embeddable":true,"href":"https:\/\/webvasco.com\/artigos\/wp-json\/wp\/v2\/tags?post=8274"}],"curies":[{"name":"wp","href":"https:\/\/api.w.org\/{rel}","templated":true}]}}