{"id":828,"date":"2014-04-24T14:21:24","date_gmt":"2014-04-24T17:21:24","guid":{"rendered":"http:\/\/webvasco.com\/artigos\/?p=828"},"modified":"2014-04-24T14:26:23","modified_gmt":"2014-04-24T17:26:23","slug":"grupo-divulga-outdoor-prximo-a-so-janurio-o-vasco-no-palanque","status":"publish","type":"post","link":"https:\/\/webvasco.com\/artigos\/colunistas\/marcus-simonini\/grupo-divulga-outdoor-prximo-a-so-janurio-o-vasco-no-palanque\/","title":{"rendered":"Grupo divulga outdoor pr&oacute;ximo a S&atilde;o Janu&aacute;rio: &#8216;O Vasco n&atilde;o &eacute; palanque&#8217;"},"content":{"rendered":"<div>\n<div dir='ltr'>    CHEGA DE POL\u00cdTICOS NO VASCO!<\/p>\n<div>\n<div><strong><font size=\"6\"><\/font><\/strong>&nbsp;<\/div>\n<div>\n<div style=\"border: currentColor; text-align: left; color: rgb(0, 0, 0); overflow: hidden; text-decoration: none; background-color: rgb(255, 255, 255);\">\n<div class=\"ecxhd\">\n<h2 class=\"ecxarticle-subtitle\"><font color=\"#808080\">Vasca\u00ednos se cotizaram para fazer  a\u00e7\u00e3o e, segundo membro, inten\u00e7\u00e3o \u00e9 provocar reflex\u00e3o nos s\u00f3cios que participar\u00e3o  da elei\u00e7\u00e3o presidencial do clube<\/font><\/h2>\n<div class=\"ecxnews-social\"><\/div>\n<\/div>\n<div class=\"ecxbd\">\n<p class=\"ecxdate\"><strong><font color=\"#0000ff\"><span class=\"ecxsat\">Alexandre Ara\u00fajo  <\/span>&#8211; <span><span>23\/04\/2014 &#8211; <em>16:42 |<\/em><\/span>&nbsp;<\/span><span>Rio  de Janeiro (RJ)<\/span> <\/font><\/strong><\/p>\n<div class=\"ecximagem-nota ecxright\"><span class=\"ecxholder\" style=\"width: 302px; display: block;\"><a title=\"Outdoor est\u00e1 na Avenida Brasil com Rua Bela, nos arredores de S\u00e3o Janu\u00e1rio (Foto: Reprodu\u00e7\u00e3o)\" href=\"http:\/\/www.lancenet.com.br\/fotos\/Outdoor-Vasco-Foto-Reproducao_LANIMA20140423_0053_25.jpg#650x433\" target=\"_blank\" rel=\"lightbox\"><img loading=\"lazy\" decoding=\"async\" width=\"302\" height=\"226\" class=\"ecxkalooga_11276\" style=\"cursor: pointer;\" alt=\"Outdoor Vasco (Foto: Reprodu\u00e7\u00e3o)\" src=\"http&#58;\/\/www.lancenet.com.br\/fotos\/Outdoor-Vasco-Foto-Reproducao_LANIMA20140423_0053_47.jpg\"\/> <\/a><br style=\"clear: both;\"\/><label><font color=\"#800000\">Outdoor est\u00e1 na Avenida Brasil  com Rua Bela, nos arredores de S\u00e3o Janu\u00e1rio (Foto: Reprodu\u00e7\u00e3o)<\/font><\/label>  <\/span><\/div>\n<p align=\"justify\" class=\"ecxmt ecxnews-body\">&nbsp;<\/p>\n<p align=\"justify\" class=\"ecxmt ecxnews-body\">A elei\u00e7\u00e3o presidencial no Vasco ainda n\u00e3o  tem data definida para acontecer, mas j\u00e1 tem mexido at\u00e9 com o visual da cidade.  Um grupo de cruz-maltinos vem fazendo campanhas de &#8220;conscientiza\u00e7\u00e3o&#8221; e  divulgando mensagens no intuito de fazer com que os s\u00f3cios escolham bem o  candidato na hora do pleito.<\/p>\n<p align=\"justify\" class=\"ecxmt ecxnews-body\">&nbsp;<\/p>\n<p align=\"justify\" class=\"ecxmt ecxnews-body\">Uma das a\u00e7\u00f5es, a terceira do grupo at\u00e9 o  momento, \u00e9 um outdoor nos arredores do Est\u00e1dio de S\u00e3o Janu\u00e1rio lembrando que,  ultimamente, os candidatos \u00e0 presid\u00eancia vasca\u00edna t\u00eam sido pol\u00edticos visando  sucesso pessoal: &#8220;Ex-vereador, ex-deputado e futuro ex-deputado: o Vasco n\u00e3o \u00e9  palanque. N\u00e3o votaremos em pol\u00edticos!!&#8221;.<\/p>\n<p align=\"justify\" class=\"ecxmt ecxnews-body\">&nbsp;<\/p>\n<p align=\"justify\" class=\"ecxmt ecxnews-body\">Dos que j\u00e1 afirmaram que ser\u00e3o candidatos,  Eurico Miranda, presidente do Conselho de Benem\u00e9ritos, j\u00e1 foi deputado federal e  Roberto Monteiro, vice-presidente do Conselho Deliberativo, j\u00e1 foi vereador.  Nelson Rocha foi candidato deputado federal e Roberto Dinamite \u00e9 deputado  estadual.<\/p>\n<p align=\"justify\" class=\"ecxmt ecxnews-body\">A mensagem \u00e9 assinada pela <strong>Nova  ordem vasca\u00edna<\/strong>, mas, segundo Cl\u00e1udio Maran, um dos integrantes do  grupo, \u00e9 uma equipe apartid\u00e1ria.<\/p>\n<p align=\"justify\" class=\"ecxmt ecxnews-body\">&nbsp;<\/p>\n<p align=\"justify\" class=\"ecxmt ecxnews-body\">&#8211; \u00c9 um grupo de vasca\u00ednos que se formou de  uma forma natural, come\u00e7ou a se conhecer em rede. O grupo cresceu, hoje tem  centenas. O que tem em comum \u00e9 a paix\u00e3o pelo clube, sem nenhum interesse. N\u00e3o  somos um grupo pol\u00edtico, estamos trabalhando para que, de alguma forma,  consigamos mudar essa situa\u00e7\u00e3o em que o Vasco est\u00e1 hoje e que j\u00e1 vem de anos.  Pensar em um Vasco diferente das \u00faltimas d\u00e9cadas &#8211; disse Maran, que  completou:<\/p>\n<p align=\"justify\" class=\"ecxmt ecxnews-body\">&nbsp;<\/p>\n<p align=\"justify\" class=\"ecxmt ecxnews-body\">&#8211; Temos essa preocupa\u00e7\u00e3o. Ficou claro que  essa rela\u00e7\u00e3o de pol\u00edtico e clube n\u00e3o funciona. A prova est\u00e1 a\u00ed: administra\u00e7\u00f5es  desastrosas, insucessos desportivos graves. Mesmo naquele per\u00edodo em que teve  muitas conquistas em campo, qual o pre\u00e7o? Ser\u00e1 que valeu a pena?<\/p>\n<p align=\"justify\" class=\"ecxmt ecxnews-body\">&nbsp;<\/p>\n<p align=\"justify\" class=\"ecxmt ecxnews-body\">Ainda de acordo com Cl\u00e1udio Maran, a  inten\u00e7\u00e3o do grupo \u00e9 fazer com que os s\u00f3cios reflitam sobre o momento do clube,  prometendo ainda outras a\u00e7\u00f5es.<\/p>\n<p align=\"justify\" class=\"ecxmt ecxnews-body\">&#8211; Objetivo foi chamar a aten\u00e7\u00e3o dos  vasca\u00ednos, em especial dos s\u00f3cios, que h\u00e1 pol\u00edticos no clube, provocar reflex\u00e3o.  Vamos ter a\u00e7\u00e3o seguinte &#8211; afirmou.<\/p>\n<p align=\"justify\" class=\"ecxmt ecxnews-body\">&nbsp;<\/p>\n<p align=\"justify\" class=\"ecxmt ecxnews-body\">O outdoor foi feito com uma &#8220;vaquinha&#8221;, em  que cada cota valia R$ 10. As a\u00e7\u00f5es do grupo todas s\u00e3o nesta mesma  pol\u00edtica.<\/p>\n<p align=\"justify\" class=\"ecxmt ecxnews-body\">&nbsp;<\/p>\n<\/div>\n<p>Leia mais no LANCENET! <a style=\"color: rgb(0, 51, 153);\" href=\"http:\/\/www.lancenet.com.br\/vasco\/divulga-outdoor_0_1125487573.html#ixzz2zkEaq9B6\" target=\"_blank\"><\/a><a href=\"http:\/\/www.lancenet.com.br\/vasco\/divulga-outdoor_0_1125487573.html#ixzz2zkEaq9B6\" >http:\/\/www.lancenet.com.br\/vasco\/divulga-outdoor_0_1125487573.html#ixzz2zkEaq9B6<\/a>  <br \/>\u00a9 1997-2014 Todos os direitos reservados a Aret\u00e9 Editorial S.A Di\u00e1rio LANCE!  <\/div>\n<\/div>\n<\/div><\/div>\n<\/div>\n<p><\/p>\n","protected":false},"excerpt":{"rendered":"<p>CHEGA DE POL\u00cdTICOS NO VASCO! &nbsp; Vasca\u00ednos se cotizaram para fazer a\u00e7\u00e3o e, segundo membro,&#8230;<\/p>\n","protected":false},"author":8,"featured_media":261,"comment_status":"open","ping_status":"closed","sticky":false,"template":"","format":"standard","meta":{"footnotes":""},"categories":[6],"tags":[],"class_list":["post-828","post","type-post","status-publish","format-standard","has-post-thumbnail","hentry","category-marcus-simonini"],"_links":{"self":[{"href":"https:\/\/webvasco.com\/artigos\/wp-json\/wp\/v2\/posts\/828","targetHints":{"allow":["GET"]}}],"collection":[{"href":"https:\/\/webvasco.com\/artigos\/wp-json\/wp\/v2\/posts"}],"about":[{"href":"https:\/\/webvasco.com\/artigos\/wp-json\/wp\/v2\/types\/post"}],"author":[{"embeddable":true,"href":"https:\/\/webvasco.com\/artigos\/wp-json\/wp\/v2\/users\/8"}],"replies":[{"embeddable":true,"href":"https:\/\/webvasco.com\/artigos\/wp-json\/wp\/v2\/comments?post=828"}],"version-history":[{"count":0,"href":"https:\/\/webvasco.com\/artigos\/wp-json\/wp\/v2\/posts\/828\/revisions"}],"wp:featuredmedia":[{"embeddable":true,"href":"https:\/\/webvasco.com\/artigos\/wp-json\/wp\/v2\/media\/261"}],"wp:attachment":[{"href":"https:\/\/webvasco.com\/artigos\/wp-json\/wp\/v2\/media?parent=828"}],"wp:term":[{"taxonomy":"category","embeddable":true,"href":"https:\/\/webvasco.com\/artigos\/wp-json\/wp\/v2\/categories?post=828"},{"taxonomy":"post_tag","embeddable":true,"href":"https:\/\/webvasco.com\/artigos\/wp-json\/wp\/v2\/tags?post=828"}],"curies":[{"name":"wp","href":"https:\/\/api.w.org\/{rel}","templated":true}]}}