{"id":8288,"date":"2017-09-10T15:15:01","date_gmt":"2017-09-10T18:15:01","guid":{"rendered":"http:\/\/webvasco.com\/artigos\/?p=8288"},"modified":"2017-09-10T15:15:55","modified_gmt":"2017-09-10T18:15:55","slug":"zuacao-equilibrada","status":"publish","type":"post","link":"https:\/\/webvasco.com\/artigos\/colunistas\/luizcarlosrocha\/zuacao-equilibrada\/","title":{"rendered":"ZUA\u00c7\u00c3O EQUILIBRADA!"},"content":{"rendered":"<div id=\"m_-421895632899276497yui_3_16_0_1_1504627032569_496582\"><span id=\"m_-421895632899276497yui_3_16_0_1_1504627032569_496583\">A defini\u00e7\u00e3o de ZE, no jogo de ontem, em S\u00e3o Janu\u00e1rio, em partida v\u00e1lida pela 23\u00aa Rodada do Campeonato Brasileiro poderia ser Zua\u00e7\u00e3o Equilibrada! Isto, porque, mesmo com um plantel t\u00e3o sacaneado pela imprensa marrom, o novo treinador Z\u00e9 Ricardo, conseguiu dar consist\u00eancia ao time e fazer o desacreditado Vasco da Gama vencer o vice-l\u00edder Gr\u00eamio, ainda que tenha apresentado lances t\u00edmidos e o placar tenha sido apenas 1 a 0 (gol de Mateus Vital). Vale lembrar, que a Imensa Torcida Bem Feliz empurrou o Vasc\u00e3o mesmo de fora do est\u00e1dio (os port\u00f5es foram fechados por determina\u00e7\u00e3o judicial).<u><\/u><u><\/u><\/span><\/div>\n<div><\/div>\n<div id=\"m_-421895632899276497yui_3_16_0_1_1504627032569_496585\"><span id=\"m_-421895632899276497yui_3_16_0_1_1504627032569_496586\">O resultado foi \u00f3timo para a equipe cruzmaltina, pois subiu seis posi\u00e7\u00f5es na tabela de classifica\u00e7\u00e3o (poder\u00e1 cair um pouco dependendo da combina\u00e7\u00e3o de fechamento), est\u00e1 temporariamente no G6, o time ganhando moral, porque come\u00e7a a embalar, e quem sabe mantem a pegada na pr\u00f3xima rodada.<u><\/u><u><\/u><\/span><\/div>\n<div><\/div>\n<div id=\"m_-421895632899276497yui_3_16_0_1_1504627032569_496588\"><span id=\"m_-421895632899276497yui_3_16_0_1_1504627032569_496589\">Ali\u00e1s, o pr\u00f3ximo embate ser\u00e1 domingo, \u00e0s 16h, contra o Corinthians, em S\u00e3o Paulo. Ser\u00e1 mais uma \u00e1rdua peleja, uma vez que o Tim\u00e3o \u00e9 o l\u00edder da competi\u00e7\u00e3o. Al\u00e9m de ter realmente um elenco diferenciado. Mas o patinho feio poder\u00e1 continuar brilhantemente sua caminhada a fim de virar Cisne em dezembro.<u><\/u><u><\/u><\/span><\/div>\n<div><\/div>\n<div id=\"m_-421895632899276497yui_3_16_0_1_1504627032569_496591\"><span id=\"m_-421895632899276497yui_3_16_0_1_1504627032569_496592\">Se avaliarmos teoricamente os meninos do Z\u00e9 Ricardo, sabemos que o conjunto do Gigante da Colina n\u00e3o \u00e9 dos piores. Mais do que isso. Que pelo n\u00edvel dos advers\u00e1rios pode perfeitamente brigar por uma vaga na Libertadores, em 2018. Notoriamente, o que faltava era vergonha, e, sobretudo, \u00e9tica, pois jogador quando quer derrubar um t\u00e9cnico faz logo esse joguinho de atuar de forma displicente. Por algum motivo Milton Mendes perdeu a m\u00e3o e os \u201cprofissionais\u201d da bola resolveram se vingar!<u><\/u><u><\/u><\/span><\/div>\n<div id=\"m_-421895632899276497yui_3_16_0_1_1504627032569_496594\"><span id=\"m_-421895632899276497yui_3_16_0_1_1504627032569_496595\"><u><\/u>\u00a0<u><\/u><\/span><\/div>\n<div id=\"m_-421895632899276497yui_3_16_0_1_1504627032569_496597\"><span id=\"m_-421895632899276497yui_3_16_0_1_1504627032569_496598\"><u><\/u>\u00a0<u><\/u><\/span><\/div>\n<div id=\"m_-421895632899276497yui_3_16_0_1_1504627032569_496600\"><b id=\"m_-421895632899276497yui_3_16_0_1_1504627032569_496601\"><u id=\"m_-421895632899276497yui_3_16_0_1_1504627032569_496602\"><span id=\"m_-421895632899276497yui_3_16_0_1_1504627032569_496603\">VERGONHA (MAIS DE 4 ANOS!):<u><\/u><u><\/u><\/span><\/u><\/b><\/div>\n<div id=\"m_-421895632899276497yui_3_16_0_1_1504627032569_496605\"><span id=\"m_-421895632899276497yui_3_16_0_1_1504627032569_496606\">DEPOIS DE AGUARDAR\u00a0<b id=\"m_-421895632899276497yui_3_16_0_1_1504627032569_496607\">\u00a051 MESES, OU SEJA, 4 ANOS E 3 MESES!\u00a0 (CARRO DESDE 10 DE JUNHO DE 2013)<\/b>\u00a0COM O CARRO PRESO NA OFICINA DA ABOLI\u00c7\u00c3O VE\u00cdCULOS COM APENAS 729 KM RODADOS, EM UM PROCESSO COM 8 VOLUMES, NA 1\u00aa VARA CIVEL, DA COMARCA DE NITER\u00d3I\/RJ, REGIONAL OCE\u00c2NICA, A SENTEN\u00c7A FOI INDEFERIR TODOS OS MEUS PEDIDOS E AINDA CONDENAR EM 10% DE CUSTAS JUDICIAIS. OU SEJA, FIQUEI SEM CARRO ESSE TEMPO TODO (MESMO PAGANDO \u00c0 VISTA POR ELE), JUNTEI PROVAS COMO REGISTRO DE OCORR\u00caNCIA DA POL\u00cdCIA CIVIL\/RJ, BOLETIM DE OCORR\u00caNCIA DA POLICIA MILITAR\/RJ, ORDENS DE SERVI\u00c7O, MAIS DE 600 FOTOGRAFIAS, MAIS DE 40 \u00c1UDIOS, NOTAS FISCAIS, NOTAS DE T\u00c1XI, PRONTU\u00c1RIOS M\u00c9DICOS, POIS NESTE PER\u00cdODO TIVE PROBLEMAS DE SA\u00daDE, BEM COMO MEUS FAMILIARES, TENDO UMA FILHA QUE HOJE TEM APENAS 5 ANOS, NA \u00c9POCA POUCO MAIS DE 1 ANINHO. VALE LEMBRAR, QUE OS PRIMEIROS DEFEITOS SE DERAM QUANDO O CARRO TINHA MENOS DE 30 KM RODADOS. TUDO ISSO PARA NADA. QUEM GOSTOU DO RESULTADO DA DOUTA MAGRISTRADA FORAM AS EMPRESAS R\u00c9S \u2013 QUE ME LESARAM \u2013 ABOLI\u00c7\u00c3O VE\u00cdCULOS E VW DO BRASIL (PROCESSO: No 0016370-44.2013.8.19.0212).<u><\/u><u><\/u><\/span><\/div>\n<div id=\"m_-421895632899276497yui_3_16_0_1_1504627032569_496609\"><b id=\"m_-421895632899276497yui_3_16_0_1_1504627032569_496610\"><span id=\"m_-421895632899276497yui_3_16_0_1_1504627032569_496611\">\u00a0<u><\/u><u><\/u><\/span><\/b><\/div>\n<div id=\"m_-421895632899276497yui_3_16_0_1_1504627032569_496613\"><b id=\"m_-421895632899276497yui_3_16_0_1_1504627032569_496614\"><span id=\"m_-421895632899276497yui_3_16_0_1_1504627032569_496615\">\u00a0\u00a0\u00a0\u00a0\u00a0\u00a0\u00a0\u00a0\u00a0\u00a0\u00a0\u00a0\u00a0\u00a0<u><\/u><u><\/u><\/span><\/b><\/div>\n<div id=\"m_-421895632899276497yui_3_16_0_1_1504627032569_496617\"><b id=\"m_-421895632899276497yui_3_16_0_1_1504627032569_496618\"><span id=\"m_-421895632899276497yui_3_16_0_1_1504627032569_496619\">\u00a0\u00a0\u00a0\u00a0\u00a0\u00a0\u00a0\u00a0\u00a0\u00a0\u00a0\u00a0\u00a0\u00a0\u00a0\u00a0\u00a0\u00a0\u00a0\u00a0\u00a0\u00a0\u00a0\u00a0\u00a0\u00a0\u00a0\u00a0\u00a0\u00a0<u><\/u><u><\/u><\/span><\/b><\/div>\n<div id=\"m_-421895632899276497yui_3_16_0_1_1504627032569_496385\"><\/div>\n<div id=\"m_-421895632899276497yui_3_16_0_1_1504627032569_496621\" dir=\"ltr\"><b id=\"m_-421895632899276497yui_3_16_0_1_1504627032569_496622\"><span id=\"m_-421895632899276497yui_3_16_0_1_1504627032569_496623\">AP\u00d3S AS TODAS AS PARTIDAS DO VASC\u00c3O EM MEU PERFIL DO FACEBOOK (QUEM QUISER RECEBER AS CR\u00d4NICAS DE PRIMEIRA M\u00c3O \u00c9 S\u00d3 ME ADICIONAR), E NO SITE WEBVASCO (<a href=\"http:\/\/www.webvasco.com\/\" target=\"_blank\" rel=\"noopener noreferrer\" data-saferedirecturl=\"https:\/\/www.google.com\/url?hl=pt-BR&amp;q=http:\/\/www.webvasco.com&amp;source=gmail&amp;ust=1505153577732000&amp;usg=AFQjCNGflAmFNMkCoYIV5CC4LkC_OrHSHA\">www.webvasco.com<\/a>), TEM A OPINI\u00c3O DO JORNALISTA LUIZ CARLOS ROCHA. LEIAM! COMPARTILHEM E CURTAM! VASCA\u00cdNOS UNIDOS JAMAIS SER\u00c3O VENCIDOS.<\/span><\/b><\/div>\n","protected":false},"excerpt":{"rendered":"<p>A defini\u00e7\u00e3o de ZE, no jogo de ontem, em S\u00e3o Janu\u00e1rio, em partida v\u00e1lida pela&#8230;<\/p>\n","protected":false},"author":7,"featured_media":0,"comment_status":"open","ping_status":"closed","sticky":false,"template":"","format":"standard","meta":{"footnotes":""},"categories":[4],"tags":[],"class_list":["post-8288","post","type-post","status-publish","format-standard","hentry","category-luizcarlosrocha"],"_links":{"self":[{"href":"https:\/\/webvasco.com\/artigos\/wp-json\/wp\/v2\/posts\/8288","targetHints":{"allow":["GET"]}}],"collection":[{"href":"https:\/\/webvasco.com\/artigos\/wp-json\/wp\/v2\/posts"}],"about":[{"href":"https:\/\/webvasco.com\/artigos\/wp-json\/wp\/v2\/types\/post"}],"author":[{"embeddable":true,"href":"https:\/\/webvasco.com\/artigos\/wp-json\/wp\/v2\/users\/7"}],"replies":[{"embeddable":true,"href":"https:\/\/webvasco.com\/artigos\/wp-json\/wp\/v2\/comments?post=8288"}],"version-history":[{"count":1,"href":"https:\/\/webvasco.com\/artigos\/wp-json\/wp\/v2\/posts\/8288\/revisions"}],"predecessor-version":[{"id":8289,"href":"https:\/\/webvasco.com\/artigos\/wp-json\/wp\/v2\/posts\/8288\/revisions\/8289"}],"wp:attachment":[{"href":"https:\/\/webvasco.com\/artigos\/wp-json\/wp\/v2\/media?parent=8288"}],"wp:term":[{"taxonomy":"category","embeddable":true,"href":"https:\/\/webvasco.com\/artigos\/wp-json\/wp\/v2\/categories?post=8288"},{"taxonomy":"post_tag","embeddable":true,"href":"https:\/\/webvasco.com\/artigos\/wp-json\/wp\/v2\/tags?post=8288"}],"curies":[{"name":"wp","href":"https:\/\/api.w.org\/{rel}","templated":true}]}}