{"id":829,"date":"2014-04-26T21:10:03","date_gmt":"2014-04-27T00:10:03","guid":{"rendered":"http:\/\/webvasco.com\/artigos\/?p=829"},"modified":"2014-04-26T21:30:05","modified_gmt":"2014-04-27T00:30:05","slug":"pobre-vasquinho","status":"publish","type":"post","link":"https:\/\/webvasco.com\/artigos\/colunistas\/luizcarlosrocha\/pobre-vasquinho\/","title":{"rendered":"POBRE VASQUINHO!"},"content":{"rendered":"<p>    O Vasco perdeu por 2 a 1 para o Luverdense, na Arena Pantanal, em Cuiab\u00e1\/MT, com gols marcados por Reinaldo e Rubinho. Yago descontou para os cariocas. A partida foi v\u00e1lida pela Segunda Rodada do Campeonato Brasileiro da S\u00e9rie B. <br \/>\n    A equipe de S\u00e3o Janu\u00e1rio ainda n\u00e3o venceu na competi\u00e7\u00e3o. Com isso, o resultado (para os que n\u00e3o entendem de futebol ainda \u00e9 cedo, mas para quem tem alguma no\u00e7\u00e3o sabe que passou da hora de reagir) \u00e9 que no momento o Gigante da Colina est\u00e1 na Zona de Rebaixamento para a S\u00e9rie C, ou seja, o fundo do po\u00e7o.<br \/>\n    Cada vez mais apequenado o Cruzmaltino envergonha a sua Imensa Torcida. At\u00e9 gritos de ol\u00e9 os jogadores escutaram no jogo de hoje. Se continuar nesse ritmo no m\u00e1ximo dentro de dez anos o temido Vasco da Gama conhecido por ser o time da virada e do amor, equipe acostumada \u00e0 conquista de t\u00edtulos ser\u00e1 um novo Am\u00e9rica\/RJ, com todo respeito ao Diabo. <br \/>\n    O lateral direito Andr\u00e9 Rocha puxou a camisa do atacante Misael dentro da \u00e1rea provocando infantilmente um p\u00eanalti, que Rubinho converteu. Luan, normalmente um zagueiro seguro levou um baile do mesmo Misael. O atleta do Luverdense infernizou o Vasco do meio de campo para a zaga. Fellipe Bastos como sempre n\u00e3o jogou nada! <br \/>\n   Perdoado somente o brilhante Douglas. Mas infelizmente apenas uma andorinha n\u00e3o faz ver\u00e3o, como diz a velha m\u00e1xima. Nas duas rodadas do Brasileir\u00e3o o Vasco da Gama somou apenas um ponto na tabela da competi\u00e7\u00e3o, no empate contra o Am\u00e9rica\/MG, se colocando na inc\u00f4moda 17\u00aa posi\u00e7\u00e3o. <\/p>\n<p>\nAP\u00d3S AS TODAS AS PARTIDAS DO VASC\u00c3O EM MEU PERFIL DO FACEBOOK (QUEM QUISER RECEBER AS CR\u00d4NICAS DE PRIMEIRA M\u00c3O \u00c9 S\u00d3 ME ADICIONAR), E NOS SITES WEBVASCO (www.webvasco.com), E VASCA\u00cdNOS UNIDOS (www.vascainosunidos.com.br) TEM A OPINI\u00c3O DO JORNALISTA LUIZ CARLOS ROCHA. LEIAM! COMPARTILHEM E CURTAM! VASCA\u00cdNOS UNIDOS JAMAIS SER\u00c3O VENCIDOS.<\/p>\n<p><\/p>\n","protected":false},"excerpt":{"rendered":"<p>O Vasco perdeu por 2 a 1 para o Luverdense, na Arena Pantanal, em Cuiab\u00e1\/MT,&#8230;<\/p>\n","protected":false},"author":7,"featured_media":58,"comment_status":"open","ping_status":"closed","sticky":false,"template":"","format":"standard","meta":{"footnotes":""},"categories":[4],"tags":[],"class_list":["post-829","post","type-post","status-publish","format-standard","has-post-thumbnail","hentry","category-luizcarlosrocha"],"_links":{"self":[{"href":"https:\/\/webvasco.com\/artigos\/wp-json\/wp\/v2\/posts\/829","targetHints":{"allow":["GET"]}}],"collection":[{"href":"https:\/\/webvasco.com\/artigos\/wp-json\/wp\/v2\/posts"}],"about":[{"href":"https:\/\/webvasco.com\/artigos\/wp-json\/wp\/v2\/types\/post"}],"author":[{"embeddable":true,"href":"https:\/\/webvasco.com\/artigos\/wp-json\/wp\/v2\/users\/7"}],"replies":[{"embeddable":true,"href":"https:\/\/webvasco.com\/artigos\/wp-json\/wp\/v2\/comments?post=829"}],"version-history":[{"count":0,"href":"https:\/\/webvasco.com\/artigos\/wp-json\/wp\/v2\/posts\/829\/revisions"}],"wp:featuredmedia":[{"embeddable":true,"href":"https:\/\/webvasco.com\/artigos\/wp-json\/wp\/v2\/media\/58"}],"wp:attachment":[{"href":"https:\/\/webvasco.com\/artigos\/wp-json\/wp\/v2\/media?parent=829"}],"wp:term":[{"taxonomy":"category","embeddable":true,"href":"https:\/\/webvasco.com\/artigos\/wp-json\/wp\/v2\/categories?post=829"},{"taxonomy":"post_tag","embeddable":true,"href":"https:\/\/webvasco.com\/artigos\/wp-json\/wp\/v2\/tags?post=829"}],"curies":[{"name":"wp","href":"https:\/\/api.w.org\/{rel}","templated":true}]}}