{"id":8295,"date":"2017-09-26T21:28:44","date_gmt":"2017-09-27T00:28:44","guid":{"rendered":"http:\/\/webvasco.com\/artigos\/?p=8295"},"modified":"2017-09-26T21:29:04","modified_gmt":"2017-09-27T00:29:04","slug":"perdeu-por-sport","status":"publish","type":"post","link":"https:\/\/webvasco.com\/artigos\/colunistas\/luizcarlosrocha\/perdeu-por-sport\/","title":{"rendered":"PERDEU POR SPORT!"},"content":{"rendered":"<div id=\"m_-984874966945895541yui_3_16_0_ym19_1_1505839023159_512941\"><span id=\"m_-984874966945895541yui_3_16_0_ym19_1_1505839023159_512942\">Que vergonha! Com um homem a mais (Diego Souza foi expulso), o Vasco da Gama s\u00f3 conseguiu empatar, com o Sport Club do Recife, por 1 a 1, gols de Nen\u00ea (abriu o placar) e Andr\u00e9 (descontando), na partida, de ontem, na Ilha do Retiro, v\u00e1lida pela 25\u00aa Rodada, do Campeonato Brasileiro, da S\u00e9rie A.<u><\/u><u><\/u><\/span><\/div>\n<div id=\"m_-984874966945895541yui_3_16_0_ym19_1_1505839023159_512944\"><span id=\"m_-984874966945895541yui_3_16_0_ym19_1_1505839023159_512945\">\u00a0\u00a0\u00a0\u00a0 Com todo respeito ao time pernambucano \u2013 mesmo sendo o leg\u00edtimo campe\u00e3o brazuca de 1987 \u2013 nem de longe se compara as tradi\u00e7\u00f5es de um gigante, que ultimamente vem se apequenando com a p\u00edfia gest\u00e3o de Dom Charuto e seus comandados. Prova disso foi contratar um treinador recentemente demitido do principal rival, o Molambo!<u><\/u><u><\/u><\/span><\/div>\n<div id=\"m_-984874966945895541yui_3_16_0_ym19_1_1505839023159_512947\"><span id=\"m_-984874966945895541yui_3_16_0_ym19_1_1505839023159_512948\">\u00a0\u00a0\u00a0 \u00c9 duro saber que dos 75 pontos disputados, o Cruzmaltino conquistou apenas 32, ou seja, 42.7 % de aproveitamento. Uma l\u00e1stima. S\u00e3o n\u00fameros de time pequeno, n\u00e3o de um clube que \u00e9 tetracampe\u00e3o desta competi\u00e7\u00e3o. Cad\u00ea o respeito Eurico? Tomara que os eleitores lembrem-se disso em novembro, na hora de confiar em um candidato que visivelmente destr\u00f3i o Vasco.<u><\/u><u><\/u><\/span><\/div>\n<div id=\"m_-984874966945895541yui_3_16_0_ym19_1_1505839023159_512950\"><span id=\"m_-984874966945895541yui_3_16_0_ym19_1_1505839023159_512951\">\u00a0\u00a0\u00a0 S\u00e3o v\u00e1rios vacilos. Falta de planejamento. Tantas chances desperdi\u00e7adas. Gol inacreditavelmente perdidos. Sempre escapam os tr\u00eas pontos, e o discurso \u00e9 que na pr\u00f3xima partida ser\u00e1 diferente. Mas acontece rigorosamente as mesmas falhas! A Imensa Torcida Bem Paciente, digo Feliz (atualmente Infeliz) j\u00e1 n\u00e3o aguenta mais tanta incompet\u00eancia, come\u00e7ando pela c\u00fapula e chegando aos reles servi\u00e7ais!<u><\/u><u><\/u><\/span><\/div>\n<div id=\"m_-984874966945895541yui_3_16_0_ym19_1_1505839023159_512953\"><span id=\"m_-984874966945895541yui_3_16_0_ym19_1_1505839023159_512954\">\u00a0\u00a0\u00a0\u00a0 No s\u00e1bado, dia 30 de setembro, \u00e0s 16h, em S\u00e3o Janu\u00e1rio, o Mach\u00e3o da Gama receber\u00e1 a Chapecoense. N\u00e3o \u00e9 poss\u00edvel que permita qualquer resultado que n\u00e3o seja a vit\u00f3ria.<u><\/u><u><\/u><\/span><\/div>\n<div id=\"m_-984874966945895541yui_3_16_0_ym19_1_1505839023159_512956\"><span id=\"m_-984874966945895541yui_3_16_0_ym19_1_1505839023159_512957\"><u><\/u>\u00a0<u><\/u><\/span><\/div>\n<div id=\"m_-984874966945895541yui_3_16_0_ym19_1_1505839023159_512959\"><span id=\"m_-984874966945895541yui_3_16_0_ym19_1_1505839023159_512960\"><u><\/u>\u00a0<u><\/u><\/span><\/div>\n<div id=\"m_-984874966945895541yui_3_16_0_ym19_1_1505839023159_512962\"><b id=\"m_-984874966945895541yui_3_16_0_ym19_1_1505839023159_512963\"><u id=\"m_-984874966945895541yui_3_16_0_ym19_1_1505839023159_512964\"><span id=\"m_-984874966945895541yui_3_16_0_ym19_1_1505839023159_512965\">VERGONHA (MAIS DE 4 ANOS!):<u><\/u><u><\/u><\/span><\/u><\/b><\/div>\n<div id=\"m_-984874966945895541yui_3_16_0_ym19_1_1505839023159_512967\"><span id=\"m_-984874966945895541yui_3_16_0_ym19_1_1505839023159_512968\">DEPOIS DE AGUARDAR\u00a0<b id=\"m_-984874966945895541yui_3_16_0_ym19_1_1505839023159_512969\">\u00a051 MESES, OU SEJA, 4 ANOS E 3 MESES!\u00a0 (CARRO DESDE 10 DE JUNHO DE 2013)<\/b>\u00a0COM O CARRO PRESO NA OFICINA DA ABOLI\u00c7\u00c3O VE\u00cdCULOS COM APENAS 729 KM RODADOS, EM UM PROCESSO COM 8 VOLUMES, NA 1\u00aa VARA CIVEL, DA COMARCA DE NITER\u00d3I\/RJ, REGIONAL OCE\u00c2NICA, A SENTEN\u00c7A FOI INDEFERIR TODOS OS MEUS PEDIDOS E AINDA CONDENAR EM 10% DE CUSTAS JUDICIAIS. OU SEJA, FIQUEI SEM CARRO ESSE TEMPO TODO (MESMO PAGANDO \u00c0 VISTA POR ELE), JUNTEI PROVAS COMO REGISTRO DE OCORR\u00caNCIA DA POL\u00cdCIA CIVIL\/RJ, BOLETIM DE OCORR\u00caNCIA DA POLICIA MILITAR\/RJ, ORDENS DE SERVI\u00c7O, MAIS DE 600 FOTOGRAFIAS, MAIS DE 40 \u00c1UDIOS, NOTAS FISCAIS, NOTAS DE T\u00c1XI, PRONTU\u00c1RIOS M\u00c9DICOS, POIS NESTE PER\u00cdODO TIVE PROBLEMAS DE SA\u00daDE, BEM COMO MEUS FAMILIARES, TENDO UMA FILHA QUE HOJE TEM APENAS 5 ANOS, NA \u00c9POCA POUCO MAIS DE 1 ANINHO. VALE LEMBRAR, QUE OS PRIMEIROS DEFEITOS SE DERAM QUANDO O CARRO TINHA MENOS DE 30 KM RODADOS. TUDO ISSO PARA NADA. QUEM GOSTOU DO RESULTADO DA DOUTA MAGRISTRADA FORAM AS EMPRESAS R\u00c9S \u2013 QUE ME LESARAM \u2013 ABOLI\u00c7\u00c3O VE\u00cdCULOS E VW DO BRASIL (PROCESSO: No 0016370-44.2013.8.19.0212).<u><\/u><u><\/u><\/span><\/div>\n<div id=\"m_-984874966945895541yui_3_16_0_ym19_1_1505839023159_512971\"><b id=\"m_-984874966945895541yui_3_16_0_ym19_1_1505839023159_512972\"><span id=\"m_-984874966945895541yui_3_16_0_ym19_1_1505839023159_512973\">\u00a0<u><\/u><u><\/u><\/span><\/b><\/div>\n<div id=\"m_-984874966945895541yui_3_16_0_ym19_1_1505839023159_512975\"><b id=\"m_-984874966945895541yui_3_16_0_ym19_1_1505839023159_512976\"><span id=\"m_-984874966945895541yui_3_16_0_ym19_1_1505839023159_512977\">\u00a0\u00a0\u00a0\u00a0\u00a0\u00a0\u00a0\u00a0\u00a0\u00a0\u00a0\u00a0\u00a0\u00a0<u><\/u><u><\/u><\/span><\/b><\/div>\n<div id=\"m_-984874966945895541yui_3_16_0_ym19_1_1505839023159_512979\"><b id=\"m_-984874966945895541yui_3_16_0_ym19_1_1505839023159_512980\"><span id=\"m_-984874966945895541yui_3_16_0_ym19_1_1505839023159_512981\">\u00a0\u00a0\u00a0\u00a0\u00a0\u00a0\u00a0\u00a0\u00a0\u00a0\u00a0\u00a0\u00a0\u00a0\u00a0\u00a0\u00a0\u00a0\u00a0\u00a0\u00a0\u00a0\u00a0\u00a0\u00a0\u00a0\u00a0\u00a0\u00a0\u00a0<u><\/u><u><\/u><\/span><\/b><\/div>\n<div id=\"m_-984874966945895541yui_3_16_0_ym19_1_1505839023159_512795\"><\/div>\n<div id=\"m_-984874966945895541yui_3_16_0_ym19_1_1505839023159_512983\" dir=\"ltr\"><b id=\"m_-984874966945895541yui_3_16_0_ym19_1_1505839023159_512984\"><span id=\"m_-984874966945895541yui_3_16_0_ym19_1_1505839023159_512985\">AP\u00d3S AS TODAS AS PARTIDAS DO VASC\u00c3O EM MEU PERFIL DO FACEBOOK (QUEM QUISER RECEBER AS CR\u00d4NICAS DE PRIMEIRA M\u00c3O \u00c9 S\u00d3 ME ADICIONAR), E NO SITE WEBVASCO (<a href=\"http:\/\/www.webvasco.com\/\" target=\"_blank\" rel=\"noopener noreferrer\" data-saferedirecturl=\"https:\/\/www.google.com\/url?hl=pt-BR&amp;q=http:\/\/www.webvasco.com&amp;source=gmail&amp;ust=1506558474830000&amp;usg=AFQjCNEkAxh36zRHEqMj2CnlUHFUqVx50A\">www.webvasco.com<\/a>), TEM A OPINI\u00c3O DO JORNALISTA LUIZ CARLOS ROCHA. LEIAM! COMPARTILHEM E CURTAM! VASCA\u00cdNOS UNIDOS JAMAIS SER\u00c3O VENCIDOS.<\/span><\/b><\/div>\n","protected":false},"excerpt":{"rendered":"<p>Que vergonha! Com um homem a mais (Diego Souza foi expulso), o Vasco da Gama&#8230;<\/p>\n","protected":false},"author":7,"featured_media":0,"comment_status":"open","ping_status":"closed","sticky":false,"template":"","format":"standard","meta":{"footnotes":""},"categories":[4],"tags":[],"class_list":["post-8295","post","type-post","status-publish","format-standard","hentry","category-luizcarlosrocha"],"_links":{"self":[{"href":"https:\/\/webvasco.com\/artigos\/wp-json\/wp\/v2\/posts\/8295","targetHints":{"allow":["GET"]}}],"collection":[{"href":"https:\/\/webvasco.com\/artigos\/wp-json\/wp\/v2\/posts"}],"about":[{"href":"https:\/\/webvasco.com\/artigos\/wp-json\/wp\/v2\/types\/post"}],"author":[{"embeddable":true,"href":"https:\/\/webvasco.com\/artigos\/wp-json\/wp\/v2\/users\/7"}],"replies":[{"embeddable":true,"href":"https:\/\/webvasco.com\/artigos\/wp-json\/wp\/v2\/comments?post=8295"}],"version-history":[{"count":1,"href":"https:\/\/webvasco.com\/artigos\/wp-json\/wp\/v2\/posts\/8295\/revisions"}],"predecessor-version":[{"id":8296,"href":"https:\/\/webvasco.com\/artigos\/wp-json\/wp\/v2\/posts\/8295\/revisions\/8296"}],"wp:attachment":[{"href":"https:\/\/webvasco.com\/artigos\/wp-json\/wp\/v2\/media?parent=8295"}],"wp:term":[{"taxonomy":"category","embeddable":true,"href":"https:\/\/webvasco.com\/artigos\/wp-json\/wp\/v2\/categories?post=8295"},{"taxonomy":"post_tag","embeddable":true,"href":"https:\/\/webvasco.com\/artigos\/wp-json\/wp\/v2\/tags?post=8295"}],"curies":[{"name":"wp","href":"https:\/\/api.w.org\/{rel}","templated":true}]}}