{"id":8297,"date":"2017-09-29T11:37:48","date_gmt":"2017-09-29T14:37:48","guid":{"rendered":"http:\/\/webvasco.com\/artigos\/?p=8297"},"modified":"2017-09-29T14:45:30","modified_gmt":"2017-09-29T17:45:30","slug":"elas-o-professor-joanna-rosa","status":"publish","type":"post","link":"https:\/\/webvasco.com\/artigos\/temas\/elas-e-o-professor\/elas-o-professor-joanna-rosa\/","title":{"rendered":"ELAS &#038; O PROFESSOR &#8211; JOANNA ROSA"},"content":{"rendered":"<p>A entrevista de setembro de 2017, com a charmosa Joanna Rosa \u00e9 dedicada \u00e0 ilustre \u00darsulla Rocha.<\/p>\n<p>&nbsp;<\/p>\n<p><strong>JOANNA ROSA<\/strong>, solteir\u00edssima, 32 anos, agente de viagens, do signo de \u00e1ries, m\u00e3e do tamb\u00e9m vasca\u00edno Lukas Camara (13 anos), moradora da Baixada Fluminense, seu cora\u00e7\u00e3o tamb\u00e9m bate pelas Escolas de Samba Grande Rio e Mangueira, apaixonad\u00edssima pelo Vasc\u00e3o. De fam\u00edlia alvinegra, come\u00e7ou a frequentar os jogos do Cruzmaltino por influ\u00eancia de amigos e acabou evoluindo futebolisticamente. Hoje fervorosa torcedora do Gigante da Colina. Vale lembrar, que a gata t\u00eam outros dotes, tais como cozinhar (bolos principalmente) e cantar no chuveiro. Uma boa praia e a cervejinha gelada tamb\u00e9m fazem parte da rotina.<\/p>\n<p>&nbsp;<\/p>\n<p><strong>Falta 13 rodadas para acabar o Campeonato Brasileiro. Nessas primeiras 25, foram disputados 75 pontos, dos quais o Vasco da Gama conquistou apenas 32. Como voc\u00ea v\u00ea esse p\u00edfio aproveitamento (42.8%)? \u00a0<\/strong><\/p>\n<p>Achei que seria um pouco pior. De qualquer forma, creio que ainda vai melhorar at\u00e9 o t\u00e9rmino da competi\u00e7\u00e3o.<\/p>\n<p>&nbsp;<\/p>\n<p><strong>Em qual candidato voc\u00ea votar\u00e1 em novembro (elei\u00e7\u00f5es para presidente do clube)? <\/strong><\/p>\n<p>Todos, menos no Eurico (Miranda). Qualquer um \u00e9 melhor do que ele.<\/p>\n<p>&nbsp;<\/p>\n<p><strong>O Gigante da Colina precisa de um gestor mais competente? \u00a0\u00a0\u00a0<\/strong><\/p>\n<p>Claro. Que tenha melhor vis\u00e3o administrativa.<\/p>\n<p>&nbsp;<\/p>\n<p><strong>O mandat\u00e1rio Eurico Miranda prega a filosofia do respeito, mas Eurico Brand\u00e3o Miranda \u00e9 vice de futebol e \u00c1lvaro Miranda comanda a Divis\u00e3o de Base do clube. Esse nepotismo \u00e9 um desrespeito? \u00a0\u00a0<\/strong><\/p>\n<p>Joga todos eles no lixo, pois s\u00e3o farinha do mesmo saco.<\/p>\n<p>&nbsp;<\/p>\n<p><strong>O que houve de errado para o Mach\u00e3o da Gama obter tr\u00eas rebaixamentos em um per\u00edodo curto de oito anos? \u00a0<\/strong><\/p>\n<p>Eurico (definiu em uma s\u00f3 palavra).<\/p>\n<p>&nbsp;<\/p>\n<p><strong>Ver o rival Flamengo se distanciar administrativamente pela boa gest\u00e3o do Eduardo Bandeira de Mello lhe d\u00e1 um vazio? <\/strong><\/p>\n<p>D\u00e1 sim, mas temos potencial para achar algu\u00e9m como ele.<\/p>\n<p>&nbsp;<\/p>\n<p><strong>Cad\u00ea o prest\u00edgio de outrora? \u00a0<\/strong><\/p>\n<p>Quando o Dinamite (Roberto) era o presidente, o Vasco era mais respeitado. Tinha mais prest\u00edgio.<\/p>\n<p>&nbsp;<\/p>\n<p><strong>O atual plantel tem algum \u00eddolo na sua opini\u00e3o? \u00a0<\/strong><\/p>\n<p>Nen\u00ea e Lu\u00eds Fabiano.<\/p>\n<p>&nbsp;<\/p>\n<p><strong>Uma mulher no comando da presid\u00eancia resolveria os problemas do Vasco? \u00a0\u00a0\u00a0\u00a0<\/strong><\/p>\n<p>Porque n\u00e3o?<\/p>\n<p>&nbsp;<\/p>\n<p><strong>In\u00fatil a est\u00e1tua do Rom\u00e1rio em S\u00e3o Janu\u00e1rio, uma vez, que \u00e9 sabido ele ser flamenguista? <\/strong><\/p>\n<p>Sim, tinha de derrubar. Afinal, ele j\u00e1 assumiu publicamente que \u00e9 molambo.<\/p>\n<p>&nbsp;<\/p>\n<p><strong>Qual equipe mais vencedora de todos os tempos? \u00a0\u00a0<\/strong><\/p>\n<p>A do Felipe, que tinha Juninho, Pedrinho, Carlos Germano, Edmundo&#8230;<\/p>\n<p>&nbsp;<\/p>\n<p><strong>Todo clube grande \u2013 como \u00e9 o caso do Cruzmaltino \u2013 t\u00eam uma casa para cuidar de assuntos sociais, extra campo. Est\u00e1 faltando debutar a Funda\u00e7\u00e3o Gigante da Colina?<\/strong><\/p>\n<p>O Vasco precisa primeiro se reestruturar no quesito administrativo-financeiro. Depois uma funda\u00e7\u00e3o seria bem plaus\u00edvel.<\/p>\n<p>&nbsp;<\/p>\n<p><strong>Na atual situa\u00e7\u00e3o vasca\u00edna, S\u00e3o Judas Tadeu seria o padroeiro\u00a0 mais indicado? <\/strong><\/p>\n<p>(sorriu) Com tanta roubalheira dos \u00e1rbitros sim. Recentemente tivemos o caso do J\u00f4 (atacante do Sport Club Corinthians Paulista que fez um gol de m\u00e3o contra o Vasco da Gama e na maior falta de car\u00e1ter e profissionalismo afirmou n\u00e3o ter percebido).<\/p>\n<p>&nbsp;<\/p>\n<p>&nbsp;<\/p>\n<p><strong><u>FOTOGRAFIAS: BY LUIZ CARLOS ROCHA<\/u><\/strong><\/p>\n<p><a href=\"https:\/\/webvasco.com\/artigos\/wp-content\/uploads\/2017\/09\/IMG_20170927_135429742_HDR.jpg\"><img loading=\"lazy\" decoding=\"async\" class=\"alignleft size-thumbnail wp-image-8301\" src=\"https:\/\/webvasco.com\/artigos\/wp-content\/uploads\/2017\/09\/IMG_20170927_135429742_HDR-96x150.jpg\" alt=\"\" width=\"96\" height=\"150\" srcset=\"https:\/\/webvasco.com\/artigos\/wp-content\/uploads\/2017\/09\/IMG_20170927_135429742_HDR-96x150.jpg 96w, https:\/\/webvasco.com\/artigos\/wp-content\/uploads\/2017\/09\/IMG_20170927_135429742_HDR-193x300.jpg 193w, https:\/\/webvasco.com\/artigos\/wp-content\/uploads\/2017\/09\/IMG_20170927_135429742_HDR-768x1194.jpg 768w, https:\/\/webvasco.com\/artigos\/wp-content\/uploads\/2017\/09\/IMG_20170927_135429742_HDR-659x1024.jpg 659w, https:\/\/webvasco.com\/artigos\/wp-content\/uploads\/2017\/09\/IMG_20170927_135429742_HDR.jpg 1832w\" sizes=\"auto, (max-width: 96px) 100vw, 96px\" \/><\/a> <a href=\"https:\/\/webvasco.com\/artigos\/wp-content\/uploads\/2017\/09\/IMG_20170927_135539033.jpg\"><img loading=\"lazy\" decoding=\"async\" class=\"alignleft size-thumbnail wp-image-8303\" src=\"https:\/\/webvasco.com\/artigos\/wp-content\/uploads\/2017\/09\/IMG_20170927_135539033-150x120.jpg\" alt=\"\" width=\"150\" height=\"120\" srcset=\"https:\/\/webvasco.com\/artigos\/wp-content\/uploads\/2017\/09\/IMG_20170927_135539033-150x120.jpg 150w, https:\/\/webvasco.com\/artigos\/wp-content\/uploads\/2017\/09\/IMG_20170927_135539033-300x240.jpg 300w, https:\/\/webvasco.com\/artigos\/wp-content\/uploads\/2017\/09\/IMG_20170927_135539033-768x614.jpg 768w, https:\/\/webvasco.com\/artigos\/wp-content\/uploads\/2017\/09\/IMG_20170927_135539033-1024x819.jpg 1024w, https:\/\/webvasco.com\/artigos\/wp-content\/uploads\/2017\/09\/IMG_20170927_135539033.jpg 1350w\" sizes=\"auto, (max-width: 150px) 100vw, 150px\" \/><\/a> <a href=\"https:\/\/webvasco.com\/artigos\/wp-content\/uploads\/2017\/09\/IMG_20170927_135531306.jpg\"><img loading=\"lazy\" decoding=\"async\" class=\"alignleft size-thumbnail wp-image-8302\" src=\"https:\/\/webvasco.com\/artigos\/wp-content\/uploads\/2017\/09\/IMG_20170927_135531306-133x150.jpg\" alt=\"\" width=\"133\" height=\"150\" srcset=\"https:\/\/webvasco.com\/artigos\/wp-content\/uploads\/2017\/09\/IMG_20170927_135531306-133x150.jpg 133w, https:\/\/webvasco.com\/artigos\/wp-content\/uploads\/2017\/09\/IMG_20170927_135531306-265x300.jpg 265w, https:\/\/webvasco.com\/artigos\/wp-content\/uploads\/2017\/09\/IMG_20170927_135531306-768x869.jpg 768w, https:\/\/webvasco.com\/artigos\/wp-content\/uploads\/2017\/09\/IMG_20170927_135531306-905x1024.jpg 905w, https:\/\/webvasco.com\/artigos\/wp-content\/uploads\/2017\/09\/IMG_20170927_135531306.jpg 1944w\" sizes=\"auto, (max-width: 133px) 100vw, 133px\" \/><\/a> <a href=\"https:\/\/webvasco.com\/artigos\/wp-content\/uploads\/2017\/09\/IMG_20170927_135407679_HDR.jpg\"><img loading=\"lazy\" decoding=\"async\" class=\"alignleft size-thumbnail wp-image-8300\" src=\"https:\/\/webvasco.com\/artigos\/wp-content\/uploads\/2017\/09\/IMG_20170927_135407679_HDR-134x150.jpg\" alt=\"\" width=\"134\" height=\"150\" srcset=\"https:\/\/webvasco.com\/artigos\/wp-content\/uploads\/2017\/09\/IMG_20170927_135407679_HDR-134x150.jpg 134w, https:\/\/webvasco.com\/artigos\/wp-content\/uploads\/2017\/09\/IMG_20170927_135407679_HDR-267x300.jpg 267w, https:\/\/webvasco.com\/artigos\/wp-content\/uploads\/2017\/09\/IMG_20170927_135407679_HDR-768x862.jpg 768w, https:\/\/webvasco.com\/artigos\/wp-content\/uploads\/2017\/09\/IMG_20170927_135407679_HDR-912x1024.jpg 912w, https:\/\/webvasco.com\/artigos\/wp-content\/uploads\/2017\/09\/IMG_20170927_135407679_HDR.jpg 1832w\" sizes=\"auto, (max-width: 134px) 100vw, 134px\" \/><\/a> <a href=\"https:\/\/webvasco.com\/artigos\/wp-content\/uploads\/2017\/09\/IMG_20170927_135306852.jpg\"><img loading=\"lazy\" decoding=\"async\" class=\"alignleft size-thumbnail wp-image-8299\" src=\"https:\/\/webvasco.com\/artigos\/wp-content\/uploads\/2017\/09\/IMG_20170927_135306852-100x150.jpg\" alt=\"\" width=\"100\" height=\"150\" srcset=\"https:\/\/webvasco.com\/artigos\/wp-content\/uploads\/2017\/09\/IMG_20170927_135306852-100x150.jpg 100w, https:\/\/webvasco.com\/artigos\/wp-content\/uploads\/2017\/09\/IMG_20170927_135306852-201x300.jpg 201w, https:\/\/webvasco.com\/artigos\/wp-content\/uploads\/2017\/09\/IMG_20170927_135306852-768x1147.jpg 768w, https:\/\/webvasco.com\/artigos\/wp-content\/uploads\/2017\/09\/IMG_20170927_135306852-686x1024.jpg 686w, https:\/\/webvasco.com\/artigos\/wp-content\/uploads\/2017\/09\/IMG_20170927_135306852.jpg 1832w\" sizes=\"auto, (max-width: 100px) 100vw, 100px\" \/><\/a> <a href=\"https:\/\/webvasco.com\/artigos\/wp-content\/uploads\/2017\/09\/IMG_20170927_135254265.jpg\"><img loading=\"lazy\" decoding=\"async\" class=\"alignleft size-thumbnail wp-image-8298\" src=\"https:\/\/webvasco.com\/artigos\/wp-content\/uploads\/2017\/09\/IMG_20170927_135254265-150x150.jpg\" alt=\"\" width=\"150\" height=\"150\" srcset=\"https:\/\/webvasco.com\/artigos\/wp-content\/uploads\/2017\/09\/IMG_20170927_135254265-150x150.jpg 150w, https:\/\/webvasco.com\/artigos\/wp-content\/uploads\/2017\/09\/IMG_20170927_135254265-300x300.jpg 300w, https:\/\/webvasco.com\/artigos\/wp-content\/uploads\/2017\/09\/IMG_20170927_135254265-768x768.jpg 768w, https:\/\/webvasco.com\/artigos\/wp-content\/uploads\/2017\/09\/IMG_20170927_135254265-1024x1024.jpg 1024w, https:\/\/webvasco.com\/artigos\/wp-content\/uploads\/2017\/09\/IMG_20170927_135254265.jpg 1472w\" sizes=\"auto, (max-width: 150px) 100vw, 150px\" \/><\/a><\/p>\n","protected":false},"excerpt":{"rendered":"<p>A entrevista de setembro de 2017, com a charmosa Joanna Rosa \u00e9 dedicada \u00e0 ilustre&#8230;<\/p>\n","protected":false},"author":7,"featured_media":8304,"comment_status":"open","ping_status":"closed","sticky":false,"template":"","format":"standard","meta":{"footnotes":""},"categories":[27],"tags":[],"class_list":["post-8297","post","type-post","status-publish","format-standard","has-post-thumbnail","hentry","category-elas-e-o-professor"],"_links":{"self":[{"href":"https:\/\/webvasco.com\/artigos\/wp-json\/wp\/v2\/posts\/8297","targetHints":{"allow":["GET"]}}],"collection":[{"href":"https:\/\/webvasco.com\/artigos\/wp-json\/wp\/v2\/posts"}],"about":[{"href":"https:\/\/webvasco.com\/artigos\/wp-json\/wp\/v2\/types\/post"}],"author":[{"embeddable":true,"href":"https:\/\/webvasco.com\/artigos\/wp-json\/wp\/v2\/users\/7"}],"replies":[{"embeddable":true,"href":"https:\/\/webvasco.com\/artigos\/wp-json\/wp\/v2\/comments?post=8297"}],"version-history":[{"count":2,"href":"https:\/\/webvasco.com\/artigos\/wp-json\/wp\/v2\/posts\/8297\/revisions"}],"predecessor-version":[{"id":8306,"href":"https:\/\/webvasco.com\/artigos\/wp-json\/wp\/v2\/posts\/8297\/revisions\/8306"}],"wp:featuredmedia":[{"embeddable":true,"href":"https:\/\/webvasco.com\/artigos\/wp-json\/wp\/v2\/media\/8304"}],"wp:attachment":[{"href":"https:\/\/webvasco.com\/artigos\/wp-json\/wp\/v2\/media?parent=8297"}],"wp:term":[{"taxonomy":"category","embeddable":true,"href":"https:\/\/webvasco.com\/artigos\/wp-json\/wp\/v2\/categories?post=8297"},{"taxonomy":"post_tag","embeddable":true,"href":"https:\/\/webvasco.com\/artigos\/wp-json\/wp\/v2\/tags?post=8297"}],"curies":[{"name":"wp","href":"https:\/\/api.w.org\/{rel}","templated":true}]}}