{"id":8308,"date":"2017-10-01T17:37:36","date_gmt":"2017-10-01T20:37:36","guid":{"rendered":"http:\/\/webvasco.com\/artigos\/?p=8308"},"modified":"2017-10-01T17:37:56","modified_gmt":"2017-10-01T20:37:56","slug":"forca-chape","status":"publish","type":"post","link":"https:\/\/webvasco.com\/artigos\/colunistas\/luizcarlosrocha\/forca-chape\/","title":{"rendered":"# FOR\u00c7A CHAPE!"},"content":{"rendered":"<div id=\"m_-1103057513836846733yui_3_16_0_ym19_1_1506479999194_467511\"><span id=\"m_-1103057513836846733yui_3_16_0_ym19_1_1506479999194_467512\">Parece que o lema: #FOR\u00c7A CHAPE# n\u00e3o saiu da cabe\u00e7a dos atletas do Vasco da Gama. O time comandado pelo treinador Z\u00e9 Ruela, digo Z\u00e9 Ricardo, obteve \u00eaxito no prop\u00f3sito de levantar mais um time morto no Campeonato Brasileiro. A partida v\u00e1lida pela 26\u00aa Rodada, serviu para ver \u2013 mais uma vez \u2013 que Dom Charuto est\u00e1 mesmo sem respeito, e ponto! Dentro de casa a Chapecoense empatou por 1 a 1 (com um gola\u00e7o de o de Reinaldo, abatendo por completo o goleiro Martin Silva \u00e9 muita falta de acatamento, Andr\u00e9s Rios abriu o placar).<u><\/u><u><\/u><\/span><\/div>\n<div><\/div>\n<div id=\"m_-1103057513836846733yui_3_16_0_ym19_1_1506479999194_467514\"><span id=\"m_-1103057513836846733yui_3_16_0_ym19_1_1506479999194_467515\">Ainda bem que a Imensa Torcida Bem Sofrida (ops), Feliz, n\u00e3o viu, pois o jogo foi com os port\u00f5es fechados, ainda como puni\u00e7\u00e3o contra o Gigante (An\u00e3o) da Colina diante dos Exclu\u00eddos. \u00c9 muita falta de respeito mesmo, n\u00e3o \u00e9 senhor Barriga? Ningu\u00e9m tem mais a m\u00ednima considera\u00e7\u00e3o pelo Cruzmaltino, que dir\u00e1 respeito! Quando poder\u00edamos imaginar que um time pequeno, do Sul do pa\u00eds pudesse vir a S\u00e3o Janu\u00e1rio empatar conosco?<u><\/u><u><\/u><\/span><\/div>\n<div><\/div>\n<div id=\"m_-1103057513836846733yui_3_16_0_ym19_1_1506479999194_467517\"><span id=\"m_-1103057513836846733yui_3_16_0_ym19_1_1506479999194_467518\">Obrigado Dinastia Miranda por apequenar o Vasco da Gama!<u><\/u><u><\/u><\/span><\/div>\n<div><\/div>\n<div id=\"m_-1103057513836846733yui_3_16_0_ym19_1_1506479999194_467520\"><span id=\"m_-1103057513836846733yui_3_16_0_ym19_1_1506479999194_467521\">Mas o que est\u00e1 ruim ainda poder\u00e1 piorar. A pr\u00f3xima partida do Vasco ser\u00e1 dia 11 de outubro, quarta-feira, v\u00e9spera de feriado do Dia das Crian\u00e7as, contra o Ava\u00ed, \u00e0s 21h 45m, na Ressacada, em Santa Catarina. Ou seja, Z\u00e9 Ricardo ter\u00e1 12 dias a contar de ontem (partida contra a Chape), para encarar outra equipe pequena. N\u00e3o importa se o jogo \u00e9 l\u00e1, tem de vencer! Nem empate ser\u00e1 admitido. Para que possa sair da inc\u00f4moda 9\u00aa posi\u00e7\u00e3o na tabela, com 33 pontos ganhos.<u><\/u><u><\/u><\/span><\/div>\n<div><\/div>\n<div id=\"m_-1103057513836846733yui_3_16_0_ym19_1_1506479999194_467523\"><span id=\"m_-1103057513836846733yui_3_16_0_ym19_1_1506479999194_467524\">Depois disso, no dia 14, domingo, o cl\u00e1ssico diante do Botafogo, \u00e0s 19h, em local ainda n\u00e3o definido. A verdade \u00e9 que n\u00e3o venceu a Chape, se tamb\u00e9m n\u00e3o vencer o Ava\u00ed, certamente ser\u00e1 atropelado pela Cachorrada! Que l\u00e1stima! Antes de Dom Charuto perder todo a rever\u00eancia vasca\u00edna, jamais admitia-se nada diferente de 9 dos 9 pontos disputados entre esses 3 times explanados. Mas agora&#8230; \u00a0\u00a0\u00a0\u00a0\u00a0\u00a0\u00a0\u00a0<u><\/u><u><\/u><\/span><\/div>\n<div id=\"m_-1103057513836846733yui_3_16_0_ym19_1_1506479999194_467526\"><span id=\"m_-1103057513836846733yui_3_16_0_ym19_1_1506479999194_467527\"><u><\/u>\u00a0<u><\/u><\/span><\/div>\n<div id=\"m_-1103057513836846733yui_3_16_0_ym19_1_1506479999194_467529\"><b id=\"m_-1103057513836846733yui_3_16_0_ym19_1_1506479999194_467530\"><u id=\"m_-1103057513836846733yui_3_16_0_ym19_1_1506479999194_467531\"><span id=\"m_-1103057513836846733yui_3_16_0_ym19_1_1506479999194_467532\">VERGONHA (MAIS DE 4 ANOS!):<u><\/u><u><\/u><\/span><\/u><\/b><\/div>\n<div id=\"m_-1103057513836846733yui_3_16_0_ym19_1_1506479999194_467534\"><span id=\"m_-1103057513836846733yui_3_16_0_ym19_1_1506479999194_467535\">DEPOIS DE AGUARDAR\u00a0<b id=\"m_-1103057513836846733yui_3_16_0_ym19_1_1506479999194_467536\">\u00a051 MESES, OU SEJA, 4 ANOS E 3 MESES!\u00a0 (CARRO DESDE 10 DE JUNHO DE 2013)<\/b>\u00a0COM O CARRO PRESO NA OFICINA DA ABOLI\u00c7\u00c3O VE\u00cdCULOS COM APENAS 729 KM RODADOS, EM UM PROCESSO COM 8 VOLUMES, NA 1\u00aa VARA CIVEL, DA COMARCA DE NITER\u00d3I\/RJ, REGIONAL OCE\u00c2NICA, A SENTEN\u00c7A FOI INDEFERIR TODOS OS MEUS PEDIDOS E AINDA CONDENAR EM 10% DE CUSTAS JUDICIAIS. OU SEJA, FIQUEI SEM CARRO ESSE TEMPO TODO (MESMO PAGANDO \u00c0 VISTA POR ELE), JUNTEI PROVAS COMO REGISTRO DE OCORR\u00caNCIA DA POL\u00cdCIA CIVIL\/RJ, BOLETIM DE OCORR\u00caNCIA DA POLICIA MILITAR\/RJ, ORDENS DE SERVI\u00c7O, MAIS DE 600 FOTOGRAFIAS, MAIS DE 40 \u00c1UDIOS, NOTAS FISCAIS, NOTAS DE T\u00c1XI, PRONTU\u00c1RIOS M\u00c9DICOS, POIS NESTE PER\u00cdODO TIVE PROBLEMAS DE SA\u00daDE, BEM COMO MEUS FAMILIARES, TENDO UMA FILHA QUE HOJE TEM APENAS 5 ANOS, NA \u00c9POCA POUCO MAIS DE 1 ANINHO. VALE LEMBRAR, QUE OS PRIMEIROS DEFEITOS SE DERAM QUANDO O CARRO TINHA MENOS DE 30 KM RODADOS. TUDO ISSO PARA NADA. QUEM GOSTOU DO RESULTADO DA DOUTA MAGRISTRADA FORAM AS EMPRESAS R\u00c9S \u2013 QUE ME LESARAM \u2013 ABOLI\u00c7\u00c3O VE\u00cdCULOS E VW DO BRASIL (PROCESSO: No 0016370-44.2013.8.19.0212).<u><\/u><u><\/u><\/span><\/div>\n<div id=\"m_-1103057513836846733yui_3_16_0_ym19_1_1506479999194_467538\"><b id=\"m_-1103057513836846733yui_3_16_0_ym19_1_1506479999194_467539\"><span id=\"m_-1103057513836846733yui_3_16_0_ym19_1_1506479999194_467540\">\u00a0<u><\/u><u><\/u><\/span><\/b><\/div>\n<div id=\"m_-1103057513836846733yui_3_16_0_ym19_1_1506479999194_467542\"><b id=\"m_-1103057513836846733yui_3_16_0_ym19_1_1506479999194_467543\"><span id=\"m_-1103057513836846733yui_3_16_0_ym19_1_1506479999194_467544\">\u00a0\u00a0\u00a0\u00a0\u00a0\u00a0\u00a0\u00a0\u00a0\u00a0\u00a0\u00a0\u00a0\u00a0<u><\/u><u><\/u><\/span><\/b><\/div>\n<div id=\"m_-1103057513836846733yui_3_16_0_ym19_1_1506479999194_467546\"><b id=\"m_-1103057513836846733yui_3_16_0_ym19_1_1506479999194_467547\"><span id=\"m_-1103057513836846733yui_3_16_0_ym19_1_1506479999194_467548\">\u00a0\u00a0\u00a0\u00a0\u00a0\u00a0\u00a0\u00a0\u00a0\u00a0\u00a0\u00a0\u00a0\u00a0\u00a0\u00a0\u00a0\u00a0\u00a0\u00a0\u00a0\u00a0\u00a0\u00a0\u00a0\u00a0\u00a0\u00a0\u00a0\u00a0<u><\/u><u><\/u><\/span><\/b><\/div>\n<div id=\"m_-1103057513836846733yui_3_16_0_ym19_1_1506479999194_467325\"><\/div>\n<div id=\"m_-1103057513836846733yui_3_16_0_ym19_1_1506479999194_467550\" dir=\"ltr\"><b id=\"m_-1103057513836846733yui_3_16_0_ym19_1_1506479999194_467551\"><span id=\"m_-1103057513836846733yui_3_16_0_ym19_1_1506479999194_467552\">AP\u00d3S AS TODAS AS PARTIDAS DO VASC\u00c3O EM MEU PERFIL DO FACEBOOK (QUEM QUISER RECEBER AS CR\u00d4NICAS DE PRIMEIRA M\u00c3O \u00c9 S\u00d3 ME ADICIONAR), E NO SITE WEBVASCO (<a href=\"http:\/\/www.webvasco.com\/\" target=\"_blank\" rel=\"noopener noreferrer\" data-saferedirecturl=\"https:\/\/www.google.com\/url?hl=pt-BR&amp;q=http:\/\/www.webvasco.com&amp;source=gmail&amp;ust=1506976357614000&amp;usg=AFQjCNHw_kDIlVUmVbwKzll1VMl-MGVelw\">www.webvasco.com<\/a>), TEM A OPINI\u00c3O DO JORNALISTA LUIZ CARLOS ROCHA. LEIAM! COMPARTILHEM E CURTAM! VASCA\u00cdNOS UNIDOS JAMAIS SER\u00c3O VENCIDOS.<\/span><\/b><\/div>\n","protected":false},"excerpt":{"rendered":"<p>Parece que o lema: #FOR\u00c7A CHAPE# n\u00e3o saiu da cabe\u00e7a dos atletas do Vasco da&#8230;<\/p>\n","protected":false},"author":7,"featured_media":0,"comment_status":"open","ping_status":"closed","sticky":false,"template":"","format":"standard","meta":{"footnotes":""},"categories":[4],"tags":[],"class_list":["post-8308","post","type-post","status-publish","format-standard","hentry","category-luizcarlosrocha"],"_links":{"self":[{"href":"https:\/\/webvasco.com\/artigos\/wp-json\/wp\/v2\/posts\/8308","targetHints":{"allow":["GET"]}}],"collection":[{"href":"https:\/\/webvasco.com\/artigos\/wp-json\/wp\/v2\/posts"}],"about":[{"href":"https:\/\/webvasco.com\/artigos\/wp-json\/wp\/v2\/types\/post"}],"author":[{"embeddable":true,"href":"https:\/\/webvasco.com\/artigos\/wp-json\/wp\/v2\/users\/7"}],"replies":[{"embeddable":true,"href":"https:\/\/webvasco.com\/artigos\/wp-json\/wp\/v2\/comments?post=8308"}],"version-history":[{"count":1,"href":"https:\/\/webvasco.com\/artigos\/wp-json\/wp\/v2\/posts\/8308\/revisions"}],"predecessor-version":[{"id":8309,"href":"https:\/\/webvasco.com\/artigos\/wp-json\/wp\/v2\/posts\/8308\/revisions\/8309"}],"wp:attachment":[{"href":"https:\/\/webvasco.com\/artigos\/wp-json\/wp\/v2\/media?parent=8308"}],"wp:term":[{"taxonomy":"category","embeddable":true,"href":"https:\/\/webvasco.com\/artigos\/wp-json\/wp\/v2\/categories?post=8308"},{"taxonomy":"post_tag","embeddable":true,"href":"https:\/\/webvasco.com\/artigos\/wp-json\/wp\/v2\/tags?post=8308"}],"curies":[{"name":"wp","href":"https:\/\/api.w.org\/{rel}","templated":true}]}}